{"id":93704,"date":"2017-05-31T16:16:43","date_gmt":"2017-05-31T14:16:43","guid":{"rendered":"http:\/\/gazdasagportal.hu\/?p=93704"},"modified":"2017-05-31T16:16:43","modified_gmt":"2017-05-31T14:16:43","slug":"a-punkosd-miatt-valtozik-a-kozossegi-kozlekedes-menetrendje","status":"publish","type":"post","link":"https:\/\/gazdasagportal.hu\/index.php\/a-punkosd-miatt-valtozik-a-kozossegi-kozlekedes-menetrendje\/","title":{"rendered":"A p\u00fcnk\u00f6sd miatt v\u00e1ltozik a k\u00f6z\u00f6ss\u00e9gi k\u00f6zleked\u00e9s menetrendje"},"content":{"rendered":"<p><strong>V\u00e1ltozik a k\u00f6z\u00f6ss\u00e9gi k\u00f6zleked\u00e9s menetrendje a p\u00fcnk\u00f6sd miatt, h\u00e9tf\u0151n a M\u00c1V vonatai vas\u00e1rnapi, a Budapesti K\u00f6zleked\u00e9si K\u00f6zpont (BKK) j\u00e1ratai \u00fcnnepnapi menetrend szerint j\u00e1rnak.<\/strong><!--more--><\/p>\n<div class=\"ads-in-post1\"><div id=\"gazdasagportal.hu_fullbanner_wideboard\"><\/div>\r\n<\/div>\n<p>    A M\u00c1V szerdai, az MTI-hez eljuttatott k\u00f6zlem\u00e9nye szerint j\u00fanius 4-\u00e9n (vas\u00e1rnap) az \u00fcnnepnapi, 5-\u00e9n (h\u00e9tf\u0151n) a vas\u00e1rnapi, 6-\u00e1n (kedden) pedig a munkanapi menetrend szerint k\u00f6zlekednek a vonatok. Az utasforgalmi ig\u00e9nyekhez igazodva \u00e9s a helyfoglal\u00e1sok alakul\u00e1sa alapj\u00e1n a M\u00c1V-Start a lehet\u0151s\u00e9gekhez m\u00e9rten az InterCity vonatokhoz pluszkocsikat kapcsol.<br \/>\n    K\u00f6z\u00f6lt\u00e9k tov\u00e1bb\u00e1, hogy a m\u00e1jusi vas\u00fati b\u00e9rletek k\u00e9t nappal tov\u00e1bb, j\u00fanius 7-\u00e9n \u00e9jf\u00e9lig \u00e9rv\u00e9nyesek; a Nemzeti Fejleszt\u00e9si Miniszt\u00e9rium a p\u00fcnk\u00f6sdi \u00fcnneppel h\u00e1romnaposs\u00e1 ny\u00fal\u00f3 h\u00e9tv\u00e9g\u00e9re tekintettel meghosszabb\u00edtotta a m\u00e1jusra sz\u00f3l\u00f3 vas\u00fati havi \u00e9s m\u00e1sodik f\u00e9lhavi dolgoz\u00f3i \u00e9s tanul\u00f3i havib\u00e9rletek \u00e9rv\u00e9nyess\u00e9gi idej\u00e9t.<br \/>\n    A BKK t\u00e1j\u00e9koztat\u00e1sa szerint vas\u00e1rnap \u00e9s h\u00e9tf\u0151n a f\u0151v\u00e1rosi k\u00f6z\u00f6ss\u00e9gi k\u00f6zleked\u00e9s j\u00e1ratai az \u00fcnnepnapokon \u00e9rv\u00e9nyes menetrend szerint indulnak. A z\u00e1rva tart\u00f3 bev\u00e1s\u00e1rl\u00f3k\u00f6zpontokn\u00e1l a buszj\u00e1ratok nem \u00e1llnak meg. P\u00fcnk\u00f6sdvas\u00e1rnap az \u00e9jszakai j\u00e1ratok a szombaton \u00e9rv\u00e9nyes menetrendj\u00fck szerint k\u00f6zlekednek.(MTI)<\/p>\n","protected":false},"excerpt":{"rendered":"<p>V\u00e1ltozik a k\u00f6z\u00f6ss\u00e9gi k\u00f6zleked\u00e9s menetrendje a p\u00fcnk\u00f6sd miatt, h\u00e9tf\u0151n a M\u00c1V vonatai vas\u00e1rnapi, a Budapesti K\u00f6zleked\u00e9si K\u00f6zpont (BKK) j\u00e1ratai \u00fcnnepnapi menetrend szerint j\u00e1rnak.<\/p>\n","protected":false},"author":1,"featured_media":0,"comment_status":"closed","ping_status":"open","sticky":false,"template":"","format":"standard","meta":[],"categories":[4],"tags":[],"_links":{"self":[{"href":"https:\/\/gazdasagportal.hu\/index.php\/wp-json\/wp\/v2\/posts\/93704"}],"collection":[{"href":"https:\/\/gazdasagportal.hu\/index.php\/wp-json\/wp\/v2\/posts"}],"about":[{"href":"https:\/\/gazdasagportal.hu\/index.php\/wp-json\/wp\/v2\/types\/post"}],"author":[{"embeddable":true,"href":"https:\/\/gazdasagportal.hu\/index.php\/wp-json\/wp\/v2\/users\/1"}],"replies":[{"embeddable":true,"href":"https:\/\/gazdasagportal.hu\/index.php\/wp-json\/wp\/v2\/comments?post=93704"}],"version-history":[{"count":1,"href":"https:\/\/gazdasagportal.hu\/index.php\/wp-json\/wp\/v2\/posts\/93704\/revisions"}],"predecessor-version":[{"id":93705,"href":"https:\/\/gazdasagportal.hu\/index.php\/wp-json\/wp\/v2\/posts\/93704\/revisions\/93705"}],"wp:attachment":[{"href":"https:\/\/gazdasagportal.hu\/index.php\/wp-json\/wp\/v2\/media?parent=93704"}],"wp:term":[{"taxonomy":"category","embeddable":true,"href":"https:\/\/gazdasagportal.hu\/index.php\/wp-json\/wp\/v2\/categories?post=93704"},{"taxonomy":"post_tag","embeddable":true,"href":"https:\/\/gazdasagportal.hu\/index.php\/wp-json\/wp\/v2\/tags?post=93704"}],"curies":[{"name":"wp","href":"https:\/\/api.w.org\/{rel}","templated":true}]}}