{"id":93687,"date":"2017-05-31T11:47:36","date_gmt":"2017-05-31T09:47:36","guid":{"rendered":"http:\/\/gazdasagportal.hu\/?p=93687"},"modified":"2017-05-31T11:47:36","modified_gmt":"2017-05-31T09:47:36","slug":"palmuranal-szarnyas-raketakkal-tamadta-az-orosz-hadiflotta-az-iszlam-allamot","status":"publish","type":"post","link":"https:\/\/gazdasagportal.hu\/index.php\/palmuranal-szarnyas-raketakkal-tamadta-az-orosz-hadiflotta-az-iszlam-allamot\/","title":{"rendered":"Palm\u00fcr\u00e1n\u00e1l sz\u00e1rnyas rak\u00e9t\u00e1kkal t\u00e1madta az orosz hadiflotta az Iszl\u00e1m \u00c1llamot"},"content":{"rendered":"<p><strong>N\u00e9gy man\u0151verez\u0151 robotrep\u00fcl\u0151g\u00e9ppel m\u00e9rt csap\u00e1st az orosz haditenger\u00e9szet az Iszl\u00e1m \u00c1llam (I\u00c1) terrorszervezet objektumaira a sz\u00edriai Palm\u00fcra k\u00f6zel\u00e9ben &#8211; k\u00f6z\u00f6lte kedden az orosz v\u00e9delmi miniszt\u00e9rium.<\/strong><!--more--><\/p>\n<div class=\"ads-in-post1\"><div id=\"gazdasagportal.hu_fullbanner_wideboard\"><\/div>\r\n<\/div>\n<p>    A Kalibr t\u00edpus\u00fa robotrep\u00fcl\u0151g\u00e9peket az Admiral Esszen fregattr\u00f3l \u00e9s a Krasznod\u00e1r tengeralattj\u00e1r\u00f3r\u00f3l ind\u00edtott\u00e1k, a F\u00f6ldk\u00f6zi-tenger keleti medenc\u00e9j\u00e9b\u0151l. A moszkvai v\u00e9delmi t\u00e1rca szerint az \u00f6sszes c\u00e9l megsemmis\u00fclt.<br \/>\n    A katonai csap\u00e1s c\u00e9lpontjai a k\u00f6zlem\u00e9ny szerint olyan fedez\u00e9kek voltak Palm\u00fcr\u00e1t\u00f3l keletre, amelyek a Rakk\u00e1b\u00f3l \u00e1tdobott terrorist\u00e1k neh\u00e9z haditechnikai eszk\u00f6zeit \u00e9s \u00e9l\u0151erej\u00e9t rejtett\u00e9k.<br \/>\n    Az akci\u00f3r\u00f3l az amerikai, a t\u00f6r\u00f6k \u00e9s az izraeli vez\u00e9rkart el\u0151re \u00e9rtes\u00edtett\u00e9k.<br \/>\n    A sikeres t\u00e1mad\u00e1sr\u00f3l Szergej Sojgu v\u00e9delmi miniszter &#8211; mint azt Dmitrij Peszkov, a Kreml sz\u00f3viv\u0151je k\u00f6z\u00f6lte &#8211; helyi id\u0151 szerint h\u00e9tf\u0151n k\u00e9s\u0151 este tett jelent\u00e9st Vlagyimir Putyin orosz eln\u00f6knek.<br \/>\n    Az orosz v\u00e9delmi t\u00e1rca m\u00falt szombaton arr\u00f3l sz\u00e1molt be, hogy a l\u00e9gier\u0151 k\u00e9t nappal kor\u00e1bban csap\u00e1st m\u00e9rt az I\u00c1 konvoj\u00e1ra, amely a terrorszervezet sz\u00edriai fellegv\u00e1r\u00e1b\u00f3l, Rakk\u00e1b\u00f3l tartott Palm\u00fcra ir\u00e1ny\u00e1ba. Az akkori k\u00f6zl\u00e9s szerint az orosz l\u00e9gicsap\u00e1s v\u00e9gzett t\u00f6bb mint 120 sz\u00e9ls\u0151s\u00e9gessel \u00e9s megsemmis\u00edtett 32, neh\u00e9z g\u00e9ppusk\u00e1kkal felszerelt kisteheraut\u00f3t.<br \/>\n    A RIA Novosztyi h\u00edr\u00fcgyn\u00f6ks\u00e9gnek nyilatkoz\u00f3 miniszt\u00e9riumi forr\u00e1s szombaton azt a magyar\u00e1zatot f\u0171zte a l\u00e9gicsap\u00e1shoz, hogy az Iszl\u00e1m \u00c1llam meg\u00e1llapodott a Sz\u00edriai Demokratikus Er\u0151k (SDF) k\u00f6tel\u00e9k\u00e9ben harcol\u00f3 kurdokkal, hogy megnyitnak sz\u00e1mukra egy &#8222;d\u00e9li folyos\u00f3t&#8221;, amelyen szabadon elvonulhatnak Rakk\u00e1b\u00f3l Palm\u00fcra ir\u00e1ny\u00e1ba. Az orosz l\u00e9gier\u0151 ezt akad\u00e1lyozta meg t\u00e1mad\u00e1s\u00e1val.<br \/>\n    Az \u00f3kori romjair\u00f3l nevezetes Palm\u00fcr\u00e1t az I\u00c1 fegyveresei el\u0151sz\u00f6r 2015 m\u00e1jus\u00e1ban foglalt\u00e1k el, a sivatagi telep\u00fcl\u00e9sen sz\u00e1mos m\u0171eml\u00e9ket megsemmis\u00edtettek, \u00e9s t\u00f6meges kiv\u00e9gz\u00e9seket hajtottak v\u00e9gre az ottani amfite\u00e1trumban. Tavaly m\u00e1rciusban orosz l\u00e9gi t\u00e1mogat\u00e1ssal el\u0171zt\u00e9k \u0151ket, de az iszlamist\u00e1k decemberben ism\u00e9t bevett\u00e9k a v\u00e1rost. Id\u00e9n m\u00e1rciusban a sz\u00edriai hadsereg azonban \u00fajb\u00f3l visszafoglalta Palm\u00fcr\u00e1t.(MTI)<\/p>\n","protected":false},"excerpt":{"rendered":"<p>N\u00e9gy man\u0151verez\u0151 robotrep\u00fcl\u0151g\u00e9ppel m\u00e9rt csap\u00e1st az orosz haditenger\u00e9szet az Iszl\u00e1m \u00c1llam (I\u00c1) terrorszervezet objektumaira a sz\u00edriai Palm\u00fcra k\u00f6zel\u00e9ben &#8211; k\u00f6z\u00f6lte kedden az orosz v\u00e9delmi miniszt\u00e9rium.<\/p>\n","protected":false},"author":1,"featured_media":0,"comment_status":"closed","ping_status":"open","sticky":false,"template":"","format":"standard","meta":[],"categories":[16],"tags":[],"_links":{"self":[{"href":"https:\/\/gazdasagportal.hu\/index.php\/wp-json\/wp\/v2\/posts\/93687"}],"collection":[{"href":"https:\/\/gazdasagportal.hu\/index.php\/wp-json\/wp\/v2\/posts"}],"about":[{"href":"https:\/\/gazdasagportal.hu\/index.php\/wp-json\/wp\/v2\/types\/post"}],"author":[{"embeddable":true,"href":"https:\/\/gazdasagportal.hu\/index.php\/wp-json\/wp\/v2\/users\/1"}],"replies":[{"embeddable":true,"href":"https:\/\/gazdasagportal.hu\/index.php\/wp-json\/wp\/v2\/comments?post=93687"}],"version-history":[{"count":1,"href":"https:\/\/gazdasagportal.hu\/index.php\/wp-json\/wp\/v2\/posts\/93687\/revisions"}],"predecessor-version":[{"id":93688,"href":"https:\/\/gazdasagportal.hu\/index.php\/wp-json\/wp\/v2\/posts\/93687\/revisions\/93688"}],"wp:attachment":[{"href":"https:\/\/gazdasagportal.hu\/index.php\/wp-json\/wp\/v2\/media?parent=93687"}],"wp:term":[{"taxonomy":"category","embeddable":true,"href":"https:\/\/gazdasagportal.hu\/index.php\/wp-json\/wp\/v2\/categories?post=93687"},{"taxonomy":"post_tag","embeddable":true,"href":"https:\/\/gazdasagportal.hu\/index.php\/wp-json\/wp\/v2\/tags?post=93687"}],"curies":[{"name":"wp","href":"https:\/\/api.w.org\/{rel}","templated":true}]}}