{"id":93685,"date":"2017-05-31T11:14:01","date_gmt":"2017-05-31T09:14:01","guid":{"rendered":"http:\/\/gazdasagportal.hu\/?p=93685"},"modified":"2017-05-31T11:14:01","modified_gmt":"2017-05-31T09:14:01","slug":"tobbfelol-erkezik-tamadas-a-magyar-hatarzar-ellen","status":"publish","type":"post","link":"https:\/\/gazdasagportal.hu\/index.php\/tobbfelol-erkezik-tamadas-a-magyar-hatarzar-ellen\/","title":{"rendered":"T\u00f6bbfel\u0151l \u00e9rkezik t\u00e1mad\u00e1s a magyar hat\u00e1rz\u00e1r ellen"},"content":{"rendered":"<p><strong>T\u00f6bbfel\u0151l \u00e9rkezik t\u00e1mad\u00e1s a magyar hat\u00e1rz\u00e1r ellen, \u00edgy az Eur\u00f3pai Bizotts\u00e1gt\u00f3l \u00e9s az Eur\u00f3pai Parlamentt\u0151l (EP) is &#8211; mondta a korm\u00e1nyzati kommunik\u00e1ci\u00f3\u00e9rt felel\u0151s \u00e1llamtitk\u00e1r szerd\u00e1n az M1 aktu\u00e1lis csatorn\u00e1n. Tuzson Bence arr\u00f3l is besz\u00e9lt, hogy a nemzeti konzult\u00e1ci\u00f3 k\u00e9rd\u0151\u00edveit szerd\u00e1n m\u00e9g ki lehet t\u00f6lteni.<\/strong><!--more--><\/p>\n<div class=\"ads-in-post1\"><div id=\"gazdasagportal.hu_fullbanner_wideboard\"><\/div>\r\n<\/div>\n<p>    Az \u00e1llamtitk\u00e1r hangs\u00falyozta: a schengeni hat\u00e1rt minden orsz\u00e1gnak meg kell v\u00e9denie, \u00e9s van egy politikai t\u00f6rekv\u00e9s, amely &#8222;id\u0151nk\u00e9nt jogi k\u00f6nt\u00f6sbe b\u00fajik&#8221;, hogy az Eur\u00f3pai Uni\u00f3 v\u00e1ltoztassa meg a bev\u00e1ndorl\u00e1spolitik\u00e1t, engedjen be mindenkit az EU ter\u00fclet\u00e9re. A bizotts\u00e1g k\u00f6telezetts\u00e9gszeg\u00e9si elj\u00e1r\u00e1st ind\u00edtott Magyarorsz\u00e1g ellen, amelynek l\u00e9nyege, hogy &#8222;sz\u00fcntess\u00fck meg a tranzitz\u00f3n\u00e1kat&#8221;, az EP pedig hozott egy hat\u00e1rozatot, amely t\u00e1madja a magyar hat\u00e1r\u0151rizeti rendszert \u00e9s &#8222;v\u00e9delm\u00e9be vett egy terrorist\u00e1t&#8221; &#8211; tette hozz\u00e1.<br \/>\n    Tuzson Bence szerint a magyar bev\u00e1ndorl\u00e1spolitika eredm\u00e9nyeit akarj\u00e1k megsz\u00fcntetni.<br \/>\n    Kiemelte azt is, hogy a Magyarorsz\u00e1g bev\u00e1ndorl\u00e1spolitik\u00e1ja akkor lehet sikeres, ha az emberek t\u00e1mogat\u00e1s\u00e1t maga m\u00f6g\u00f6tt tudja; ezzel kapcsolatban eml\u00edtette, hogy a nemzeti konzult\u00e1ci\u00f3 k\u00e9rd\u0151\u00edveit szerd\u00e1n m\u00e9g ki lehet t\u00f6lteni.(MTI)<\/p>\n","protected":false},"excerpt":{"rendered":"<p>T\u00f6bbfel\u0151l \u00e9rkezik t\u00e1mad\u00e1s a magyar hat\u00e1rz\u00e1r ellen, \u00edgy az Eur\u00f3pai Bizotts\u00e1gt\u00f3l \u00e9s az Eur\u00f3pai Parlamentt\u0151l (EP) is &#8211; mondta a korm\u00e1nyzati kommunik\u00e1ci\u00f3\u00e9rt felel\u0151s \u00e1llamtitk\u00e1r szerd\u00e1n az M1 aktu\u00e1lis csatorn\u00e1n. Tuzson Bence arr\u00f3l is besz\u00e9lt, hogy a nemzeti konzult\u00e1ci\u00f3 k\u00e9rd\u0151\u00edveit szerd\u00e1n m\u00e9g ki lehet t\u00f6lteni.<\/p>\n","protected":false},"author":1,"featured_media":0,"comment_status":"closed","ping_status":"open","sticky":false,"template":"","format":"standard","meta":[],"categories":[4,18],"tags":[],"_links":{"self":[{"href":"https:\/\/gazdasagportal.hu\/index.php\/wp-json\/wp\/v2\/posts\/93685"}],"collection":[{"href":"https:\/\/gazdasagportal.hu\/index.php\/wp-json\/wp\/v2\/posts"}],"about":[{"href":"https:\/\/gazdasagportal.hu\/index.php\/wp-json\/wp\/v2\/types\/post"}],"author":[{"embeddable":true,"href":"https:\/\/gazdasagportal.hu\/index.php\/wp-json\/wp\/v2\/users\/1"}],"replies":[{"embeddable":true,"href":"https:\/\/gazdasagportal.hu\/index.php\/wp-json\/wp\/v2\/comments?post=93685"}],"version-history":[{"count":1,"href":"https:\/\/gazdasagportal.hu\/index.php\/wp-json\/wp\/v2\/posts\/93685\/revisions"}],"predecessor-version":[{"id":93686,"href":"https:\/\/gazdasagportal.hu\/index.php\/wp-json\/wp\/v2\/posts\/93685\/revisions\/93686"}],"wp:attachment":[{"href":"https:\/\/gazdasagportal.hu\/index.php\/wp-json\/wp\/v2\/media?parent=93685"}],"wp:term":[{"taxonomy":"category","embeddable":true,"href":"https:\/\/gazdasagportal.hu\/index.php\/wp-json\/wp\/v2\/categories?post=93685"},{"taxonomy":"post_tag","embeddable":true,"href":"https:\/\/gazdasagportal.hu\/index.php\/wp-json\/wp\/v2\/tags?post=93685"}],"curies":[{"name":"wp","href":"https:\/\/api.w.org\/{rel}","templated":true}]}}