{"id":93629,"date":"2017-05-30T10:58:17","date_gmt":"2017-05-30T08:58:17","guid":{"rendered":"http:\/\/gazdasagportal.hu\/?p=93629"},"modified":"2017-05-30T10:58:17","modified_gmt":"2017-05-30T08:58:17","slug":"veronai-baleset-mabisz-a-groupama-a-biroi-gyakorlatban-megitelt-legmagasabb-osszegeket-fizette-a-karosultaknak","status":"publish","type":"post","link":"https:\/\/gazdasagportal.hu\/index.php\/veronai-baleset-mabisz-a-groupama-a-biroi-gyakorlatban-megitelt-legmagasabb-osszegeket-fizette-a-karosultaknak\/","title":{"rendered":"Veronai baleset &#8211; Mabisz: a Groupama a b\u00edr\u00f3i gyakorlatban meg\u00edt\u00e9lt legmagasabb \u00f6sszegeket fizette a k\u00e1rosultaknak"},"content":{"rendered":"<p><strong>A Magyarorsz\u00e1gon ilyenkor szok\u00e1sos, a b\u00edr\u00f3i gyakorlatban meg\u00edt\u00e9lt legmagasabb \u00f6sszegeket fizette \u00e9s fizeti ki a janu\u00e1ri veronai buszbaleset k\u00e1rosultjainak a Groupama Biztos\u00edt\u00f3, a Magyar Biztos\u00edt\u00f3k Sz\u00f6vets\u00e9g\u00e9nek (Mabisz) szak\u00e9rt\u0151inek adatai szerint &#8211; k\u00f6z\u00f6lte a Mabisz kedden az MTI-vel.<\/strong><!--more--><\/p>\n<div class=\"ads-in-post1\"><div id=\"gazdasagportal.hu_fullbanner_wideboard\"><\/div>\r\n<\/div>\n<p>    A Mabisz arra reag\u00e1lt, hogy az elm\u00falt napokban a sajt\u00f3ban t\u00f6bb h\u00edr jelent meg arr\u00f3l, hogy a k\u00e1rosultak m\u00e9ltatlanul alacsonynak tartj\u00e1k a k\u00e1rt\u00e9r\u00edt\u00e9st.<br \/>\n    A Mabisz \u00e1ll\u00e1sfoglal\u00e1s\u00e1ban hangs\u00falyozza: nemcsak az \u00e9rintett biztos\u00edt\u00f3k, hanem a teljes szakma \u00e9s a sz\u00f6vets\u00e9g is kiemelten kezeli a rendk\u00edv\u00fcl tragikus esetet, \u00e1t\u00e9rezve a hozz\u00e1tartoz\u00f3k f\u00e1jdalm\u00e1t. A k\u00e1rt\u00e9r\u00edt\u00e9si folyamat a biztos\u00edt\u00f3 oldal\u00e1r\u00f3l nem z\u00e1rult le, a tart\u00f3s gy\u00f3gykezel\u00e9sre szorul\u00f3 s\u00e9r\u00fclteknek sz\u00fcks\u00e9g eset\u00e9n \u00e9let\u00fck v\u00e9g\u00e9ig fedezni kell a gy\u00f3gykezel\u00e9ssel kapcsolatos kiad\u00e1sokat. Az \u00fcgyint\u00e9z\u00e9s t\u00f6bb szerepl\u0151s, \u00f6sszetett, \u00e9s id\u0151ben elh\u00faz\u00f3d\u00f3 folyamat, ennek l\u00e9p\u00e9sei szigor\u00faan szab\u00e1lyozottak &#8211; \u00edrt\u00e1k.<br \/>\n    A Mabisz \u00e1ttekintette a k\u00e1rrendez\u00e9s eddigi menet\u00e9t,\u00e9s  \u00fagy l\u00e1tja, hogy a Groupama Biztos\u00edt\u00f3 elk\u00f6telezett abban, hogy a trag\u00e9dia s\u00e9r\u00fcltjei, \u00e1ldozatai \u00e9s a hozz\u00e1tartoz\u00f3k sz\u00e1m\u00e1ra maxim\u00e1lis seg\u00edts\u00e9get ny\u00fajtson, ez\u00e9rt javasolja, hogy mindenki, aki az \u00fcgyben \u00e9rintett, forduljon tov\u00e1bbra is bizalommal a biztos\u00edt\u00f3t\u00e1rsas\u00e1ghoz.<br \/>\n    A Groupama Biztos\u00edt\u00f3 a s\u00e9r\u00fcltek \u00e9s az \u00e1ldozatok sz\u00e1m\u00e1ra k\u00fcl\u00f6n telefonvonalat hozott l\u00e9tre, emellett erre a c\u00e9lra kialak\u00edtott e-mail-c\u00edmen fogadja a csal\u00e1dok k\u00e9rd\u00e9seit, \u00e9szrev\u00e9teleit, tov\u00e1bb\u00e1 kiemelt k\u00e1rrendez\u0151-szak\u00e9rt\u0151 koll\u00e9g\u00e1k foglalkoznak a tragikus veronai baleset k\u00e1r\u00fcgyint\u00e9z\u00e9s\u00e9vel &#8211; \u00edrt\u00e1k.<br \/>\n    Kit\u00e9rtek arra is, hogy a k\u00f6zv\u00e9lem\u00e9ny elv\u00e1rja, hogy az \u00fcgy r\u00e9szleteivel kapcsolatban megfelel\u0151 t\u00e1j\u00e9koztat\u00e1st kapjon. Ugyanakkor a biztos\u00edt\u00f3k m\u0171k\u00f6d\u00e9s\u00e9t szigor\u00fa titoktart\u00e1si el\u0151\u00edr\u00e1sok szab\u00e1lyozz\u00e1k, amelyek a  biztos\u00edt\u00f3 r\u00e9sz\u00e9r\u0151l nem teszik lehet\u0151v\u00e9 az egyes k\u00e1r\u00fcgyek \u00e9s azok adatainak  nyilv\u00e1noss\u00e1gra hozatal\u00e1t. \u00cdgy \u00e1ltal\u00e1nos \u00e9s jogi inform\u00e1ci\u00f3kat tud a biztos\u00edt\u00f3 \u00e9s maga a sz\u00f6vets\u00e9g is nyilv\u00e1noss\u00e1gra hozni.<br \/>\n    A k\u00e1rt\u00e9r\u00edt\u00e9si, k\u00e1renyh\u00edt\u00e9si \u00f6sszeg t\u00f6bb t\u00e9telb\u0151l \u00e1ll. A dologi \u00e9s a szem\u00e9lyi k\u00e1rok egy r\u00e9sze &#8211; mint p\u00e9ld\u00e1ul a megsemmis\u00fclt poggy\u00e1szok k\u00f6lts\u00e9ge -, viszonylag gyorsan \u00e9s pontosan sz\u00e1mszer\u0171s\u00edthet\u0151. Van azonban az \u00fagynevezett s\u00e9relemd\u00edj, amelynek egzakt \u00f6sszeg\u00e9t egy ilyen trag\u00e9dia eset\u00e9ben nagyon neh\u00e9z meg\u00e1llap\u00edtani. Az \u00faj polg\u00e1ri t\u00f6rv\u00e9nyk\u00f6nyv is csak annyit mond ki, hogy szem\u00e9lyenk\u00e9nt kell kezelni a k\u00e1resetet, minden k\u00f6zeli hozz\u00e1tartoz\u00f3nak k\u00e1rt\u00e9r\u00edt\u00e9st ny\u00fajtva.<br \/>\n    A biztos\u00edt\u00f3nak nem csak a trag\u00e9di\u00e1ban \u00e9rintettekkel kell tartania a kapcsolatot, de a hat\u00f3s\u00e1gokkal, k\u00f3rh\u00e1zakkal is, illetve a gy\u00e1mhat\u00f3s\u00e1gt\u00f3l is be kell szereznie a megfelel\u0151 hozz\u00e1j\u00e1rul\u00e1sokat.<br \/>\n    A magyarorsz\u00e1gi biztos\u00edt\u00f3k az ilyen kiemelt esetekben arra t\u00f6rekednek, hogy a jogszab\u00e1lyokban megengedett hat\u00e1rid\u0151k\u00f6n j\u00f3val bel\u00fcl maradva tegy\u00e9k meg a sz\u00fcks\u00e9ges k\u00e1rrendez\u00e9si l\u00e9p\u00e9seket &#8211; \u00edrta a Mabisz.<br \/>\n    Janu\u00e1r 20-\u00e1n \u00e9jjel az olaszorsz\u00e1gi Verona k\u00f6zel\u00e9ben szenvedett balesetet egy magyar fiatalokat sz\u00e1ll\u00edt\u00f3 aut\u00f3busz. A buszon \u00f6tvenhatan utaztak, 43 gyermek, 11 feln\u0151tt \u00e9s a k\u00e9t sof\u0151r. A szerencs\u00e9tlens\u00e9gben tizenheten \u00e9let\u00fcket vesztett\u00e9k. A buszon t\u00f6bbs\u00e9g\u00e9ben a budapesti Szinyei Merse P\u00e1l Gimn\u00e1zium tanul\u00f3i, volt di\u00e1kok, tan\u00e1rok \u00e9s egyik\u00fck csal\u00e1dja utazott.(MTI)<\/p>\n","protected":false},"excerpt":{"rendered":"<p>A Magyarorsz\u00e1gon ilyenkor szok\u00e1sos, a b\u00edr\u00f3i gyakorlatban meg\u00edt\u00e9lt legmagasabb \u00f6sszegeket fizette \u00e9s fizeti ki a janu\u00e1ri veronai buszbaleset k\u00e1rosultjainak a Groupama Biztos\u00edt\u00f3, a Magyar Biztos\u00edt\u00f3k Sz\u00f6vets\u00e9g\u00e9nek (Mabisz) szak\u00e9rt\u0151inek adatai szerint &#8211; k\u00f6z\u00f6lte a Mabisz kedden az MTI-vel.<\/p>\n","protected":false},"author":1,"featured_media":0,"comment_status":"closed","ping_status":"open","sticky":false,"template":"","format":"standard","meta":[],"categories":[51,19],"tags":[],"_links":{"self":[{"href":"https:\/\/gazdasagportal.hu\/index.php\/wp-json\/wp\/v2\/posts\/93629"}],"collection":[{"href":"https:\/\/gazdasagportal.hu\/index.php\/wp-json\/wp\/v2\/posts"}],"about":[{"href":"https:\/\/gazdasagportal.hu\/index.php\/wp-json\/wp\/v2\/types\/post"}],"author":[{"embeddable":true,"href":"https:\/\/gazdasagportal.hu\/index.php\/wp-json\/wp\/v2\/users\/1"}],"replies":[{"embeddable":true,"href":"https:\/\/gazdasagportal.hu\/index.php\/wp-json\/wp\/v2\/comments?post=93629"}],"version-history":[{"count":1,"href":"https:\/\/gazdasagportal.hu\/index.php\/wp-json\/wp\/v2\/posts\/93629\/revisions"}],"predecessor-version":[{"id":93630,"href":"https:\/\/gazdasagportal.hu\/index.php\/wp-json\/wp\/v2\/posts\/93629\/revisions\/93630"}],"wp:attachment":[{"href":"https:\/\/gazdasagportal.hu\/index.php\/wp-json\/wp\/v2\/media?parent=93629"}],"wp:term":[{"taxonomy":"category","embeddable":true,"href":"https:\/\/gazdasagportal.hu\/index.php\/wp-json\/wp\/v2\/categories?post=93629"},{"taxonomy":"post_tag","embeddable":true,"href":"https:\/\/gazdasagportal.hu\/index.php\/wp-json\/wp\/v2\/tags?post=93629"}],"curies":[{"name":"wp","href":"https:\/\/api.w.org\/{rel}","templated":true}]}}