{"id":93559,"date":"2017-05-28T08:06:10","date_gmt":"2017-05-28T06:06:10","guid":{"rendered":"http:\/\/gazdasagportal.hu\/?p=93559"},"modified":"2017-05-27T20:07:14","modified_gmt":"2017-05-27T18:07:14","slug":"g7-csucs-a-sajat-hatarok-vedelmenek-jogat-hangsulyozza-a-g7-csucs-zaronyilatkozata","status":"publish","type":"post","link":"https:\/\/gazdasagportal.hu\/index.php\/g7-csucs-a-sajat-hatarok-vedelmenek-jogat-hangsulyozza-a-g7-csucs-zaronyilatkozata\/","title":{"rendered":"G7-cs\u00facs &#8211; A saj\u00e1t hat\u00e1rok v\u00e9delm\u00e9nek jog\u00e1t hangs\u00falyozza a G7-cs\u00facs z\u00e1r\u00f3nyilatkozata"},"content":{"rendered":"<p><strong>A migr\u00e1nsok jogainak elismer\u00e9s\u00e9vel egy\u00fctt az \u00e1llamok saj\u00e1t hat\u00e1raik ellen\u0151rz\u00e9s\u00e9hez val\u00f3 szuver\u00e9n jog\u00e1t is hangs\u00falyozza a G7-csoport taorminai cs\u00facstal\u00e1lkoz\u00f3j\u00e1nak szombati z\u00e1r\u00f3nyilatkozata, amelyb\u0151l kider\u00fcl, hogy a p\u00e1rizsi kl\u00edmaegyezm\u00e9ny k\u00e9rd\u00e9s\u00e9ben meg\u00e1llapod\u00e1s n\u00e9lk\u00fcl z\u00e1rult a cs\u00facs.<\/strong><!--more--><\/p>\n<div class=\"ads-in-post1\"><div id=\"gazdasagportal.hu_fullbanner_wideboard\"><\/div>\r\n<\/div>\n<p>    A cs\u00facstal\u00e1lkoz\u00f3 eredm\u00e9nyes volt, igazi vita zajlott &#8211; mondta sajt\u00f3t\u00e1j\u00e9koztat\u00f3j\u00e1n Paolo Gentiloni olasz minisztereln\u00f6k.<br \/>\n    A h\u00e1zigazda olasz politikus mindazon\u00e1ltal a p\u00e9nteken elfogadott terrorizmusellenes nyilatkozatot nevezte a cs\u00facs legjelent\u0151sebb eredm\u00e9ny\u00e9nek. Hozz\u00e1tette, ezen k\u00edv\u00fcl &#8222;kisebb eredm\u00e9nyek&#8221; sz\u00fclettek. Ezek k\u00f6z\u00f6tt azt a G7-es programot eml\u00edtette, amely fiatal afrikai v\u00e1llalkoz\u00f3k k\u00e9pz\u00e9s\u00e9t c\u00e9lozza.<br \/>\n    Gentiloni elismerte, hogy a cs\u00facson nem sz\u00fcletett meg\u00e1llapod\u00e1s a p\u00e1rizsi kl\u00edmaegyezm\u00e9nyr\u0151l: &#8222;hatan egyet\u00e9rtett\u00fcnk, az USA m\u00e9g nem foglalt \u00e1ll\u00e1st&#8221;. Az olasz korm\u00e1nyf\u0151 azt mondta, &#8222;halv\u00e1ny fogalma&#8221; sincsen, az amerikai f\u00e9l mennyi id\u0151 alatt hozza meg d\u00f6nt\u00e9s\u00e9t&#8221;. Kijelentette, &#8222;minden lehets\u00e9ges eszk\u00f6zzel&#8221; igyekeztek hatni az amerikai f\u00e9lre, hangs\u00falyozva, hogy az \u00e9ghajlatv\u00e1ltoz\u00e1s probl\u00e9m\u00e1ja nem kiz\u00e1r\u00f3lag bolyg\u00f3nk j\u00f6v\u0151j\u00e9r\u0151l sz\u00f3l, hanem rendk\u00edv\u00fcli gazdas\u00e1gi lehet\u0151s\u00e9geket is k\u00edn\u00e1l. Paolo Gentiloni megjegyezte, hogy az \u00e9ghajlatv\u00e1ltoz\u00e1s \u00e9s a migr\u00e1ci\u00f3 kapcsolatban \u00e1ll egym\u00e1ssal.<br \/>\n    A kijelentette, a Szic\u00edli\u00e1ban rendezett tal\u00e1lkoz\u00f3nak feladata volt, hogy a &#8222;humanit\u00e1rius befogad\u00e1sra&#8221; eml\u00e9keztessen, de ezen a cs\u00facson nem zajlott &#8222;k\u00fcl\u00f6n\u00f6sebb vita a migr\u00e1ci\u00f3r\u00f3l&#8221;. Hozz\u00e1tette, hogy Afrika azonban k\u00f6zponti t\u00e9mak\u00e9nt szerepelt.<br \/>\n    Olasz sajt\u00f3\u00e9rtes\u00fcl\u00e9sek szerint a r\u00f3mai korm\u00e1ny k\u00fcl\u00f6n migr\u00e1ci\u00f3s dokumentumot akart a z\u00e1r\u00f3nyilatkozathoz csatolni, erre azonban nem ker\u00fclt sor.<br \/>\n    \u00dajs\u00e1g\u00edr\u00f3i k\u00e9rd\u00e9sre v\u00e1laszolva Paolo Gentiloni azt mondta, Donald Trumpot &#8222;p\u00e1rbesz\u00e9dre nyitott, k\u00edv\u00e1ncsi, tanulni k\u00e9sz, \u00e9rdekes&#8221; embernek tal\u00e1lta, akit els\u0151sorban a cs\u00facs Afrik\u00e1r\u00f3l tartott panelmegbesz\u00e9l\u00e9se \u00e9rdekelte.<br \/>\n    Angela Merkel n\u00e9met kancell\u00e1r kor\u00e1bban elhangzott k\u00f6zl\u00e9se szerint &#8222;nagyon nem kiel\u00e9g\u00edt\u0151en&#8221; zajlott a p\u00e1rizsi kl\u00edmaegyezm\u00e9ny alkalmaz\u00e1s\u00e1t \u00e9rint\u0151 vita a vil\u00e1g h\u00e9t iparilag legfejlettebb orsz\u00e1g\u00e1nak szic\u00edliai cs\u00facstal\u00e1lkoz\u00f3j\u00e1n.<br \/>\n    A G7-cs\u00facs eredm\u00e9nyeit \u00f6sszefoglalva Angela Merkel megjegyezte, hogy Washington teljesen elszigetel\u0151d\u00f6tt ebben a vit\u00e1ban, elutas\u00edtva azt, hogy elk\u00f6telezze mag\u00e1t a 2015-\u00f6s p\u00e1rizsi kl\u00edmameg\u00e1llapod\u00e1s v\u00e9grehajt\u00e1sa mellett.<br \/>\n    &#8222;A kl\u00edma k\u00e9rd\u00e9s\u00e9r\u0151l folytatott vita eg\u00e9sze nagyon nehezen zajlott, hogy ne mondjam, nagyon nem kiel\u00e9g\u00edt\u0151en&#8221; &#8211; mondta Merkel az \u00fajs\u00e1g\u00edr\u00f3knak. &#8222;Semmi tan\u00fajele annak, hogy az Egyes\u00fclt \u00c1llamok vajon r\u00e9szese marad-e a p\u00e1rizsi meg\u00e1llapod\u00e1snak, vagy sem&#8221; &#8211; jegyezte meg.<br \/>\n    A n\u00e9met kancell\u00e1r hozz\u00e1tette, hogy b\u00e1r a kereskedelemr\u0151l sz\u00f3l\u00f3 vita szint\u00e9n nagyon neh\u00e9z volt, ebben a k\u00e9rd\u00e9sben Donald Trump amerikai eln\u00f6k beleegyezett a G7-cs\u00facs z\u00e1r\u00f3nyilatkozat\u00e1nak olyan megsz\u00f6vegez\u00e9s\u00e9be, amely a protekcionizmus elleni harcot \u00edg\u00e9r \u00e9s elk\u00f6telezi mag\u00e1t egy szab\u00e1lyokon alapul\u00f3 nemzetk\u00f6zi kereskedelmi rend mellett.<br \/>\n    Trump eln\u00f6k egy Twitter-bejegyz\u00e9sben k\u00f6z\u00f6lte, hogy a j\u00f6v\u0151 h\u00e9ten hozza meg d\u00f6nt\u00e9s\u00e9t arr\u00f3l, hogy korm\u00e1nya t\u00e1mogatja-e a kl\u00edmav\u00e1ltoz\u00e1s elleni harcban kulcsfontoss\u00e1g\u00fa szerepet j\u00e1tsz\u00f3 p\u00e1rizsi meg\u00e1llapod\u00e1st.<br \/>\n    &#8222;A j\u00f6v\u0151 h\u00e9ten hozom meg v\u00e9gleges d\u00f6nt\u00e9semet a p\u00e1rizsi meg\u00e1llapod\u00e1sr\u00f3l!&#8221; &#8211; \u00edrta bejegyz\u00e9s\u00e9ben Trump.<br \/>\n    A G7-cs\u00facs hatoldalas, 39 pontos z\u00e1r\u00f3nyilatkozata s\u00fcrg\u0151s, minden \u00e9rintett f\u00e9l bevon\u00e1s\u00e1val zajl\u00f3 p\u00e1rbesz\u00e9det szorgalmaz L\u00edbi\u00e1val, valamint az Iszl\u00e1m \u00c1llam (I\u00c1) uralta sz\u00edriai v\u00e1rosok felszabad\u00edt\u00e1sa \u00fcgy\u00e9ben. A nyilatkozat Oroszorsz\u00e1g \u00e9s Ir\u00e1n nyom\u00e1sgyakorl\u00e1s\u00e1t szorgalmazza a sz\u00edriai v\u00e1ls\u00e1g megold\u00e1sa \u00e9rdek\u00e9ben. Egy\u00fattal \u00fajabb &#8222;korl\u00e1toz\u00e1sokat&#8221; helyez kil\u00e1t\u00e1sba Oroszorsz\u00e1ggal szemben arra az esetre, ha tov\u00e1bbra is megs\u00e9rti a kelet-ukrajnai konfliktus rendez\u00e9s\u00e9r\u0151l sz\u00f3l\u00f3 minszki meg\u00e1llapod\u00e1sokat. A dokumentum felsz\u00f3l\u00edtja \u00c9szak-Kore\u00e1t, hagyjon fel nukle\u00e1ris fenyeget\u00e9s\u00e9vel.<br \/>\n    A G7-ek lefektett\u00e9k, hogy a migr\u00e1ci\u00f3 glob\u00e1lis jelens\u00e9ge olyan, &#8222;hossz\u00fa t\u00e1v\u00fa v\u00e1ls\u00e1gmegold\u00e1st&#8221; ig\u00e9nyel, amelyben k\u00fcl\u00f6nbs\u00e9get kell tenni menek\u00fcltek \u00e9s migr\u00e1nsok k\u00f6z\u00f6tt. A nyilatkozat kimondja, hogy a menek\u00fclteket haz\u00e1juk k\u00f6zel\u00e9ben kell t\u00e1mogatni, hogy oda biztons\u00e1gban visszat\u00e9rhessenek. A z\u00e1r\u00f3dokumentum a migr\u00e1nsok jogainak tiszteletben tart\u00e1s\u00e1t szorgalmazza, ezzel egy\u00fctt elismeri az \u00e1llamok &#8222;szuver\u00e9n jog\u00e1t hat\u00e1raik ellen\u0151rz\u00e9s\u00e9ben&#8221;.<br \/>\n    Emmanuel Macron francia eln\u00f6k sajt\u00f3t\u00e1j\u00e9koztat\u00f3j\u00e1n kijelentette, n\u00e9h\u00e1ny h\u00e9ttel ezel\u0151tt m\u00e9g mindenki azt hitte, az USA v\u00e9gleg nemet mond a p\u00e1rizsi kl\u00edmaegyezm\u00e9nyre, de a mostani G7-cs\u00facs ut\u00e1n \u00fagy \u00e9rzi, a &#8222;n\u00e9zetk\u00fcl\u00f6nbs\u00e9geket m\u00e9g cs\u00f6kkenteni lehet&#8221;. Hozz\u00e1tette, hogy h\u00e9tf\u0151n Vlagyimir Putyin p\u00e1rizsi l\u00e1togat\u00e1s\u00e1n kiemelt t\u00e9ma lesz a sz\u00edriai helyzet.<br \/>\n    D\u00e9lut\u00e1n a taorminai cs\u00facstal\u00e1lkoz\u00f3 helysz\u00edn\u00e9t\u0151l d\u00e9lre, Giardini-Naxos telep\u00fcl\u00e9s tengerpartj\u00e1n, &#8222;NO G7&#8221; jelsz\u00f3val kezd\u0151d\u00f6tt a hetek politik\u00e1ja elleni t\u00fcntet\u00e9s, amelyen egy-k\u00e9tezer ember vett r\u00e9szt a hat\u00f3s\u00e1gok rendk\u00edv\u00fcli biztons\u00e1gi int\u00e9zked\u00e9sei k\u00f6zepette.<br \/>\n    A megmozdul\u00e1s k\u00e9s\u0151bb a globaliz\u00e1ci\u00f3ellenes tiltakoz\u00f3k egy r\u00e9sze \u00e9s a rend\u0151rs\u00e9g k\u00f6z\u00f6tti \u00f6sszet\u0171z\u00e9sbe torkollott. H\u00fasz-harminc, kommunista z\u00e1szl\u00f3kat lenget\u0151 maszkos t\u00fcntet\u0151 ugyanis h\u00edr\u00fcgyn\u00f6ks\u00e9gi jelent\u00e9sek szerint szidalmazni kezdte a sorfalat \u00e1ll\u00f3 rendfenntart\u00f3kat, majd nekirontott a rend\u0151r\u00f6knek, akik k\u00f6nnyg\u00e1z bevet\u00e9s\u00e9vel v\u00e1laszoltak. A rend egy negyed \u00f3r\u00e1n bel\u00fcl helyre \u00e1llt.(MTI)<\/p>\n","protected":false},"excerpt":{"rendered":"<p>A migr\u00e1nsok jogainak elismer\u00e9s\u00e9vel egy\u00fctt az \u00e1llamok saj\u00e1t hat\u00e1raik ellen\u0151rz\u00e9s\u00e9hez val\u00f3 szuver\u00e9n jog\u00e1t is hangs\u00falyozza a G7-csoport taorminai cs\u00facstal\u00e1lkoz\u00f3j\u00e1nak szombati z\u00e1r\u00f3nyilatkozata, amelyb\u0151l kider\u00fcl, hogy a p\u00e1rizsi kl\u00edmaegyezm\u00e9ny k\u00e9rd\u00e9s\u00e9ben meg\u00e1llapod\u00e1s n\u00e9lk\u00fcl z\u00e1rult a cs\u00facs.<\/p>\n","protected":false},"author":1,"featured_media":0,"comment_status":"closed","ping_status":"open","sticky":false,"template":"","format":"standard","meta":[],"categories":[12,246],"tags":[],"_links":{"self":[{"href":"https:\/\/gazdasagportal.hu\/index.php\/wp-json\/wp\/v2\/posts\/93559"}],"collection":[{"href":"https:\/\/gazdasagportal.hu\/index.php\/wp-json\/wp\/v2\/posts"}],"about":[{"href":"https:\/\/gazdasagportal.hu\/index.php\/wp-json\/wp\/v2\/types\/post"}],"author":[{"embeddable":true,"href":"https:\/\/gazdasagportal.hu\/index.php\/wp-json\/wp\/v2\/users\/1"}],"replies":[{"embeddable":true,"href":"https:\/\/gazdasagportal.hu\/index.php\/wp-json\/wp\/v2\/comments?post=93559"}],"version-history":[{"count":1,"href":"https:\/\/gazdasagportal.hu\/index.php\/wp-json\/wp\/v2\/posts\/93559\/revisions"}],"predecessor-version":[{"id":93560,"href":"https:\/\/gazdasagportal.hu\/index.php\/wp-json\/wp\/v2\/posts\/93559\/revisions\/93560"}],"wp:attachment":[{"href":"https:\/\/gazdasagportal.hu\/index.php\/wp-json\/wp\/v2\/media?parent=93559"}],"wp:term":[{"taxonomy":"category","embeddable":true,"href":"https:\/\/gazdasagportal.hu\/index.php\/wp-json\/wp\/v2\/categories?post=93559"},{"taxonomy":"post_tag","embeddable":true,"href":"https:\/\/gazdasagportal.hu\/index.php\/wp-json\/wp\/v2\/tags?post=93559"}],"curies":[{"name":"wp","href":"https:\/\/api.w.org\/{rel}","templated":true}]}}