{"id":93549,"date":"2017-05-27T16:05:56","date_gmt":"2017-05-27T14:05:56","guid":{"rendered":"http:\/\/gazdasagportal.hu\/?p=93549"},"modified":"2017-05-27T08:06:34","modified_gmt":"2017-05-27T06:06:34","slug":"az-elso-becslesnel-nagyobb-mertekben-nott-az-amerikai-gdp-az-elso-negyedevben","status":"publish","type":"post","link":"https:\/\/gazdasagportal.hu\/index.php\/az-elso-becslesnel-nagyobb-mertekben-nott-az-amerikai-gdp-az-elso-negyedevben\/","title":{"rendered":"Az els\u0151 becsl\u00e9sn\u00e9l nagyobb m\u00e9rt\u00e9kben n\u0151tt az amerikai GDP az els\u0151 negyed\u00e9vben"},"content":{"rendered":"<p><strong>Az els\u0151 negyed\u00e9vben, az els\u0151 becsl\u00e9sre r\u00e1c\u00e1folva, a piaci v\u00e1rakoz\u00e1sn\u00e1l nagyobb m\u00e9rt\u00e9kben n\u0151tt az Egyes\u00fclt \u00c1llamok brutt\u00f3 hazai term\u00e9ke (GDP) a kereskedelmi miniszt\u00e9rium statisztikai int\u00e9zete, a Bureau of Economic Analysis (BEA) p\u00e9nteken kiadott m\u00e1sodik becsl\u00e9se szerint.<\/strong><!--more--><\/p>\n<div class=\"ads-in-post1\"><div id=\"gazdasagportal.hu_fullbanner_wideboard\"><\/div>\r\n<\/div>\n<p>    Az els\u0151 negyed\u00e9vben a GDP 1,2 sz\u00e1zal\u00e9kkal n\u0151tt a negyedik negyed\u00e9vi 2,1 sz\u00e1zal\u00e9k ut\u00e1n.<br \/>\n    A BEA az adatok sz\u0171kebb k\u00f6r\u00e9re t\u00e1maszkod\u00f3 els\u0151 olvasatban m\u00e9g 0,7 sz\u00e1zal\u00e9kos els\u0151 negyed\u00e9vi GDP-n\u00f6veked\u00e9st mutatott ki.<br \/>\n    Piaci elemz\u0151k az els\u0151 becsl\u00e9s k\u00f6zz\u00e9t\u00e9tele el\u0151tt 1,2 sz\u00e1zal\u00e9kos GDP-n\u00f6veked\u00e9st v\u00e1rtak az els\u0151 negyed\u00e9vre. Az els\u0151 becsl\u00e9s ut\u00e1n a m\u00e1sodik becsl\u00e9st\u0151l azonban m\u00e1r csak 0,9 sz\u00e1zal\u00e9kos els\u0151 negyed\u00e9vi n\u00f6veked\u00e9st v\u00e1rtak. A m\u00e1sodik becsl\u00e9s m\u00e1r visszaigazolta a kor\u00e1bbi 1,2 sz\u00e1zal\u00e9kos v\u00e1rakoz\u00e1suk helyess\u00e9g\u00e9t.<br \/>\n    A felfel\u00e9 jav\u00edtott els\u0151 negyed\u00e9vi n\u00f6veked\u00e9si becsl\u00e9s els\u0151sorban a lakoss\u00e1gi fogyaszt\u00e1sban, az exportban, a lak\u00e1sc\u00e9l\u00fa \u00e9s nem lak\u00e1sc\u00e9l\u00fa ingatlan befektet\u00e9sekben bek\u00f6vetkezett n\u00f6veked\u00e9snek volt k\u00f6sz\u00f6nhet\u0151.(MTI)<\/p>\n","protected":false},"excerpt":{"rendered":"<p>Az els\u0151 negyed\u00e9vben, az els\u0151 becsl\u00e9sre r\u00e1c\u00e1folva, a piaci v\u00e1rakoz\u00e1sn\u00e1l nagyobb m\u00e9rt\u00e9kben n\u0151tt az Egyes\u00fclt \u00c1llamok brutt\u00f3 hazai term\u00e9ke (GDP) a kereskedelmi miniszt\u00e9rium statisztikai int\u00e9zete, a Bureau of Economic Analysis (BEA) p\u00e9nteken kiadott m\u00e1sodik becsl\u00e9se szerint.<\/p>\n","protected":false},"author":1,"featured_media":0,"comment_status":"closed","ping_status":"open","sticky":false,"template":"","format":"standard","meta":[],"categories":[246],"tags":[],"_links":{"self":[{"href":"https:\/\/gazdasagportal.hu\/index.php\/wp-json\/wp\/v2\/posts\/93549"}],"collection":[{"href":"https:\/\/gazdasagportal.hu\/index.php\/wp-json\/wp\/v2\/posts"}],"about":[{"href":"https:\/\/gazdasagportal.hu\/index.php\/wp-json\/wp\/v2\/types\/post"}],"author":[{"embeddable":true,"href":"https:\/\/gazdasagportal.hu\/index.php\/wp-json\/wp\/v2\/users\/1"}],"replies":[{"embeddable":true,"href":"https:\/\/gazdasagportal.hu\/index.php\/wp-json\/wp\/v2\/comments?post=93549"}],"version-history":[{"count":1,"href":"https:\/\/gazdasagportal.hu\/index.php\/wp-json\/wp\/v2\/posts\/93549\/revisions"}],"predecessor-version":[{"id":93550,"href":"https:\/\/gazdasagportal.hu\/index.php\/wp-json\/wp\/v2\/posts\/93549\/revisions\/93550"}],"wp:attachment":[{"href":"https:\/\/gazdasagportal.hu\/index.php\/wp-json\/wp\/v2\/media?parent=93549"}],"wp:term":[{"taxonomy":"category","embeddable":true,"href":"https:\/\/gazdasagportal.hu\/index.php\/wp-json\/wp\/v2\/categories?post=93549"},{"taxonomy":"post_tag","embeddable":true,"href":"https:\/\/gazdasagportal.hu\/index.php\/wp-json\/wp\/v2\/tags?post=93549"}],"curies":[{"name":"wp","href":"https:\/\/api.w.org\/{rel}","templated":true}]}}