{"id":93530,"date":"2017-05-26T16:51:09","date_gmt":"2017-05-26T14:51:09","guid":{"rendered":"http:\/\/gazdasagportal.hu\/?p=93530"},"modified":"2017-05-26T16:51:09","modified_gmt":"2017-05-26T14:51:09","slug":"piaci-atlag-folott-novelte-arbevetelet-a-magyar-praktiker","status":"publish","type":"post","link":"https:\/\/gazdasagportal.hu\/index.php\/piaci-atlag-folott-novelte-arbevetelet-a-magyar-praktiker\/","title":{"rendered":"Piaci \u00e1tlag f\u00f6l\u00f6tt n\u00f6velte \u00e1rbev\u00e9tel\u00e9t a magyar Praktiker"},"content":{"rendered":"<p><strong>T\u00f6bb mint 6,6 milli\u00e1rd forinttal n\u0151tt az el\u0151z\u0151 \u00e9vhez k\u00e9pest a Praktiker Kft. nett\u00f3 \u00e1rbev\u00e9tele. Az imm\u00e1r magyar bark\u00e1csl\u00e1nc 2016-ban 39,2 milli\u00e1rd forintot realiz\u00e1lt, ez 20 sz\u00e1zal\u00e9kkal haladta meg az el\u0151z\u0151 \u00e9vi forgalmat. Ez a n\u00f6veked\u00e9s 7%-ponttal van a piaci trend f\u00f6l\u00f6tt, ezzel a Praktiker megel\u0151zte a k\u00f6zvetlen versenyt\u00e1rsait is.<\/strong><!--more--><\/p>\n<div class=\"ads-in-post1\"><div id=\"gazdasagportal.hu_fullbanner_wideboard\"><\/div>\r\n<\/div>\n<p class=\"m_6598349421506742323Elformzottszveg\">Els\u0151 \u00fczleti \u00e9v\u00e9t z\u00e1rta \u00faj tulajdonossal a h\u00e1tt\u00e9rben a hazai bark\u00e1cspiacon k\u00f6zel 31 sz\u00e1zal\u00e9kos piaci r\u00e9szesed\u00e9ssel b\u00edr\u00f3 Praktiker, amely 2016-ban ker\u00fclt a Wallis Csoport t\u00f6bbs\u00e9gi tulajdon\u00e1ba. M\u00e1r az \u00e9v folyam\u00e1n l\u00e1tszott, hogy a kedvez\u0151 piaci folyamatoknak k\u00f6sz\u00f6nhet\u0151en a bark\u00e1csl\u00e1nc fel\u00fcl fogja m\u00falni a terveit. A tavaly okt\u00f3berben ny\u00edlt 20. V\u00e1ci \u00fati \u00e1ruh\u00e1zzal egy\u00fctt v\u00e9g\u00fcl 2015-h\u00f6z k\u00e9pest t\u00f6bb mint 6,6 milli\u00e1rddal, \u00f6sszesen nett\u00f3 39,2 milli\u00e1rd forintra siker\u00fclt n\u00f6velnie \u00e1rbev\u00e9tel\u00e9t a Praktikernek.<\/p>\n<p class=\"m_6598349421506742323Elformzottszveg\">\u201e\u00c1ruh\u00e1zl\u00e1ncunk tavaly a Wallis Csoport t\u00f6bbs\u00e9gi tulajdon\u00e1ba ker\u00fclt: reorganiz\u00e1ci\u00f3s folyamatokba kezdt\u00fcnk \u00e9s az \u00faj strukt\u00far\u00e1ban, \u00faj perspekt\u00edv\u00e1k ny\u00edltak meg a strat\u00e9gia, a finansz\u00edroz\u00e1s, \u00e9s a lehets\u00e9ges b\u0151v\u00fcl\u00e9s ter\u00e9n. A legfontosabb eredm\u00e9nyeink k\u00f6z\u00f6tt tartjuk sz\u00e1mon a V\u00e1ci \u00fati \u00e1ruh\u00e1z megnyit\u00e1s\u00e1t, az online \u00fczlet\u00e1gunk tov\u00e1bbfejleszt\u00e9s\u00e9t, \u00e9s az \u00e1ruh\u00e1zi dolgoz\u00f3k l\u00e9tsz\u00e1m\u00e1nak n\u00f6vel\u00e9s\u00e9t\u201d \u2013 mondta Karl-Heinz Keth, a Praktiker Kft. \u00fcgyvezet\u0151 igazgat\u00f3ja a c\u00e9g \u00e9v\u00e9rt\u00e9kel\u0151 sajt\u00f3t\u00e1j\u00e9koztat\u00f3j\u00e1n. Hozz\u00e1tette: a dinamikus n\u00f6veked\u00e9s az orsz\u00e1gosan tov\u00e1bbra is tapasztalhat\u00f3 ingatlanv\u00e1s\u00e1rl\u00e1si \u00e9s -fel\u00faj\u00edt\u00e1si kedvnek, valamint a kedvez\u0151 felt\u00e9tel\u0171 lak\u00e1shiteleknek \u00e9s szem\u00e9lyi k\u00f6lcs\u00f6n\u00f6knek is k\u00f6sz\u00f6nhet\u0151.<\/p><div id=\"gazda-2695359290\" class=\"gazda-tartalomban gazda-entity-placement\"><script async src=\"https:\/\/pagead2.googlesyndication.com\/pagead\/js\/adsbygoogle.js\"><\/script>\r\n<ins class=\"adsbygoogle\"\r\n     style=\"display:block\"\r\n     data-ad-format=\"fluid\"\r\n     data-ad-layout-key=\"-6t+ed+2i-1n-4w\"\r\n     data-ad-client=\"ca-pub-1959107119989764\"\r\n     data-ad-slot=\"4008251320\"><\/ins>\r\n<script>\r\n     (adsbygoogle = window.adsbygoogle || []).push({});\r\n<\/script><\/div>\n<p class=\"m_6598349421506742323Elformzottszveg\">A Praktiker szortimentj\u00e9ben a lakberendez\u00e9shez, a bark\u00e1csol\u00e1shoz \u00e9s a fel\u00faj\u00edt\u00e1shoz kapcsol\u00f3d\u00f3an \u00f6sszesen mintegy negyvenezer \u00e1rucikk \u00e9rhet\u0151 el. Az elad\u00e1si adatok azt mutatj\u00e1k, hogy az elm\u00falt \u00e9vben jelent\u0151sen emelkedett a konyhablokkok, a lamin\u00e1ltpadl\u00f3k, a belt\u00e9ri ajt\u00f3k forgalma. A lak\u00e1sok, h\u00e1zak korszer\u0171s\u00edt\u00e9s\u00e9vel kapcsolatos term\u00e9kk\u00f6r\u00f6k k\u00f6z\u00fcl a szigetel\u0151anyagok elad\u00e1sa kiugr\u00f3an n\u00f6vekedett. A csempe, szaniter \u00e9s az ezekhez kapcsol\u00f3d\u00f3 kieg\u00e9sz\u00edt\u0151 term\u00e9kek is igen keresettek. A fest\u00e9k term\u00e9kkateg\u00f3ri\u00e1ban \u00a0a sz\u00ednes diszperzi\u00f3s fest\u00e9kek forgalm\u00e1nak n\u00f6veked\u00e9se az elm\u00falt \u00e9vben is t\u00f6retlen volt. A l\u00e1mp\u00e1kn\u00e1l a gy\u00e1rt\u00e1stechnol\u00f3giai v\u00e1lt\u00e1s \u00e9s fejl\u0151d\u00e9s miatt a LED er\u0151teljes t\u00e9rnyer\u00e9se figyelhet\u0151 meg, ezzel p\u00e1rhuzamosan a k\u00edn\u00e1lat is v\u00e1ltozott, egyre t\u00f6bb integr\u00e1lt ledes l\u00e1mpatestet \u00e9rt\u00e9kes\u00edt a Praktiker. A Praktiker a szabadid\u0151s, k\u00e9nyelmi term\u00e9kek, illetve kerti b\u00fatorok v\u00e1laszt\u00e9k\u00e1t is jelent\u0151sen kib\u0151v\u00edtette. Emellett egyedi m\u00f3don a bark\u00e1csl\u00e1ncok k\u00f6z\u00f6tt sz\u00e9les elektromos ker\u00e9kp\u00e1r v\u00e1laszt\u00e9ka van, amely k\u00f6rnyezetbar\u00e1t m\u0171k\u00f6d\u00e9se \u00e9s helytakar\u00e9koss\u00e1ga folyt\u00e1n ide\u00e1lis a v\u00e1rosi k\u00f6zleked\u00e9sre.<\/p>\n<p class=\"m_6598349421506742323Elformzottszveg\">A Praktiker jelenleg 20 \u00e1ruh\u00e1zat m\u0171k\u00f6dtet, \u00e9s 365 besz\u00e1ll\u00edt\u00f3 partnerrel dolgozik egy\u00fctt, akiknek k\u00e9tharmada magyar v\u00e1llalat. A kereskedelmi szektorban tapasztalt munkaer\u0151hi\u00e1ny a Praktikert is \u00e9rinti. A v\u00e1llalat ennek ellen\u00e9re 2015-h\u00f6z k\u00e9pest n\u00f6velni tudta l\u00e9tsz\u00e1m\u00e1t, jelenleg mintegy 1400 f\u0151t alkalmaz.<\/p>\n<p class=\"m_6598349421506742323Elformzottszveg\">Mivel \u00e9vr\u0151l \u00e9vre emelkedik az \u00faj \u00e9p\u00edt\u00e9si enged\u00e9lyek sz\u00e1ma \u00e9s egyre t\u00f6bb j\u00f6vedelem marad a lakoss\u00e1gn\u00e1l, a Praktiker pozit\u00edvan tekint a 2017-es \u00fczleti \u00e9vre is. A bark\u00e1csl\u00e1nc \u00faj \u00fczletek megnyit\u00e1s\u00e1t is tervbe vette, de priorit\u00e1st \u00e9lvez a szolg\u00e1ltat\u00e1si sz\u00ednvonal emel\u00e9se, amelyeket folyamatos fejleszt\u00e9sekkel \u00e9rnek el.<\/p>\n<p class=\"m_6598349421506742323Elformzottszveg\">A nagy t\u00e9telben v\u00e1s\u00e1rl\u00f3 v\u00e1llalkoz\u00e1sok, k\u00f6zint\u00e9zm\u00e9nyek \u00e9s mag\u00e1nszem\u00e9lyek sz\u00e1m\u00e1ra m\u00e1r kor\u00e1bban \u00f6n\u00e1ll\u00f3 \u00e9rt\u00e9kes\u00edt\u00e9si csapatot \u00e1ll\u00edtott fel a Praktiker, amelyet id\u00e9n tov\u00e1bb b\u0151v\u00edt. A sikerre val\u00f3 tekintettel a Praktiker Pr\u00e9mium Plusz Program (Key Account Manager rendszerrel) strat\u00e9giai \u00fczleti egys\u00e9gg\u00e9 n\u0151tte ki mag\u00e1t, ak\u00e1rcsak az e-kereskedelmi \u00fczlet\u00e1g, amelynek a forgalma az elm\u00falt \u00e9vben a teljes \u00e1rbev\u00e9tel mintegy 5 sz\u00e1zal\u00e9k\u00e1t tette ki. Emellett t\u00f6bb fontos hossz\u00fat\u00e1v\u00fa projekt is elindult a bark\u00e1csl\u00e1ncn\u00e1l: t\u00f6bbek k\u00f6z\u00f6tt meg\u00faj\u00edtj\u00e1k a teljes v\u00e1llalatir\u00e1ny\u00edt\u00e1si \u00e9s k\u00e9szletgazd\u00e1lkod\u00e1si rendszert, valamint \u00faj kasszarendszert is telep\u00edtenek.<\/p>\n<p><em>A Praktiker Magyarorsz\u00e1g meghat\u00e1roz\u00f3 bark\u00e1cs\u00e1ruh\u00e1z-l\u00e1nca, k\u00f6zel 1400 embernek ad munk\u00e1t. 1998-ban nyitotta meg els\u0151 \u00e1ruh\u00e1z\u00e1t, jelenleg 20 \u00fczletegys\u00e9get m\u0171k\u00f6dtet idehaza, webshopj\u00e1ban k\u00f6zel 40 ezer f\u00e9le \u00e1rucikk el\u00e9rhet\u0151.<\/em><\/p>\n","protected":false},"excerpt":{"rendered":"<p>T\u00f6bb mint 6,6 milli\u00e1rd forinttal n\u0151tt az el\u0151z\u0151 \u00e9vhez k\u00e9pest a Praktiker Kft. nett\u00f3 \u00e1rbev\u00e9tele. Az imm\u00e1r magyar bark\u00e1csl\u00e1nc 2016-ban 39,2 milli\u00e1rd forintot realiz\u00e1lt, ez 20 sz\u00e1zal\u00e9kkal haladta meg az el\u0151z\u0151 \u00e9vi forgalmat. Ez a n\u00f6veked\u00e9s 7%-ponttal van a piaci trend f\u00f6l\u00f6tt, ezzel a Praktiker megel\u0151zte a k\u00f6zvetlen versenyt\u00e1rsait is.<\/p>\n","protected":false},"author":1,"featured_media":0,"comment_status":"closed","ping_status":"open","sticky":false,"template":"","format":"standard","meta":[],"categories":[19],"tags":[],"_links":{"self":[{"href":"https:\/\/gazdasagportal.hu\/index.php\/wp-json\/wp\/v2\/posts\/93530"}],"collection":[{"href":"https:\/\/gazdasagportal.hu\/index.php\/wp-json\/wp\/v2\/posts"}],"about":[{"href":"https:\/\/gazdasagportal.hu\/index.php\/wp-json\/wp\/v2\/types\/post"}],"author":[{"embeddable":true,"href":"https:\/\/gazdasagportal.hu\/index.php\/wp-json\/wp\/v2\/users\/1"}],"replies":[{"embeddable":true,"href":"https:\/\/gazdasagportal.hu\/index.php\/wp-json\/wp\/v2\/comments?post=93530"}],"version-history":[{"count":1,"href":"https:\/\/gazdasagportal.hu\/index.php\/wp-json\/wp\/v2\/posts\/93530\/revisions"}],"predecessor-version":[{"id":93531,"href":"https:\/\/gazdasagportal.hu\/index.php\/wp-json\/wp\/v2\/posts\/93530\/revisions\/93531"}],"wp:attachment":[{"href":"https:\/\/gazdasagportal.hu\/index.php\/wp-json\/wp\/v2\/media?parent=93530"}],"wp:term":[{"taxonomy":"category","embeddable":true,"href":"https:\/\/gazdasagportal.hu\/index.php\/wp-json\/wp\/v2\/categories?post=93530"},{"taxonomy":"post_tag","embeddable":true,"href":"https:\/\/gazdasagportal.hu\/index.php\/wp-json\/wp\/v2\/tags?post=93530"}],"curies":[{"name":"wp","href":"https:\/\/api.w.org\/{rel}","templated":true}]}}