{"id":93524,"date":"2017-05-26T14:32:35","date_gmt":"2017-05-26T12:32:35","guid":{"rendered":"http:\/\/gazdasagportal.hu\/?p=93524"},"modified":"2017-05-26T14:32:35","modified_gmt":"2017-05-26T12:32:35","slug":"jonnek-az-elektromos-autok-de-lesz-e-eleg-aramkut-magyarorszagon","status":"publish","type":"post","link":"https:\/\/gazdasagportal.hu\/index.php\/jonnek-az-elektromos-autok-de-lesz-e-eleg-aramkut-magyarorszagon\/","title":{"rendered":"J\u00f6nnek az elektromos aut\u00f3k, de lesz-e el\u00e9g \u201e\u00e1ramk\u00fat\u201d Magyarorsz\u00e1gon?"},"content":{"rendered":"<p><strong>\u00c9rthet\u0151 a kereskedelmi ingatlanok, pl\u00e1z\u00e1k, \u00e1ruh\u00e1zak \u00fczemeltet\u0151inek-fejleszt\u0151inek idegenked\u00e9se att\u00f3l, hogy az elektromobilit\u00e1s elterjed\u00e9s\u00e9hez nyilv\u00e1nval\u00f3an sz\u00fcks\u00e9ges elektromos t\u00f6lt\u0151\u00e1llom\u00e1sok ki\u00e9p\u00edt\u00e9s\u00e9nek beruh\u00e1z\u00e1si k\u00f6lts\u00e9geit \u00fagy finansz\u00edrozz\u00e1k, hogy jelenleg m\u00e9g nem l\u00e1that\u00f3 e beruh\u00e1z\u00e1sok pontos megt\u00e9r\u00fcl\u00e9se. Ugyanakkor, ha nem l\u00e9p ebben a k\u00e9rd\u00e9sk\u00f6rben haz\u00e1nk is s\u00fcrg\u0151sen, lemaradhatunk a r\u00e9gi\u00f3s versenyt\u00e1rsainkt\u00f3l e t\u00e9ren. Kenyeres L\u00e1szl\u00f3, a Faludi Wolf Theiss \u00dcgyv\u00e9di Iroda szak\u00e9rt\u0151je besz\u00e9lt a az AARMA ingatlangazd\u00e1lkod\u00e1ssal kapcsolatos konferenci\u00e1j\u00e1n az elektromosaut\u00f3-t\u00f6lt\u0151pontok k\u00e9rd\u00e9seir\u0151l m\u00e1jus 25-\u00e9n, Budapesten.<\/strong><!--more--><\/p>\n<div class=\"ads-in-post1\"><div id=\"gazdasagportal.hu_fullbanner_wideboard\"><\/div>\r\n<\/div>\n<p>A magyarorsz\u00e1gi elektromobilit\u00e1s k\u00e9rd\u00e9sk\u00f6r\u00e9t \u00e1tfog\u00f3an kezel\u0151 Jedlik \u00c1nyos Tervre is \u00e9p\u00fcl\u0151 Nemzeti Fejleszt\u00e9si Miniszt\u00e9rium \u00e1ltal m\u00e9g 2016-ban elk\u00e9sz\u00edtett <a href=\"http:\/\/www.kormany.hu\/download\/a\/0c\/e0000\/A%C3%9CINK_fin.pdf\" target=\"_blank\" rel=\"noopener\">nemzeti program<\/a> a re\u00e1lis elterjed\u00e9si forgat\u00f3k\u00f6nyv szerint 2030-ra k\u00f6zel 200.000 e-aut\u00f3val \u00e9s az azokat kiszolg\u00e1l\u00f3 majdnem 20.000 nyilv\u00e1nos t\u00f6lt\u0151ponttal sz\u00e1mol. E t\u00f6lt\u0151pontok egy r\u00e9sze nagy val\u00f3sz\u00edn\u0171s\u00e9ggel a jelenlegi benzinkutakon \u00e9s \u00f6nkorm\u00e1nyzati ter\u00fcleteken ker\u00fclne ki\u00e9p\u00edt\u00e9sre. Nem v\u00e9letlen, hogy a MOL 2030-as strat\u00e9gi\u00e1j\u00e1ban is fontos szerepet kap az elektromos t\u00f6lt\u0151h\u00e1l\u00f3zat fejleszt\u00e9se, de az e-mobilit\u00e1s strat\u00e9giai k\u00e9rd\u00e9s a MVM \u00e9s a magyarorsz\u00e1gi villamosenergia-eloszt\u00f3 t\u00e1rsas\u00e1gok sz\u00e1m\u00e1ra is. A piacon m\u00e1r bontogatja sz\u00e1rnyait az \u00e1llami szolg\u00e1ltat\u00f3, az <em>e-mobi<\/em>, mely t\u00f6bbek k\u00f6z\u00f6tt az e-aut\u00f3 v\u00e1s\u00e1rl\u00e1sra vonatkoz\u00f3 kedvezm\u00e9nyes programot is kezeli, \u00e9s v\u00e9lhet\u0151en az \u00e1llami-\u00f6nkorm\u00e1nyzati t\u00f6lt\u0151pontok szolg\u00e1ltat\u00f3ja lesz hamarosan. A hat\u00e1rozott \u00e1llami c\u00e9lokat mutatja tov\u00e1bb\u00e1 a jelenleg is foly\u00f3 t\u00f6bbmilli\u00e1rd forintos, elektromos t\u00f6lt\u0151 beszerz\u00e9s\u00e9re ig\u00e9nybe vehet\u0151 p\u00e1ly\u00e1zat, melynek nyertese az \u00f6nkorm\u00e1nyzati ter\u00fcletekre kap telep\u00edt\u00e9si jogosults\u00e1got.<\/p>\n<p>Ugyancsak fontos, a m\u00e1r megismerhet\u0151 \u00e9s elfogad\u00e1s alatt \u00e1ll\u00f3 ad\u00f3t\u00f6rv\u00e9ny-v\u00e1ltoz\u00e1s, melynek \u00e9rtelm\u00e9ben a t\u00e1rsas\u00e1gi ad\u00f3 alapj\u00e1b\u00f3l, illet\u0151leg a k\u00f6zm\u0171szolg\u00e1ltat\u00f3k k\u00fcl\u00f6nad\u00f3j\u00e1b\u00f3l a t\u00f6lt\u0151-beruh\u00e1z\u00e1sok jelent\u0151s r\u00e9sze levonhat\u00f3v\u00e1 v\u00e1lik. Ugyanakkor az irodah\u00e1zakban, bev\u00e1s\u00e1rl\u00f3k\u00f6zpontokban \u00e9s \u00e1ruh\u00e1zl\u00e1ncok parkol\u00f3iban is sz\u00fcks\u00e9g lesz t\u00f6lt\u0151pontok telep\u00edt\u00e9s\u00e9re, hiszen az aut\u00f3sok ig\u00e9nyelni fogj\u00e1k a v\u00e1rhat\u00f3 hat\u00f3t\u00e1v-n\u00f6veked\u00e9s ellen\u00e9re is, hogy a munkahely\u00fck\u00f6n, v\u00e1s\u00e1rl\u00e1s vagy moziz\u00e1s alatt g\u00e9pkocsijukat fel tudj\u00e1k t\u00f6lteni. A kereskedelmi ingatlanokban t\u00f6rt\u00e9n\u0151 t\u00f6lt\u00e9s t\u00e1vlatosan a nyilv\u00e1nos t\u00f6lt\u00e9si piac ak\u00e1r 50%-\u00e1t is el\u00e9rheti. Ez nem a ty\u00fak vagy toj\u00e1s k\u00e9rd\u00e9se, mivel b\u00e1rmely \u00e1llami aut\u00f3v\u00e1s\u00e1rl\u00e1si t\u00e1mogat\u00e1s, illetve az e-aut\u00f3 \u00e1rak v\u00e1rhat\u00f3 cs\u00f6kken\u00e9se ellen\u00e9re, kell\u0151 sz\u00e1m\u00fa t\u00f6lt\u0151pont hi\u00e1ny\u00e1ban kevesen fognak a bels\u0151 \u00e9g\u00e9s\u0171 motorok helyett elektromos g\u00e9pkocsira v\u00e1ltani.<\/p><div id=\"gazda-1059137196\" class=\"gazda-tartalomban gazda-entity-placement\"><script async src=\"https:\/\/pagead2.googlesyndication.com\/pagead\/js\/adsbygoogle.js\"><\/script>\r\n<ins class=\"adsbygoogle\"\r\n     style=\"display:block\"\r\n     data-ad-format=\"fluid\"\r\n     data-ad-layout-key=\"-6t+ed+2i-1n-4w\"\r\n     data-ad-client=\"ca-pub-1959107119989764\"\r\n     data-ad-slot=\"4008251320\"><\/ins>\r\n<script>\r\n     (adsbygoogle = window.adsbygoogle || []).push({});\r\n<\/script><\/div>\n<p>Az <a href=\"https:\/\/net.jogtar.hu\/jr\/gen\/hjegy_doc.cgi?docid=99700253.KOR\" target=\"_blank\" rel=\"noopener\">OT\u00c9K<\/a> 2017. janu\u00e1r 1-t\u0151l k\u00f6telezi a kereskedelmi ingatlanok \u00e9s parkol\u00f3k \u00fczemeltet\u0151it arra, hogy 100 megkezdett parkol\u00f3helyenk\u00e9nt egy darab, illetve 2019-t\u0151l m\u00e9g egy elektromos t\u00f6lt\u0151pontot alak\u00edtsanak ki, m\u00edg \u00faj\u00e9p\u00edt\u00e9s\u0171 ingatlanokn\u00e1l 100 helyb\u0151l m\u00e1r 10-et alkalmass\u00e1 kell tenni t\u00f6lt\u0151pontok k\u00e9s\u0151bbi telep\u00edt\u00e9s\u00e9re. Mindez sok ezer t\u00f6lt\u0151pontot jelent, mik\u00f6zben az itthon regisztr\u00e1lt, kiz\u00e1r\u00f3lag elektromos hajt\u00e1s\u00fa aut\u00f3k sz\u00e1ma m\u00e9g az ezret sem \u00e9ri el.<\/p>\n<p>A hazai szab\u00e1lyoz\u00e1s jelenleg fragment\u00e1lt: a k\u00f6telez\u0151 t\u00f6lt\u0151-telep\u00edt\u00e9si szab\u00e1lyokat az OT\u00c9K, m\u00edg a t\u00f6lt\u00e9si tev\u00e9kenys\u00e9get \u00e9s annak enged\u00e9lyez\u00e9s\u00e9t a villamosenergia t\u00f6rv\u00e9ny tartalmazza. E szab\u00e1lyok nincsenek kell\u0151en \u00f6sszehangolva, ez\u00e9rt mindenk\u00e9ppen sz\u00fcks\u00e9gesnek l\u00e1tszik egy, az elektromobilit\u00e1sra vonatkoz\u00f3 \u00e1tfog\u00f3 t\u00f6rv\u00e9ny kidolgoz\u00e1sa. Ez a jogszab\u00e1ly rendezhetn\u00e9 az \u00faj piac szerepl\u0151inek jogait \u00e9s k\u00f6telezetts\u00e9geit, valamint az egym\u00e1ssal \u00e9s az e-aut\u00f3sokkal felmer\u00fcl\u0151 felel\u0151ss\u00e9gi k\u00e9rd\u00e9seket egyar\u00e1nt. A korm\u00e1ny honlapj\u00e1n m\u00e1r olvashat\u00f3 a hazai elektromobilit\u00e1s fejleszt\u00e9si l\u00e9p\u00e9seinek t\u00e1mogat\u00e1s\u00e1r\u00f3l sz\u00f3l\u00f3 <a href=\"http:\/\/www.kormany.hu\/download\/b\/1b\/01000\/jogszab.zip#!DocumentBrowse\" target=\"_blank\" rel=\"noopener\">korm\u00e1nyrendelet tervezete<\/a>, mely k\u00e9t \u00faj szerepl\u0151t, az <strong><em>elektromobilit\u00e1s szolg\u00e1ltat\u00f3t<\/em><\/strong> \u00e9s az <strong><em>elektromos t\u00f6lt\u0151pont \u00fczemeltet\u0151j\u00e9t<\/em><\/strong> neves\u00edti. A tervezetb\u0151l az is kider\u00fcl, hogy az ingyenes k\u00f6zter\u00fcleti aut\u00f3t\u00f6lt\u00e9s kezdeti romantikus id\u0151szaka hamarosan v\u00e9get \u00e9r, ak\u00e1r perc alapon, ak\u00e1r kilowatt\u00f3r\u00e1nk\u00e9nt felsz\u00e1m\u00edthat\u00f3v\u00e1 v\u00e1lik a t\u00f6lt\u00e9s vagy a parkol\u00f3hely haszn\u00e1lat\u00e1nak k\u00f6lts\u00e9ge.<\/p>\n<p><em>\u201eB\u00e1r a d\u00edjak megjelen\u00e9se az e-aut\u00f3sok sz\u00e1m\u00e1ra nem \u00e9ppen kecsegtet\u0151, az is nyilv\u00e1nval\u00f3, hogy az e-mobilit\u00e1s \u00e9s az egyre okosod\u00f3 aut\u00f3, melyet t\u00f6bb elemz\u0151 a j\u00f6v\u0151 \u00e9vtized egyik legnagyobb \u00fczleti \u00e1tt\u00f6r\u00e9sek\u00e9nt tekint, nem terjedhet a kl\u00edmapolitikai c\u00e9lkit\u0171z\u00e9seknek megfelel\u0151 \u00fctemben, ha az infrastrukt\u00fara ki\u00e9p\u00edt\u00e9s\u00e9nek tisztes haszna legal\u00e1bb hossz\u00fa t\u00e1von nem sz\u00e1m\u00edthat\u00f3 fel. Az ingatlan\u00fczemeltet\u0151k \u00e9s fejleszt\u0151k sz\u00e1m\u00e1ra ez\u00e9rt m\u00e1r c\u00e9lszer\u0171 most megfelel\u0151, el\u0151retekint\u0151 strat\u00e9gi\u00e1n gondolkodni \u00e9s partners\u00e9get keresni azon piaci szerepl\u0151kkel, akik hajland\u00f3ak inveszt\u00e1lni ebbe az \u00faj \u00fczleti szegmensbe\u201d<\/em> \u2013 <strong>mondta el v\u00e9lem\u00e9ny\u00e9t Kenyeres L\u00e1szl\u00f3 a konferenci\u00e1n.<\/strong><\/p>\n<p>A strat\u00e9gia keret\u00e9ben minden bizonnyal meg fognak jelenni olyan \u00faj \u00fczleti \u00e9s szerz\u0151d\u00e9ses konstrukci\u00f3k (t\u00f6lt\u0151hely b\u00e9rlet, \u00e9rt\u00e9kes\u00edt\u00e9si haszon-megoszt\u00e1s, perc vagy kilowatt\u00f3ra alapon), melyek mer\u0151ben elt\u00e9r\u0151ek lesznek az ingatlanfejleszt\u0151k \u00e9s \u00fczemeltet\u0151k \u00e1ltal jelenleg alkalmazott mint\u00e1kt\u00f3l. \u00d6sszefoglalva teh\u00e1t komoly kih\u00edv\u00e1s el\u0151tt \u00e1ll haz\u00e1nk is, hiszen a fentieknek nem csup\u00e1n kl\u00edmapolitikai, k\u00f6rnyezetv\u00e9delmi, vagy tiszt\u00e1n gazdas\u00e1gi aspektusai vannak, de p\u00e9ld\u00e1ul turisztikai szempontokb\u00f3l is egyre \u00e9get\u0151bb k\u00e9rd\u00e9s lehet a t\u00f6lt\u0151pontok sz\u00e1ma \u00e9s eloszl\u00e1sa.<\/p>\n<p>&nbsp;<\/p>\n<p>WOLF THEISS<\/p>\n<p>Az 1957-ben alap\u00edtott Wolf Theiss K\u00f6z\u00e9p- \u00e9s Kelet-Eur\u00f3pa egyik vezet\u0151 \u00fcgyv\u00e9di irod\u00e1ja, amely az els\u0151k k\u00f6z\u00f6tt ford\u00edtott figyelmet e f\u00f6ldrajzi r\u00e9gi\u00f3 \u00f6sszehangolt \u00fczleti \u00e9rdekeire \u00e9s azok orsz\u00e1gonk\u00e9nt differenci\u00e1lt, de bizonyos fokig egys\u00e9ges gondolkod\u00e1sm\u00f3dot ig\u00e9nyl\u0151 megk\u00f6zel\u00edt\u00e9s\u00e9re. Ennek eredm\u00e9nyek\u00e9nt m\u00e1ra 13 teljesen integr\u00e1lt irod\u00e1val rendelkezik Alb\u00e1ni\u00e1ban, Ausztri\u00e1ban, Bosznia-Hercegovin\u00e1ban, Bulg\u00e1ri\u00e1ban, Csehorsz\u00e1gban, Horv\u00e1torsz\u00e1gban, Lengyelorsz\u00e1gban, Magyarorsz\u00e1gon, Rom\u00e1ni\u00e1ban, Szerbi\u00e1ban, Szlov\u00e1ki\u00e1ban, Szlov\u00e9ni\u00e1ban, illetve Ukrajn\u00e1ban, \u00e9s t\u00f6bb mint 340 jog\u00e1sz t\u00e1mogatja \u00fcgyfelei \u00fczleti tev\u00e9kenys\u00e9g\u00e9t. A Wolf Theiss a kereskedelmi jog minden ter\u00fclet\u00e9re kiterjed\u0151en ny\u00fajt jogi tan\u00e1csad\u00e1st mind helyi, mind pedig nemzetk\u00f6zi sz\u00ednt\u00e9ren, k\u00fcl\u00f6n\u00f6s tekintettel a peres \u00fcgyek, a t\u00e1rsas\u00e1gi jog (k\u00fcl\u00f6n\u00f6sen a v\u00e1llalat-felv\u00e1s\u00e1rl\u00e1sok \u00e9s a c\u00e9gjogi \u00e1tstruktur\u00e1l\u00e1sok), az ingatlan- \u00e9s k\u00f6rnyezetv\u00e9delmi jog, az energiajog, a bank- \u00e9s t\u0151kepiaci \u00fcgyletek ter\u00fcletein. Mindemellett kiemelked\u0151 az irodah\u00e1l\u00f3zat ad\u00f3jogi tev\u00e9kenys\u00e9ge is.<\/p>\n<p><strong>FALUDI WOLF THEISS<\/strong><\/p>\n<p>A k\u00f6zelm\u00faltban <em>Az \u00c9v \u00dcgyv\u00e9di Irod\u00e1ja Magyarorsz\u00e1gon<\/em> d\u00edjat elnyer\u0151 Faludi Wolf Theiss 2007 november\u00e9ben jelent meg a hazai piacon a Wolf Theiss h\u00e1l\u00f3zat teljes jog\u00fa tagjak\u00e9nt, \u00e9s az\u00f3ta m\u00e9lt\u00e1n v\u00edvta ki rangos \u00e9s az \u00fczleti \u00e9letben meghat\u00e1roz\u00f3 s\u00fallyal jelen l\u00e9v\u0151 \u00fcgyfelei elismer\u00e9s\u00e9t. Jelenleg t\u00f6bb mint 20 f\u0151t meghalad\u00f3 jogi csapata prominens magyar \u00e9s nemzetk\u00f6zi t\u00e1rsas\u00e1goknak, bankoknak \u00e9s befektet\u0151knek, valamint mag\u00e1n- \u00e9s \u00e1llami int\u00e9zm\u00e9nyeknek ny\u00fajt jogi szolg\u00e1ltat\u00e1sokat nemzetk\u00f6zi \u00e9s hazai tranzakci\u00f3kban, peres elj\u00e1r\u00e1sokban \u00e9s ad\u00f3\u00fcgyekben egyar\u00e1nt. Az iroda energetikai praxis\u00e1t a vezet\u0151 nemzetk\u00f6zi \u00fcgyv\u00e9di rangsorok egy\u00f6ntet\u0171en a &#8222;Tier 1&#8221;, azaz a legmagasabb, piacvezet\u0151 kateg\u00f3ri\u00e1ba sorolj\u00e1k.<\/p>\n","protected":false},"excerpt":{"rendered":"<p>\u00c9rthet\u0151 a kereskedelmi ingatlanok, pl\u00e1z\u00e1k, \u00e1ruh\u00e1zak \u00fczemeltet\u0151inek-fejleszt\u0151inek idegenked\u00e9se att\u00f3l, hogy az elektromobilit\u00e1s elterjed\u00e9s\u00e9hez nyilv\u00e1nval\u00f3an sz\u00fcks\u00e9ges elektromos t\u00f6lt\u0151\u00e1llom\u00e1sok ki\u00e9p\u00edt\u00e9s\u00e9nek beruh\u00e1z\u00e1si k\u00f6lts\u00e9geit \u00fagy finansz\u00edrozz\u00e1k, hogy jelenleg m\u00e9g nem l\u00e1that\u00f3 e beruh\u00e1z\u00e1sok pontos megt\u00e9r\u00fcl\u00e9se. Ugyanakkor, ha nem l\u00e9p ebben a k\u00e9rd\u00e9sk\u00f6rben haz\u00e1nk is s\u00fcrg\u0151sen, lemaradhatunk a r\u00e9gi\u00f3s versenyt\u00e1rsainkt\u00f3l e t\u00e9ren. Kenyeres L\u00e1szl\u00f3, a Faludi Wolf Theiss \u00dcgyv\u00e9di Iroda &#8230;<\/p>\n","protected":false},"author":1,"featured_media":0,"comment_status":"closed","ping_status":"open","sticky":false,"template":"","format":"standard","meta":[],"categories":[19],"tags":[],"_links":{"self":[{"href":"https:\/\/gazdasagportal.hu\/index.php\/wp-json\/wp\/v2\/posts\/93524"}],"collection":[{"href":"https:\/\/gazdasagportal.hu\/index.php\/wp-json\/wp\/v2\/posts"}],"about":[{"href":"https:\/\/gazdasagportal.hu\/index.php\/wp-json\/wp\/v2\/types\/post"}],"author":[{"embeddable":true,"href":"https:\/\/gazdasagportal.hu\/index.php\/wp-json\/wp\/v2\/users\/1"}],"replies":[{"embeddable":true,"href":"https:\/\/gazdasagportal.hu\/index.php\/wp-json\/wp\/v2\/comments?post=93524"}],"version-history":[{"count":1,"href":"https:\/\/gazdasagportal.hu\/index.php\/wp-json\/wp\/v2\/posts\/93524\/revisions"}],"predecessor-version":[{"id":93525,"href":"https:\/\/gazdasagportal.hu\/index.php\/wp-json\/wp\/v2\/posts\/93524\/revisions\/93525"}],"wp:attachment":[{"href":"https:\/\/gazdasagportal.hu\/index.php\/wp-json\/wp\/v2\/media?parent=93524"}],"wp:term":[{"taxonomy":"category","embeddable":true,"href":"https:\/\/gazdasagportal.hu\/index.php\/wp-json\/wp\/v2\/categories?post=93524"},{"taxonomy":"post_tag","embeddable":true,"href":"https:\/\/gazdasagportal.hu\/index.php\/wp-json\/wp\/v2\/tags?post=93524"}],"curies":[{"name":"wp","href":"https:\/\/api.w.org\/{rel}","templated":true}]}}