{"id":93522,"date":"2017-05-26T13:35:45","date_gmt":"2017-05-26T11:35:45","guid":{"rendered":"http:\/\/gazdasagportal.hu\/?p=93522"},"modified":"2017-05-26T13:35:45","modified_gmt":"2017-05-26T11:35:45","slug":"g7-csucs-tusk-fenn-kell-tartani-az-egyseget-a-szabalyokon-alapulo-nemzetkozi-rend-vedelme-erdekeben","status":"publish","type":"post","link":"https:\/\/gazdasagportal.hu\/index.php\/g7-csucs-tusk-fenn-kell-tartani-az-egyseget-a-szabalyokon-alapulo-nemzetkozi-rend-vedelme-erdekeben\/","title":{"rendered":"G7-cs\u00facs &#8211; Tusk: fenn kell tartani az egys\u00e9get a szab\u00e1lyokon alapul\u00f3 nemzetk\u00f6zi rend v\u00e9delme \u00e9rdek\u00e9ben"},"content":{"rendered":"<p><strong>Mivel a vil\u00e1g orsz\u00e1gai egyre gyakrabban szembes\u00fclnek a b\u00e9k\u00e9re \u00e9s biztons\u00e1gra vesz\u00e9lyt jelent\u0151 strat\u00e9giai glob\u00e1lis probl\u00e9m\u00e1kkal, fenn kell tartani az egys\u00e9get a szab\u00e1lyokon alapul\u00f3 nemzetk\u00f6zi rend v\u00e9delme \u00e9rdek\u00e9ben &#8211; jelentette ki Donald Tusk, az Eur\u00f3pai Tan\u00e1cs eln\u00f6ke a szic\u00edliai Taormin\u00e1ban, a vil\u00e1g h\u00e9t legfejlettebb ipari orsz\u00e1g\u00e1t t\u00f6m\u00f6r\u00edt\u0151 G7 csoport k\u00e9tnapos cs\u00facstal\u00e1lkoz\u00f3j\u00e1n elmondott k\u00f6sz\u00f6nt\u0151j\u00e9ben p\u00e9nteken.<\/strong><!--more--><\/p>\n<div class=\"ads-in-post1\"><div id=\"gazdasagportal.hu_fullbanner_wideboard\"><\/div>\r\n<\/div>\n<p>    Tusk elmondta, a cs\u00facstal\u00e1lkoz\u00f3 f\u0151 t\u00e9m\u00e1i a vil\u00e1ggazdas\u00e1g, a k\u00fclpolitika, a polg\u00e1rok biztons\u00e1ga \u00e9s a k\u00f6rnyezeti fenntarthat\u00f3s\u00e1g lesznek.<br \/>\n    Az 1975-ben alakult G7-csoportnak Franciaorsz\u00e1g, N\u00e9metorsz\u00e1g, az Egyes\u00fclt Kir\u00e1lys\u00e1g, az Egyes\u00fclt \u00c1llamok, Jap\u00e1n \u00e9s Olaszorsz\u00e1g, tov\u00e1bb\u00e1 az 1986-ban csatlakozott Kanada a tagja. A tal\u00e1lkoz\u00f3kon szok\u00e1s szerint r\u00e9szt vesznek az ENSZ, a Nemzetk\u00f6zi Valutaalap (IMF), a Vil\u00e1gbank, a Gazdas\u00e1gi Egy\u00fcttm\u0171k\u00f6d\u00e9si \u00e9s Fejleszt\u00e9si Szervezet (OECD) \u00e9s az Eur\u00f3pai Uni\u00f3 (EU) k\u00e9pvisel\u0151i is.<br \/>\n    Tusk hozz\u00e1tette, nem titok, hogy a G7 csoport vezet\u0151inek \u00e1ll\u00e1spontja bizonyos k\u00e9rd\u00e9sekben k\u00fcl\u00f6nb\u00f6z\u0151, de egys\u00e9get kell mutatniuk az olyan probl\u00e9m\u00e1k megold\u00e1s\u00e1ban, mint a sz\u00edriai h\u00e1bor\u00fa, az orosz agresszi\u00f3 Ukrajn\u00e1ban, az \u00e9szak-koreai nukle\u00e1ris \u00e9s ballisztikus rak\u00e9tak\u00eds\u00e9rletek, vagy a D\u00e9l-k\u00ednai-tengeren folytatott ter\u00fcletszerz\u00e9s. Ha a G7 csoport nem mutat egys\u00e9get, a vil\u00e1g helyzete kiker\u00fclhet az ir\u00e1ny\u00edt\u00e1s al\u00f3l &#8211; v\u00e9lekedett.<br \/>\n    Tusk rem\u00e9ny\u00e9nek adott hangot, hogy a vezet\u0151k egys\u00e9get mutatnak az ukr\u00e1n konfliktussal kapcsolatban. Kijelentette, t\u00e1mogatja Ukrajna f\u00fcggetlens\u00e9g\u00e9t, ter\u00fcleti integrit\u00e1s\u00e1t \u00e9s szuverenit\u00e1s\u00e1t. Lesz\u00f6gezte, a konfliktus megold\u00e1sa csak a minszki meg\u00e1llapod\u00e1sok teljes k\u00f6r\u0171 v\u00e9grehajt\u00e1s\u00e1val \u00e9rhet\u0151 el &#8211; tette hozz\u00e1.<br \/>\n    Az eln\u00f6k arra sz\u00f3l\u00edtotta fel a vezet\u0151ket, legyenek egys\u00e9gesek a &#8222;sz\u00edriai brutalit\u00e1s&#8221; befejez\u00e9se melletti elhat\u00e1roz\u00e1sukban is. &#8222;K\u00e9szen kell \u00e1llnunk arra, hogy n\u00f6velj\u00fck er\u0151fesz\u00edt\u00e9seinket a terrorizmus felsz\u00e1mol\u00e1s\u00e1ra Sz\u00edri\u00e1ban, \u00e9s megtal\u00e1ljuk a politikai rendez\u00e9s eszk\u00f6zeit&#8221; &#8211; fogalmazott.<br \/>\n    V\u00e9lem\u00e9nye szerint felel\u0151ss\u00e9g terheli a csoport azon tagjait, akik &#8211; mint Ir\u00e1n \u00e9s Oroszorsz\u00e1g &#8211; egy\u00fcttm\u0171k\u00f6dtek Bass\u00e1r el-Aszad sz\u00edriai eln\u00f6k rendszer\u00e9vel.<br \/>\n    &#8222;Ahelyett, hogy id\u0151t vesztegetn\u00e9nk, haszn\u00e1lni kell a befoly\u00e1sunkat, hogy val\u00f3s t\u0171zsz\u00fcnetet hozzunk l\u00e9tre, meg\u00e1ll\u00edtsuk a vegyi fegyverek haszn\u00e1lat\u00e1t, valamint biztons\u00e1gos \u00e9s azonnali humanit\u00e1rius hozz\u00e1f\u00e9r\u00e9st biztos\u00edtsunk minden r\u00e1szorul\u00f3knak&#8221; &#8211; jelentette ki.<br \/>\n    V\u00e9gezet\u00fcl elmondta, a migr\u00e1ci\u00f3s v\u00e1ls\u00e1g kezel\u00e9s\u00e9ben is sz\u00fcks\u00e9g van a G7 csoport egys\u00e9g\u00e9re. A cs\u00facstal\u00e1lkoz\u00f3 helysz\u00edn\u00e9re utalva hozz\u00e1tette, a glob\u00e1lis kih\u00edv\u00e1s ugyanis Szic\u00edli\u00e1ban is val\u00f3di probl\u00e9ma. Az Eur\u00f3pai Uni\u00f3 c\u00e9lja a jelenlegi nemzetk\u00f6zi szint\u0171 egy\u00fcttm\u0171k\u00f6d\u00e9s szintj\u00e9nek fenntart\u00e1sa a v\u00e1ls\u00e1g kezel\u00e9s\u00e9ben.<br \/>\n    A G7-cs\u00facstal\u00e1lkoz\u00f3 olyan f\u00f3rum, amely fontos szerepet j\u00e1tszik a vil\u00e1gban felbukkan\u00f3 kih\u00edv\u00e1sokra adand\u00f3 glob\u00e1lis v\u00e1laszl\u00e9p\u00e9sek kialak\u00edt\u00e1s\u00e1ban, a G20 (a vil\u00e1g 19 legnagyobb gazdas\u00e1g\u00fa orsz\u00e1ga, valamint az Eur\u00f3pai Uni\u00f3 alkotta) csoporttal kieg\u00e9sz\u00edtve pedig glob\u00e1lis gazdas\u00e1gi koordin\u00e1ci\u00f3s tev\u00e9kenys\u00e9g\u00e9t folytat. A G7-ek f\u00f3rum\u00e1n az Egyes\u00fclt \u00c1llamok, az Egyes\u00fclt Kir\u00e1lys\u00e1g, Franciaorsz\u00e1g, Jap\u00e1n, Kanada, N\u00e9metorsz\u00e1g, Olaszorsz\u00e1g \u00e9s az EU vezet\u0151i vesznek r\u00e9szt.<br \/>\n    Az EU-t a m\u00e1jus 26-27-i G7-cs\u00facstal\u00e1lkoz\u00f3n Donald Tusk, az Eur\u00f3pai Tan\u00e1cs eln\u00f6ke \u00e9s Jean-Claude Juncker, az Eur\u00f3pai Bizotts\u00e1g eln\u00f6ke k\u00e9pviseli.(MTI)<\/p>\n","protected":false},"excerpt":{"rendered":"<p>Mivel a vil\u00e1g orsz\u00e1gai egyre gyakrabban szembes\u00fclnek a b\u00e9k\u00e9re \u00e9s biztons\u00e1gra vesz\u00e9lyt jelent\u0151 strat\u00e9giai glob\u00e1lis probl\u00e9m\u00e1kkal, fenn kell tartani az egys\u00e9get a szab\u00e1lyokon alapul\u00f3 nemzetk\u00f6zi rend v\u00e9delme \u00e9rdek\u00e9ben &#8211; jelentette ki Donald Tusk, az Eur\u00f3pai Tan\u00e1cs eln\u00f6ke a szic\u00edliai Taormin\u00e1ban, a vil\u00e1g h\u00e9t legfejlettebb ipari orsz\u00e1g\u00e1t t\u00f6m\u00f6r\u00edt\u0151 G7 csoport k\u00e9tnapos cs\u00facstal\u00e1lkoz\u00f3j\u00e1n elmondott k\u00f6sz\u00f6nt\u0151j\u00e9ben p\u00e9nteken.<\/p>\n","protected":false},"author":1,"featured_media":0,"comment_status":"closed","ping_status":"open","sticky":false,"template":"","format":"standard","meta":[],"categories":[12],"tags":[],"_links":{"self":[{"href":"https:\/\/gazdasagportal.hu\/index.php\/wp-json\/wp\/v2\/posts\/93522"}],"collection":[{"href":"https:\/\/gazdasagportal.hu\/index.php\/wp-json\/wp\/v2\/posts"}],"about":[{"href":"https:\/\/gazdasagportal.hu\/index.php\/wp-json\/wp\/v2\/types\/post"}],"author":[{"embeddable":true,"href":"https:\/\/gazdasagportal.hu\/index.php\/wp-json\/wp\/v2\/users\/1"}],"replies":[{"embeddable":true,"href":"https:\/\/gazdasagportal.hu\/index.php\/wp-json\/wp\/v2\/comments?post=93522"}],"version-history":[{"count":1,"href":"https:\/\/gazdasagportal.hu\/index.php\/wp-json\/wp\/v2\/posts\/93522\/revisions"}],"predecessor-version":[{"id":93523,"href":"https:\/\/gazdasagportal.hu\/index.php\/wp-json\/wp\/v2\/posts\/93522\/revisions\/93523"}],"wp:attachment":[{"href":"https:\/\/gazdasagportal.hu\/index.php\/wp-json\/wp\/v2\/media?parent=93522"}],"wp:term":[{"taxonomy":"category","embeddable":true,"href":"https:\/\/gazdasagportal.hu\/index.php\/wp-json\/wp\/v2\/categories?post=93522"},{"taxonomy":"post_tag","embeddable":true,"href":"https:\/\/gazdasagportal.hu\/index.php\/wp-json\/wp\/v2\/tags?post=93522"}],"curies":[{"name":"wp","href":"https:\/\/api.w.org\/{rel}","templated":true}]}}