{"id":93516,"date":"2017-05-26T10:35:53","date_gmt":"2017-05-26T08:35:53","guid":{"rendered":"http:\/\/gazdasagportal.hu\/?p=93516"},"modified":"2017-05-26T10:35:53","modified_gmt":"2017-05-26T08:35:53","slug":"ngm-tobb-mint-100-ezres-letszamnovekedes-az-elsodleges-munkaeropiacon","status":"publish","type":"post","link":"https:\/\/gazdasagportal.hu\/index.php\/ngm-tobb-mint-100-ezres-letszamnovekedes-az-elsodleges-munkaeropiacon\/","title":{"rendered":"NGM: t\u00f6bb mint 100 ezres l\u00e9tsz\u00e1mn\u00f6veked\u00e9s az els\u0151dleges munkaer\u0151piacon"},"content":{"rendered":"<p><strong>Mintegy 105 ezerrel dolgoztak t\u00f6bben a versenyszf\u00e9r\u00e1ban Magyarorsz\u00e1gon, mint egy \u00e9ve a legfrissebb, 2017. febru\u00e1r-\u00e1prilisi adatok szerint. A nemzetgazdas\u00e1gi t\u00e1rca kiemelte: 2010 hasonl\u00f3 id\u0151szak\u00e1hoz k\u00e9pest \u00edgy 685 ezerrel n\u0151tt a foglalkoztatottak sz\u00e1ma, amely n\u00f6veked\u00e9s d\u00f6nt\u0151en a hazai versenyszf\u00e9r\u00e1ban k\u00f6vetkezett be, ahol 475 ezer f\u0151vel n\u0151tt a l\u00e9tsz\u00e1m.<\/strong><!--more--><\/p>\n<div class=\"ads-in-post1\"><div id=\"gazdasagportal.hu_fullbanner_wideboard\"><\/div>\r\n<\/div>\n<p>    A K\u00f6zponti Statisztikai Hivatal (KSH) legfrissebb adataira reag\u00e1lva a Nemzetgazdas\u00e1gi Miniszt\u00e9rium (NGM) k\u00f6z\u00f6lte: a 2010-es korm\u00e1nyv\u00e1lt\u00e1s \u00f3ta a foglalkoztat\u00e1si r\u00e1ta 54,6 sz\u00e1zal\u00e9kr\u00f3l 67,3 sz\u00e1zal\u00e9kra javult, ami 12,7 sz\u00e1zal\u00e9kpontos n\u00f6veked\u00e9snek felel meg.     Ugyanezen id\u0151szak alatt a munkan\u00e9lk\u00fclis\u00e9gi r\u00e1ta pedig 11,5 sz\u00e1zal\u00e9kr\u00f3l 4,6 sz\u00e1zal\u00e9kra esett vissza, ami 6,9 sz\u00e1zal\u00e9kpontos cs\u00f6kken\u00e9s eredm\u00e9nye. A rendszerv\u00e1ltoztat\u00e1s \u00f3ta nem volt ilyen alacsony a munkan\u00e9lk\u00fclis\u00e9g ebben az id\u0151szakban. M\u00edg kor\u00e1bban a fiatalok munkan\u00e9lk\u00fclis\u00e9gi r\u00e1t\u00e1ja 30 sz\u00e1zal\u00e9khoz k\u00f6zel\u00edtett, addig ez m\u00e1ra 10 sz\u00e1zal\u00e9k k\u00f6zel\u00e9be, 10,2 sz\u00e1zal\u00e9kra cs\u00f6kkent, a foglalkoztat\u00e1si r\u00e1t\u00e1juk pedig m\u00e1r 30 sz\u00e1zal\u00e9khoz k\u00f6zel\u00edt a vizsg\u00e1lt id\u0151szakban.<br \/>\n    Kiemelik: a munkan\u00e9lk\u00fclis\u00e9g tov\u00e1bb s\u00fcllyedt Magyarorsz\u00e1gon, 1,3 sz\u00e1zal\u00e9kpontos cs\u00f6kken\u00e9ssel jelenleg 4,6 sz\u00e1zal\u00e9kon \u00e1ll. A munkan\u00e9lk\u00fcliek sz\u00e1ma tov\u00e1bbra is nagyon alacsony, egy \u00e9v alatt 56 ezerrel, 209 ezerre cs\u00f6kkent.<br \/>\n    A t\u00e1rca eml\u00e9keztet: a tavaly novemberi hat\u00e9ves b\u00e9rmeg\u00e1llapod\u00e1ssal, amely a minim\u00e1lb\u00e9r \u00e9s a garant\u00e1lt b\u00e9rminimum jelent\u0151s emel\u00e9s\u00e9t, illetve ezzel p\u00e1rhuzamosan a munkaad\u00f3i ad\u00f3terhek \u00e9rdemi m\u00e9rs\u00e9kl\u00e9s\u00e9t tartalmazza, a kedvez\u0151 munkaer\u0151-piaci folyamatok fennmarad\u00e1sa mellett a gazdas\u00e1gi n\u00f6veked\u00e9s tov\u00e1bbi \u00e9l\u00e9nk\u00fcl\u00e9s\u00e9re sz\u00e1m\u00edt a k\u00f6vetkez\u0151 id\u0151szakokban. A foglalkoztat\u00e1s folytat\u00f3d\u00f3 b\u0151v\u00fcl\u00e9se ir\u00e1ny\u00e1ba hatnak tov\u00e1bb\u00e1 a h\u00e1ztart\u00e1sok n\u00f6vekv\u0151 fogyaszt\u00e1sa, a v\u00e1llalatok bejelentett kapacit\u00e1sb\u0151v\u00edt\u00e9sei, a korm\u00e1ny int\u00e9zked\u00e9sei k\u00f6vetkezt\u00e9ben fellend\u00fcl\u0151 lak\u00e1s\u00e9p\u00edt\u00e9sek, valamint az EU-s forr\u00e1sok kifizet\u00e9s\u00e9nek felgyors\u00edt\u00e1sa &#8211; \u00edrt\u00e1k.(MTI)<\/p>\n","protected":false},"excerpt":{"rendered":"<p>Mintegy 105 ezerrel dolgoztak t\u00f6bben a versenyszf\u00e9r\u00e1ban Magyarorsz\u00e1gon, mint egy \u00e9ve a legfrissebb, 2017. febru\u00e1r-\u00e1prilisi adatok szerint. A nemzetgazdas\u00e1gi t\u00e1rca kiemelte: 2010 hasonl\u00f3 id\u0151szak\u00e1hoz k\u00e9pest \u00edgy 685 ezerrel n\u0151tt a foglalkoztatottak sz\u00e1ma, amely n\u00f6veked\u00e9s d\u00f6nt\u0151en a hazai versenyszf\u00e9r\u00e1ban k\u00f6vetkezett be, ahol 475 ezer f\u0151vel n\u0151tt a l\u00e9tsz\u00e1m.<\/p>\n","protected":false},"author":1,"featured_media":0,"comment_status":"closed","ping_status":"open","sticky":false,"template":"","format":"standard","meta":[],"categories":[19],"tags":[],"_links":{"self":[{"href":"https:\/\/gazdasagportal.hu\/index.php\/wp-json\/wp\/v2\/posts\/93516"}],"collection":[{"href":"https:\/\/gazdasagportal.hu\/index.php\/wp-json\/wp\/v2\/posts"}],"about":[{"href":"https:\/\/gazdasagportal.hu\/index.php\/wp-json\/wp\/v2\/types\/post"}],"author":[{"embeddable":true,"href":"https:\/\/gazdasagportal.hu\/index.php\/wp-json\/wp\/v2\/users\/1"}],"replies":[{"embeddable":true,"href":"https:\/\/gazdasagportal.hu\/index.php\/wp-json\/wp\/v2\/comments?post=93516"}],"version-history":[{"count":1,"href":"https:\/\/gazdasagportal.hu\/index.php\/wp-json\/wp\/v2\/posts\/93516\/revisions"}],"predecessor-version":[{"id":93517,"href":"https:\/\/gazdasagportal.hu\/index.php\/wp-json\/wp\/v2\/posts\/93516\/revisions\/93517"}],"wp:attachment":[{"href":"https:\/\/gazdasagportal.hu\/index.php\/wp-json\/wp\/v2\/media?parent=93516"}],"wp:term":[{"taxonomy":"category","embeddable":true,"href":"https:\/\/gazdasagportal.hu\/index.php\/wp-json\/wp\/v2\/categories?post=93516"},{"taxonomy":"post_tag","embeddable":true,"href":"https:\/\/gazdasagportal.hu\/index.php\/wp-json\/wp\/v2\/tags?post=93516"}],"curies":[{"name":"wp","href":"https:\/\/api.w.org\/{rel}","templated":true}]}}