{"id":93514,"date":"2017-05-26T09:54:23","date_gmt":"2017-05-26T07:54:23","guid":{"rendered":"http:\/\/gazdasagportal.hu\/?p=93514"},"modified":"2017-05-26T09:54:23","modified_gmt":"2017-05-26T07:54:23","slug":"megujult-elnokseg-a-magyarorszagi-brit-kereskedelmi-kamaranal","status":"publish","type":"post","link":"https:\/\/gazdasagportal.hu\/index.php\/megujult-elnokseg-a-magyarorszagi-brit-kereskedelmi-kamaranal\/","title":{"rendered":"Meg\u00fajult eln\u00f6ks\u00e9g a Magyarorsz\u00e1gi Brit Kereskedelmi Kamar\u00e1n\u00e1l"},"content":{"rendered":"<p><strong>Ism\u00e9t T\u00f3th Vazult v\u00e1lasztotta meg eln\u00f6k\u00e9nek a Magyarorsz\u00e1gi Brit Kereskedelmi Kamara (British Chamber of Commerce in Hungary \u2013 BCCH). Az eln\u00f6k mellett a k\u00f6zgy\u0171l\u00e9s megv\u00e1lasztotta a kamarai tan\u00e1cs tagjait is. <\/strong><strong>A rendezv\u00e9nyen r\u00e9szt vett <\/strong><strong>Iain Lindsay, az <\/strong><strong>Egyes\u00fclt Kir\u00e1lys\u00e1g budapesti <\/strong><strong>nagyk\u00f6vete.<\/strong><!--more--><\/p>\n<div class=\"ads-in-post1\"><div id=\"gazdasagportal.hu_fullbanner_wideboard\"><\/div>\r\n<\/div>\n<p>&nbsp;<\/p>\n<p>A k\u00f6zgy\u0171l\u00e9s ism\u00e9t bizalmat szavazott T\u00f3th Vazul eln\u00f6knek, aki 2013 \u00f3ta t\u00f6lti be a poz\u00edci\u00f3t. T\u00f3th Vazul a Budapest Bank quality management vezet\u0151jek\u00e9nt k\u00f6zel 20 \u00e9ves tapasztalattal rendelkezik t\u00f6bbek k\u00f6z\u00f6tt az \u00fczleti transzform\u00e1ci\u00f3, szervezeti strukt\u00fara \u00e1talak\u00edt\u00e1s, folyamat \u00fajj\u00e1szervez\u00e9sek, az innovat\u00edv \u00e9s \u00fcgyf\u00e9lk\u00f6zpont\u00fa programok bevezet\u00e9se ter\u00e9n. P\u00e1lyafut\u00e1sa sor\u00e1n jelent\u0151s nemzetk\u00f6zi tapasztalatra tett szert.<\/p><div id=\"gazda-1786833636\" class=\"gazda-tartalomban gazda-entity-placement\"><script async src=\"https:\/\/pagead2.googlesyndication.com\/pagead\/js\/adsbygoogle.js\"><\/script>\r\n<ins class=\"adsbygoogle\"\r\n     style=\"display:block\"\r\n     data-ad-format=\"fluid\"\r\n     data-ad-layout-key=\"-6t+ed+2i-1n-4w\"\r\n     data-ad-client=\"ca-pub-1959107119989764\"\r\n     data-ad-slot=\"4008251320\"><\/ins>\r\n<script>\r\n     (adsbygoogle = window.adsbygoogle || []).push({});\r\n<\/script><\/div>\n<p>&nbsp;<\/p>\n<p>A k\u00f6zgy\u0171l\u00e9s t\u00f6bb ponton is m\u00f3dos\u00edtotta a BCCH alapszab\u00e1ly\u00e1t. A Kamara munk\u00e1j\u00e1nak hat\u00e9konyabb\u00e1 t\u00e9tele \u00e9rdek\u00e9ben 2017-t\u0151l a kamarai tan\u00e1cs l\u00e9tsz\u00e1ma 9+3 f\u0151 p\u00f3ttagr\u00f3l, 7+2 f\u0151re cs\u00f6kken.<\/p>\n<p>&nbsp;<\/p>\n<p>\u201eMegtiszteltet\u00e9s, hogy \u00fajrav\u00e1lasztottak, amivel lehet\u0151s\u00e9get kaptam arra, hogy tov\u00e1bb dolgozzam a Kamara tagjainak \u00e9rdek\u00e9ben. \u00d6r\u00f6mmel t\u00f6lt el, hogy a Kamara tan\u00e1cs\u00e1ban a Magyarorsz\u00e1gon jelenl\u00e9v\u0151 jelent\u0151s brit v\u00e1llalatok k\u00e9pvisel\u0151i helyet kaptak. Ez k\u00fcl\u00f6n\u00f6sen fontos most, amikor az Egyes\u00fclt Kir\u00e1lys\u00e1g \u00fajragondolja kapcsolat\u00e1t az EU-val. A k\u00f6vetkez\u0151 id\u0151szakban m\u00e9g t\u00f6bb hangs\u00falyt fektet\u00fcnk a k\u00e9toldal\u00fa egy\u00fcttm\u0171k\u00f6d\u00e9sek fejleszt\u00e9s\u00e9re. A Kamara kulcsszerepet k\u00edv\u00e1n bet\u00f6lteni az Egyes\u00fclt Kir\u00e1lys\u00e1g \u00e9s Magyarorsz\u00e1g k\u00f6z\u00f6tti gazdas\u00e1gi kapcsolatok fejleszt\u00e9s\u00e9ben \u00e9s tov\u00e1bbi er\u0151s\u00edt\u00e9s\u00e9ben\u201d \u2013 nyilatkozta <strong>T\u00f3th Vazul<\/strong>, a BCCH eln\u00f6ke.<\/p>\n<p>&nbsp;<\/p>\n<p><strong>Iain Lindsay<\/strong>, az Egyes\u00fclt Kir\u00e1lys\u00e1g budapesti nagyk\u00f6vete a k\u00f6zgy\u0171l\u00e9sen elmondta: \u201e\u00dcdv\u00f6zl\u00f6m, hogy a Kamara m\u00e9g dinamikusabb \u00e9s felk\u00e9sz\u00fcltebb, hogy a Magyarorsz\u00e1gon jelen l\u00e9v\u0151 brit c\u00e9geknek k\u00f6zvetlen t\u00e1mogat\u00e1st ny\u00fajtson. \u00c9n \u00e9s csapatom a k\u00f6vets\u00e9gen szorosabban m\u0171k\u00f6d\u00fcnk majd egy\u00fctt a Kamar\u00e1val a k\u00f6z\u00f6s c\u00e9lok el\u00e9r\u00e9se \u00e9rdek\u00e9ben. M\u00e9lyebb kapcsolatot szeretn\u00e9nk \u00e1polni \u00e9s k\u00f6z\u00f6sen tenni a brit gazdas\u00e1gi \u00e9s \u00fczleti \u00e9rdekelts\u00e9gek\u00e9rt, az Egyes\u00fclt Kir\u00e1lys\u00e1g siker\u00e9\u00e9rt \u00e9s prosperit\u00e1s\u00e1\u00e9rt.\u201d<\/p>\n<p>&nbsp;<\/p>\n<p>A kor\u00e1bbi \u00e9vekhez hasonl\u00f3an a Kamara id\u00e9n is t\u00e1mogatja az Orsz\u00e1gos Ment\u0151szolg\u00e1lat munk\u00e1j\u00e1t. Az \u00e9ves k\u00f6zgy\u0171l\u00e9s keret\u00e9ben T\u00f3th Vazul adta \u00e1t dr. Csat\u00f3 G\u00e1bornak, a ment\u0151szolg\u00e1lat f\u0151igazgat\u00f3j\u00e1nak a Kamara adom\u00e1ny\u00e1t, 240 000 forintot.<\/p>\n<p>&nbsp;<\/p>\n<p><strong>\u00a0<\/strong><\/p>\n<p><strong>A BCCH tan\u00e1cs megv\u00e1lasztott tagjai:<\/strong><\/p>\n<ul>\n<li>T\u00f3th Vazul, a Magyarorsz\u00e1gi Brit Kereskedelmi Kamara eln\u00f6ke<\/li>\n<li>Bal\u00e1zs \u00c1rp\u00e1d, PwC Hungary<\/li>\n<li>Dennis A. Diokno, FirstMed<\/li>\n<li>Igl\u00f3di-Csat\u00f3 Judit, GSK Hungary<\/li>\n<li>Kalocsai Kinga, GE Lighting &amp; Current EMEA<\/li>\n<li>Kam Jandu, Budapest Airport<\/li>\n<li>T\u00f3th Andrea, British Automotive<\/li>\n<\/ul>\n<p><strong>\u00a0<\/strong><\/p>\n<p><strong>\u00a0<\/strong><\/p>\n<p><strong>A tan\u00e1cs k\u00e9t p\u00f3ttagj\u00e1t<\/strong> is megv\u00e1lasztotta a k\u00f6zgy\u0171l\u00e9s:<\/p>\n<ul>\n<li>Bella Zsolt, BT Global Services<\/li>\n<li>Christopher Noblet, Partos &amp; Noblet in co-operation with Hogan Lovells<\/li>\n<\/ul>\n<p><strong>\u00a0<\/strong><\/p>\n<p><strong>\u00a0<\/strong><strong>\u00a0<\/strong><\/p>\n<p><strong>A BCCH-r\u00f3l<\/strong><\/p>\n<p>A Magyarorsz\u00e1gi Brit Kereskedelmi Kamara f\u00fcggetlen non-profit szervezet, amelyet brit befektet\u0151k alap\u00edtottak 1991-ben. C\u00e9lja, hogy k\u00e9pviselje azokat a brit, magyar \u00e9s nemzetk\u00f6zi v\u00e1llalatokat, amelyek a brit \u00fczleti \u00e9rt\u00e9krendet k\u00f6vetve m\u0171k\u00f6dnek, \u00e9s emellett n\u00e9pszer\u0171s\u00edtse \u00e9s t\u00e1mogassa a brit-magyar kereskedelmi \u00e9s befektet\u00e9si folyamatokat. A kamara sz\u00e1mos lehet\u0151s\u00e9get biztos\u00edt tagjai sz\u00e1m\u00e1ra, hogy v\u00e1llalatuk h\u00edr\u00e9t n\u00f6velj\u00e9k \u00e9s versenyk\u00e9pess\u00e9g\u00fcket er\u0151s\u00edts\u00e9k a helyi \u00e9s nemzetk\u00f6zi piacokon egyar\u00e1nt. A kamara sz\u00e1mos szakmai esem\u00e9nyt szervez, kiadv\u00e1nyokat k\u00e9sz\u00edt, el\u0151seg\u00edti a nemzetk\u00f6zi \u00e9s region\u00e1lis \u00fczleti kapcsolatok fejl\u0151d\u00e9s\u00e9t, \u00fczleti szolg\u00e1ltat\u00e1sokat biztos\u00edt a BCCH tagok \u00e9s a kamara hossz\u00fa t\u00e1v\u00fa helyi tapasztalat\u00e1ra \u00e9s tud\u00e1sb\u00e1zis\u00e1ra \u00e9p\u00edtve, valamint egyedi \u00fczleti lehet\u0151s\u00e9geket \u00e9s kedvezm\u00e9nyeket biztos\u00edt tagjainak.<\/p>\n<p>&nbsp;<\/p>\n<p><strong>A Brit Kereskedelmi K\u00f6zpontr\u00f3l<\/strong><\/p>\n<p>Brit Kereskedelmi K\u00f6zpont, amely 2014-ben kezdte meg m\u0171k\u00f6d\u00e9s\u00e9t Budapesten a Brit Nagyk\u00f6vets\u00e9g, a brit korm\u00e1ny nemzetk\u00f6zi kereskedelem\u00e9rt felel\u0151s miniszt\u00e9riuma, a Department for International Trade \u00e9s a Magyarorsz\u00e1gi Brit Kereskedelmi Kamara (BCCH) \u00e9gisze alatt m\u0171k\u00f6dik. Az int\u00e9zm\u00e9ny c\u00e9lja, hogy tov\u00e1bb er\u0151s\u00edtse a k\u00e9toldal\u00fa kereskedelmi kapcsolatokat az Egyes\u00fclt Kir\u00e1lys\u00e1g \u00e9s Magyarorsz\u00e1g k\u00f6z\u00f6tt, valamint n\u00f6velje a brit kis- \u00e9s k\u00f6z\u00e9pv\u00e1llalkoz\u00e1sok exportj\u00e1t Magyarorsz\u00e1gra.<\/p>\n<p>A brit korm\u00e1ny vil\u00e1gszerte hasonl\u00f3 k\u00f6zpontokat hoz l\u00e9tre, t\u00e1mogatva a helyi kkv-k \u00e9s brit partnereik egy\u00fcttm\u0171k\u00f6d\u00e9s\u00e9t, n\u00f6velve a brit exportot a vil\u00e1g k\u00fcl\u00f6nb\u00f6z\u0151 orsz\u00e1gaiba. \u00d6sszesen 41 ilyen k\u00f6zpont m\u0171k\u00f6dik vil\u00e1gszerte, egyebek k\u00f6z\u00f6tt K\u00edn\u00e1ban, valamint a k\u00f6z\u00e9p-kelet eur\u00f3pai r\u00e9gi\u00f3 orsz\u00e1gai k\u00f6z\u00fcl Rom\u00e1ni\u00e1ban, Lengyelorsz\u00e1gban, Csehorsz\u00e1gban, Szlov\u00e1ki\u00e1ban \u00e9s Szlov\u00e9ni\u00e1ban is m\u0171k\u00f6dik m\u00e1r Brit Kereskedelmi K\u00f6zpont.<\/p>\n","protected":false},"excerpt":{"rendered":"<p>Ism\u00e9t T\u00f3th Vazult v\u00e1lasztotta meg eln\u00f6k\u00e9nek a Magyarorsz\u00e1gi Brit Kereskedelmi Kamara (British Chamber of Commerce in Hungary \u2013 BCCH). Az eln\u00f6k mellett a k\u00f6zgy\u0171l\u00e9s megv\u00e1lasztotta a kamarai tan\u00e1cs tagjait is. A rendezv\u00e9nyen r\u00e9szt vett Iain Lindsay, az Egyes\u00fclt Kir\u00e1lys\u00e1g budapesti nagyk\u00f6vete.<\/p>\n","protected":false},"author":1,"featured_media":0,"comment_status":"closed","ping_status":"open","sticky":false,"template":"","format":"standard","meta":[],"categories":[19],"tags":[],"_links":{"self":[{"href":"https:\/\/gazdasagportal.hu\/index.php\/wp-json\/wp\/v2\/posts\/93514"}],"collection":[{"href":"https:\/\/gazdasagportal.hu\/index.php\/wp-json\/wp\/v2\/posts"}],"about":[{"href":"https:\/\/gazdasagportal.hu\/index.php\/wp-json\/wp\/v2\/types\/post"}],"author":[{"embeddable":true,"href":"https:\/\/gazdasagportal.hu\/index.php\/wp-json\/wp\/v2\/users\/1"}],"replies":[{"embeddable":true,"href":"https:\/\/gazdasagportal.hu\/index.php\/wp-json\/wp\/v2\/comments?post=93514"}],"version-history":[{"count":1,"href":"https:\/\/gazdasagportal.hu\/index.php\/wp-json\/wp\/v2\/posts\/93514\/revisions"}],"predecessor-version":[{"id":93515,"href":"https:\/\/gazdasagportal.hu\/index.php\/wp-json\/wp\/v2\/posts\/93514\/revisions\/93515"}],"wp:attachment":[{"href":"https:\/\/gazdasagportal.hu\/index.php\/wp-json\/wp\/v2\/media?parent=93514"}],"wp:term":[{"taxonomy":"category","embeddable":true,"href":"https:\/\/gazdasagportal.hu\/index.php\/wp-json\/wp\/v2\/categories?post=93514"},{"taxonomy":"post_tag","embeddable":true,"href":"https:\/\/gazdasagportal.hu\/index.php\/wp-json\/wp\/v2\/tags?post=93514"}],"curies":[{"name":"wp","href":"https:\/\/api.w.org\/{rel}","templated":true}]}}