{"id":93204,"date":"2017-05-18T13:43:21","date_gmt":"2017-05-18T11:43:21","guid":{"rendered":"http:\/\/gazdasagportal.hu\/?p=93204"},"modified":"2017-05-18T13:43:37","modified_gmt":"2017-05-18T11:43:37","slug":"az-europai-bizottsag-110-millio-eurora-buntette-a-facebookot-a-whatsapp-felvasarlasa-miatt","status":"publish","type":"post","link":"https:\/\/gazdasagportal.hu\/index.php\/az-europai-bizottsag-110-millio-eurora-buntette-a-facebookot-a-whatsapp-felvasarlasa-miatt\/","title":{"rendered":"Az Eur\u00f3pai Bizotts\u00e1g 110 milli\u00f3 eur\u00f3ra b\u00fcntette a Facebookot a WhatsApp felv\u00e1s\u00e1rl\u00e1sa miatt"},"content":{"rendered":"<p><strong>110 milli\u00f3 eur\u00f3s (34 milli\u00e1rd forintos) p\u00e9nzb\u00edrs\u00e1g megfizet\u00e9s\u00e9re \u00edt\u00e9lte az Eur\u00f3pai Bizotts\u00e1g (EB) a Facebookot, arra hivatkozva, hogy az amerikai v\u00e1llalat &#8222;f\u00e9lrevezet\u0151 \u00e9s t\u00e9ves inform\u00e1ci\u00f3kat&#8221; k\u00f6z\u00f6lt a Whatsapp \u00fczenetk\u00fcld\u0151 szolg\u00e1ltat\u00f3 2014-es felv\u00e1s\u00e1rl\u00e1sakor &#8211; jelentette be a test\u00fclet cs\u00fct\u00f6rt\u00f6k\u00f6n.<\/strong><!--more--><\/p>\n<div class=\"ads-in-post1\"><div id=\"gazdasagportal.hu_fullbanner_wideboard\"><\/div>\r\n<\/div>\n<p>    A bizotts\u00e1g els\u0151sorban azt kifog\u00e1solja, hogy az \u00e9rintettek azt \u00e1ll\u00edtott\u00e1k a felv\u00e1s\u00e1rl\u00e1s versenyjogi vizsg\u00e1latakor, hogy &#8222;nem k\u00e9pesek automatikusan \u00f6sszekapcsolni ugyanazon felhaszn\u00e1l\u00f3 Facebook- \u00e9s Whatsapp-fi\u00f3kjait&#8221;, k\u00e9s\u0151bb azonban ezt lehet\u0151v\u00e9 tett\u00e9k, \u00e9s az EB szerint m\u00e1r kor\u00e1bban is tudhatt\u00e1k, hogy ez technikailag lehets\u00e9ges.<br \/>\n    A d\u00f6nt\u00e9s vil\u00e1gos jelz\u00e9st k\u00fcld a c\u00e9geknek, hogy a v\u00e1llalati f\u00fazi\u00f3kn\u00e1l az uni\u00f3s szab\u00e1lyoknak mindenben eleget kell tenni, ide \u00e9rtve a helyes inform\u00e1ci\u00f3k megad\u00e1s\u00e1ra vonatkoz\u00f3 k\u00f6telezetts\u00e9get is &#8211; k\u00f6z\u00f6lte Margrethe Vestager uni\u00f3s versenyjogi biztos, a b\u00fcntet\u00e9st &#8222;ar\u00e1nyosnak, de elrettent\u0151nek&#8221; nevezve.<br \/>\n    A szab\u00e1lyok \u00e9rtelm\u00e9ben a tranzakci\u00f3ban \u00e9rintett, sz\u00e1nd\u00e9kosan vagy hanyags\u00e1gb\u00f3l f\u00e9lrevezet\u0151 inform\u00e1ci\u00f3kat k\u00f6zl\u0151 c\u00e9gek \u00f6sszes\u00edtett bev\u00e9tel\u00e9nek ak\u00e1r az 1 sz\u00e1zal\u00e9k\u00e1t kitev\u0151 b\u00edrs\u00e1got is kiszabhat az EB.<br \/>\n    A br\u00fcsszeli k\u00f6zlem\u00e9nyben kiemelt\u00e9k, hogy a d\u00f6nt\u00e9snek nincs visszamen\u0151leges hat\u00e1lya a felv\u00e1s\u00e1rl\u00e1s enged\u00e9lyez\u00e9s\u00e9re, nincs hat\u00e1ssal a m\u00e1r lez\u00e1rt elj\u00e1r\u00e1sra.<br \/>\n    A bejelent\u00e9sre reag\u00e1lva a Facebook azt k\u00f6z\u00f6lte, hogy nem sz\u00e1nd\u00e9kosan vezett\u00e9k f\u00e9lre a bizotts\u00e1got. &#8222;J\u00f3hiszem\u0171en j\u00e1rtunk el m\u00e1r az els\u0151 t\u00e1rgyal\u00e1st\u00f3l kezdve, val\u00f3s inform\u00e1ci\u00f3kat akartunk mindig biztos\u00edtani&#8221; &#8211; mondta az amerikai c\u00e9g egyik sz\u00f3viv\u0151je.<br \/>\n    A Facebook 2014-ben 19 milli\u00e1rd doll\u00e1r\u00e9rt v\u00e1s\u00e1rolta meg a Whatsappot.(MTI)<\/p>\n","protected":false},"excerpt":{"rendered":"<p>110 milli\u00f3 eur\u00f3s (34 milli\u00e1rd forintos) p\u00e9nzb\u00edrs\u00e1g megfizet\u00e9s\u00e9re \u00edt\u00e9lte az Eur\u00f3pai Bizotts\u00e1g (EB) a Facebookot, arra hivatkozva, hogy az amerikai v\u00e1llalat &#8222;f\u00e9lrevezet\u0151 \u00e9s t\u00e9ves inform\u00e1ci\u00f3kat&#8221; k\u00f6z\u00f6lt a Whatsapp \u00fczenetk\u00fcld\u0151 szolg\u00e1ltat\u00f3 2014-es felv\u00e1s\u00e1rl\u00e1sakor &#8211; jelentette be a test\u00fclet cs\u00fct\u00f6rt\u00f6k\u00f6n.<\/p>\n","protected":false},"author":1,"featured_media":48471,"comment_status":"closed","ping_status":"open","sticky":false,"template":"","format":"standard","meta":[],"categories":[403,146,8,246],"tags":[],"_links":{"self":[{"href":"https:\/\/gazdasagportal.hu\/index.php\/wp-json\/wp\/v2\/posts\/93204"}],"collection":[{"href":"https:\/\/gazdasagportal.hu\/index.php\/wp-json\/wp\/v2\/posts"}],"about":[{"href":"https:\/\/gazdasagportal.hu\/index.php\/wp-json\/wp\/v2\/types\/post"}],"author":[{"embeddable":true,"href":"https:\/\/gazdasagportal.hu\/index.php\/wp-json\/wp\/v2\/users\/1"}],"replies":[{"embeddable":true,"href":"https:\/\/gazdasagportal.hu\/index.php\/wp-json\/wp\/v2\/comments?post=93204"}],"version-history":[{"count":1,"href":"https:\/\/gazdasagportal.hu\/index.php\/wp-json\/wp\/v2\/posts\/93204\/revisions"}],"predecessor-version":[{"id":93205,"href":"https:\/\/gazdasagportal.hu\/index.php\/wp-json\/wp\/v2\/posts\/93204\/revisions\/93205"}],"wp:featuredmedia":[{"embeddable":true,"href":"https:\/\/gazdasagportal.hu\/index.php\/wp-json\/wp\/v2\/media\/48471"}],"wp:attachment":[{"href":"https:\/\/gazdasagportal.hu\/index.php\/wp-json\/wp\/v2\/media?parent=93204"}],"wp:term":[{"taxonomy":"category","embeddable":true,"href":"https:\/\/gazdasagportal.hu\/index.php\/wp-json\/wp\/v2\/categories?post=93204"},{"taxonomy":"post_tag","embeddable":true,"href":"https:\/\/gazdasagportal.hu\/index.php\/wp-json\/wp\/v2\/tags?post=93204"}],"curies":[{"name":"wp","href":"https:\/\/api.w.org\/{rel}","templated":true}]}}