{"id":93198,"date":"2017-05-18T11:10:36","date_gmt":"2017-05-18T09:10:36","guid":{"rendered":"http:\/\/gazdasagportal.hu\/?p=93198"},"modified":"2017-05-18T11:10:36","modified_gmt":"2017-05-18T09:10:36","slug":"mar-csak-ot-nap-van-a-szemelyi-jovedelemado-bevallasok-leadasara","status":"publish","type":"post","link":"https:\/\/gazdasagportal.hu\/index.php\/mar-csak-ot-nap-van-a-szemelyi-jovedelemado-bevallasok-leadasara\/","title":{"rendered":"M\u00e1r csak \u00f6t nap van a szem\u00e9lyi j\u00f6vedelemad\u00f3-bevall\u00e1sok lead\u00e1s\u00e1ra"},"content":{"rendered":"<p><strong>M\u00e1r csak \u00f6t nap van a szem\u00e9lyi j\u00f6vedelemad\u00f3-bevall\u00e1sok lead\u00e1s\u00e1ra, amit az ad\u00f3z\u00f3k m\u00e9g szombat d\u00e9lel\u0151tt is megtehetnek a budapesti Eurocenterben &#8211; k\u00f6z\u00f6lte a Nemzeti Ad\u00f3 \u00e9s V\u00e1mhivatal (NAV) cs\u00fct\u00f6rt\u00f6k\u00f6n az MTI-vel.<\/strong><!--more--><\/p>\n<div class=\"ads-in-post1\"><div id=\"gazdasagportal.hu_fullbanner_wideboard\"><\/div>\r\n<\/div>\n<p>    A k\u00f6zlem\u00e9ny szerint a B\u00e9csi \u00fati bev\u00e1s\u00e1rl\u00f3k\u00f6zpontban a NAV munkat\u00e1rsai v\u00e1rj\u00e1k az \u00fcgyfeleket f\u00e9l 9-t\u0151l d\u00e9lut\u00e1n 1 \u00f3r\u00e1ig a bevall\u00e1si tervezetek v\u00e9gleges\u00edt\u00e9s\u00e9re, de a szakemberek a pap\u00edralap\u00fa bevall\u00e1s kit\u00f6lt\u00e9s\u00e9ben is seg\u00edtenek.<br \/>\n    Kor\u00e1bban post\u00e1n csaknem 820 ezren kapt\u00e1k meg a bevall\u00e1si tervezetet a NAV-t\u00f3l. Az ad\u00f3hivatal felh\u00edvta a figyelmet, hogy akiknek visszaj\u00e1r a befizetett ad\u00f3b\u00f3l vagy fizetni\u00fck kell a bevall\u00e1skor \u00e9s r\u00e9szletfizet\u00e9st k\u00e9rn\u00e9nek, azoknak a bevall\u00e1si tervezet szem\u00e9lyre szabott mell\u00e9klet\u00e9t kell kit\u00f6lteni \u00e9s visszak\u00fcldeni m\u00e1jus 22-ig.<br \/>\n    Emellett mindenki, aki maga k\u00e9sz\u00edt szja-bevall\u00e1st, vagy a tervezetet fogadja el &#8211; s\u0151t m\u00e9g az az egy\u00e9ni v\u00e1llalkoz\u00f3 is, aki febru\u00e1rban nem nyilatkozott a felaj\u00e1nl\u00e1sr\u00f3l, m\u00e1jus 22-\u00e9n \u00e9jf\u00e9lig rendelkezhet ad\u00f3ja 1+1 sz\u00e1zal\u00e9k\u00e1r\u00f3l.<br \/>\n    A NAV t\u00e1j\u00e9koztatott arr\u00f3l is, hogy akik elakadnak a tervezet j\u00f3v\u00e1hagy\u00e1s\u00e1ban, esetleges kieg\u00e9sz\u00edt\u00e9s\u00e9ben, vagy a felaj\u00e1nl\u00e1sban, az ad\u00f3hivatal \u00e1ltal\u00e1nos t\u00e1j\u00e9koztat\u00f3 rendszer\u00e9t h\u00edvhatj\u00e1k. A hivatal munkat\u00e1rsai munkanapokon 8.30-t\u00f3l 18 \u00f3r\u00e1ig, h\u00e9tv\u00e9g\u00e9n 8.30-t\u00f3l 13.30-ig fogadj\u00e1k a szem\u00e9lyi j\u00f6vedelemad\u00f3z\u00e1ssal kapcsolatos k\u00e9rd\u00e9seket.(MTI)<\/p>\n","protected":false},"excerpt":{"rendered":"<p>M\u00e1r csak \u00f6t nap van a szem\u00e9lyi j\u00f6vedelemad\u00f3-bevall\u00e1sok lead\u00e1s\u00e1ra, amit az ad\u00f3z\u00f3k m\u00e9g szombat d\u00e9lel\u0151tt is megtehetnek a budapesti Eurocenterben &#8211; k\u00f6z\u00f6lte a Nemzeti Ad\u00f3 \u00e9s V\u00e1mhivatal (NAV) cs\u00fct\u00f6rt\u00f6k\u00f6n az MTI-vel.<\/p>\n","protected":false},"author":1,"featured_media":0,"comment_status":"closed","ping_status":"open","sticky":false,"template":"","format":"standard","meta":[],"categories":[20,19],"tags":[],"_links":{"self":[{"href":"https:\/\/gazdasagportal.hu\/index.php\/wp-json\/wp\/v2\/posts\/93198"}],"collection":[{"href":"https:\/\/gazdasagportal.hu\/index.php\/wp-json\/wp\/v2\/posts"}],"about":[{"href":"https:\/\/gazdasagportal.hu\/index.php\/wp-json\/wp\/v2\/types\/post"}],"author":[{"embeddable":true,"href":"https:\/\/gazdasagportal.hu\/index.php\/wp-json\/wp\/v2\/users\/1"}],"replies":[{"embeddable":true,"href":"https:\/\/gazdasagportal.hu\/index.php\/wp-json\/wp\/v2\/comments?post=93198"}],"version-history":[{"count":1,"href":"https:\/\/gazdasagportal.hu\/index.php\/wp-json\/wp\/v2\/posts\/93198\/revisions"}],"predecessor-version":[{"id":93199,"href":"https:\/\/gazdasagportal.hu\/index.php\/wp-json\/wp\/v2\/posts\/93198\/revisions\/93199"}],"wp:attachment":[{"href":"https:\/\/gazdasagportal.hu\/index.php\/wp-json\/wp\/v2\/media?parent=93198"}],"wp:term":[{"taxonomy":"category","embeddable":true,"href":"https:\/\/gazdasagportal.hu\/index.php\/wp-json\/wp\/v2\/categories?post=93198"},{"taxonomy":"post_tag","embeddable":true,"href":"https:\/\/gazdasagportal.hu\/index.php\/wp-json\/wp\/v2\/tags?post=93198"}],"curies":[{"name":"wp","href":"https:\/\/api.w.org\/{rel}","templated":true}]}}