{"id":93186,"date":"2017-05-18T07:49:22","date_gmt":"2017-05-18T05:49:22","guid":{"rendered":"http:\/\/gazdasagportal.hu\/?p=93186"},"modified":"2017-05-18T07:30:21","modified_gmt":"2017-05-18T05:30:21","slug":"szakerto-egy-politikai-korszak-veget-jelzi-a-macron-kabinet-osszetetele","status":"publish","type":"post","link":"https:\/\/gazdasagportal.hu\/index.php\/szakerto-egy-politikai-korszak-veget-jelzi-a-macron-kabinet-osszetetele\/","title":{"rendered":"Szak\u00e9rt\u0151: egy politikai korszak v\u00e9g\u00e9t jelzi a Macron-kabinet \u00f6sszet\u00e9tele"},"content":{"rendered":"<p><strong>Sz\u0171cs Anita Franciaorsz\u00e1g-szak\u00e9rt\u0151 szerint egy politikai korszak v\u00e9g\u00e9t jelzi az \u00faj p\u00e1rizsi kabinet \u00f6sszet\u00e9tele, hiszen &#8211; ak\u00e1rcsak Charles De Gaulle hat \u00e9vtizeddel ezel\u0151tt &#8211; Emmanuel Macron nem magukat a p\u00e1rtokat, hanem egyes r\u00e9szeiket vonja be a korm\u00e1nyz\u00e1sba.<\/strong><!--more--><\/p>\n<div class=\"ads-in-post1\"><div id=\"gazdasagportal.hu_fullbanner_wideboard\"><\/div>\r\n<\/div>\n<p>    A Budapesti Corvinus Egyetem docense az M1 aktu\u00e1lis csatorna cs\u00fct\u00f6rt\u00f6k reggeli ad\u00e1s\u00e1ban azt mondta: &#8222;nagyon izgalmas kabinet&#8221; vezeti a k\u00f6vetkez\u0151 v\u00e1laszt\u00e1sokig az orsz\u00e1got, a korm\u00e1nyban &#8222;mindenki benne van, aki sz\u00e1m\u00edt&#8221;. Miut\u00e1n a baloldal egyik fel\u00e9t m\u00e1r maga mell\u00e9 \u00e1ll\u00edtotta eln\u00f6ki kamp\u00e1ny\u00e1ban Macron, most a jobboldalon is elindult ez a folyamat &#8211; tette hozz\u00e1.<br \/>\n    A szak\u00e9rt\u0151 hangs\u00falyozta: Macron teljes\u00edtette azt az \u00edg\u00e9ret\u00e9t, hogy a miniszterek fele nem a politik\u00e1b\u00f3l \u00e9rkezik \u00e9s egyenl\u0151 lesz a f\u00e9rfiak \u00e9s a n\u0151k sz\u00e1ma, a kisebb korm\u00e1ny pedig jelzi, hogy az \u00faj \u00e1llamf\u0151 elk\u00f6telezett az \u00e1llam karcs\u00fas\u00edt\u00e1sa ir\u00e1nt.(MTI)<\/p>\n","protected":false},"excerpt":{"rendered":"<p>Sz\u0171cs Anita Franciaorsz\u00e1g-szak\u00e9rt\u0151 szerint egy politikai korszak v\u00e9g\u00e9t jelzi az \u00faj p\u00e1rizsi kabinet \u00f6sszet\u00e9tele, hiszen &#8211; ak\u00e1rcsak Charles De Gaulle hat \u00e9vtizeddel ezel\u0151tt &#8211; Emmanuel Macron nem magukat a p\u00e1rtokat, hanem egyes r\u00e9szeiket vonja be a korm\u00e1nyz\u00e1sba.<\/p>\n","protected":false},"author":1,"featured_media":0,"comment_status":"closed","ping_status":"open","sticky":false,"template":"","format":"standard","meta":[],"categories":[12],"tags":[],"_links":{"self":[{"href":"https:\/\/gazdasagportal.hu\/index.php\/wp-json\/wp\/v2\/posts\/93186"}],"collection":[{"href":"https:\/\/gazdasagportal.hu\/index.php\/wp-json\/wp\/v2\/posts"}],"about":[{"href":"https:\/\/gazdasagportal.hu\/index.php\/wp-json\/wp\/v2\/types\/post"}],"author":[{"embeddable":true,"href":"https:\/\/gazdasagportal.hu\/index.php\/wp-json\/wp\/v2\/users\/1"}],"replies":[{"embeddable":true,"href":"https:\/\/gazdasagportal.hu\/index.php\/wp-json\/wp\/v2\/comments?post=93186"}],"version-history":[{"count":1,"href":"https:\/\/gazdasagportal.hu\/index.php\/wp-json\/wp\/v2\/posts\/93186\/revisions"}],"predecessor-version":[{"id":93187,"href":"https:\/\/gazdasagportal.hu\/index.php\/wp-json\/wp\/v2\/posts\/93186\/revisions\/93187"}],"wp:attachment":[{"href":"https:\/\/gazdasagportal.hu\/index.php\/wp-json\/wp\/v2\/media?parent=93186"}],"wp:term":[{"taxonomy":"category","embeddable":true,"href":"https:\/\/gazdasagportal.hu\/index.php\/wp-json\/wp\/v2\/categories?post=93186"},{"taxonomy":"post_tag","embeddable":true,"href":"https:\/\/gazdasagportal.hu\/index.php\/wp-json\/wp\/v2\/tags?post=93186"}],"curies":[{"name":"wp","href":"https:\/\/api.w.org\/{rel}","templated":true}]}}