{"id":93176,"date":"2017-05-17T17:26:29","date_gmt":"2017-05-17T15:26:29","guid":{"rendered":"http:\/\/gazdasagportal.hu\/?p=93176"},"modified":"2017-05-17T17:26:29","modified_gmt":"2017-05-17T15:26:29","slug":"kedvezo-elso-negyedevet-zart-a-generali-csoport","status":"publish","type":"post","link":"https:\/\/gazdasagportal.hu\/index.php\/kedvezo-elso-negyedevet-zart-a-generali-csoport\/","title":{"rendered":"Kedvez\u0151 els\u0151 negyed\u00e9vet z\u00e1rt a Generali Csoport"},"content":{"rendered":"<p><strong>Az olaszorsz\u00e1gi k\u00f6zpont\u00fa biztos\u00edt\u00f3, a Generali Csoport m\u0171k\u00f6d\u00e9si eredm\u00e9nye 2017 els\u0151 negyed\u00e9v\u00e9ben 4,2 sz\u00e1zal\u00e9kos emelked\u00e9ssel meghaladta az 1,2 milli\u00e1rd eur\u00f3t, m\u00edg az ad\u00f3zott eredm\u00e9ny 515 milli\u00f3 eur\u00f3 volt &#8211; der\u00fcl ki a v\u00e1llalat MTI-hez szerd\u00e1n eljuttatott sajt\u00f3k\u00f6zlem\u00e9ny\u00e9b\u0151l.<\/strong><!--more--><\/p>\n<div class=\"ads-in-post1\"><div id=\"gazdasagportal.hu_fullbanner_wideboard\"><\/div>\r\n<\/div>\n<p>    Az idei els\u0151 negyed\u00e9vben ism\u00e9t teljes\u00edtette strat\u00e9giailag kit\u0171z\u00f6tt p\u00e9nz\u00fcgyi c\u00e9ljait a Generali Csoport.<br \/>\n    Az \u00e9letbiztos\u00edt\u00e1si szektor kiemelked\u0151en nyeres\u00e9ges volt, az \u00faj \u00e9rt\u00e9kes\u00edt\u00e9s nyeres\u00e9gh\u00e1nyada (NBM) 37,8 sz\u00e1zal\u00e9kra n\u0151tt.<br \/>\n    A 13,6 sz\u00e1zal\u00e9kos g\u00f6rd\u00fcl\u0151 saj\u00e1tt\u0151ke-ar\u00e1nyos megt\u00e9r\u00fcl\u00e9s meghaladja a kit\u0171z\u00f6tt 13 sz\u00e1zal\u00e9kos  c\u00e9lt. A t\u00f6bb mint 19,2 milli\u00e1rd eur\u00f3s d\u00edjbev\u00e9tel \u00f6sszess\u00e9g\u00e9ben 2,5 sz\u00e1zal\u00e9kkal esett vissza az els\u0151 negyed\u00e9vben.<br \/>\n    A &#8222;nem-\u00e9let&#8221; \u00fczlet\u00e1g d\u00edjbev\u00e9telei 1,9 sz\u00e1zal\u00e9kkal n\u0151ttek, m\u00edg az \u00e9let \u00fczlet\u00e1gban a fegyelmezettebb hozz\u00e1\u00e1ll\u00e1s hat\u00e1s\u00e1ra 4,6 sz\u00e1zal\u00e9kkal cs\u00f6kkentek.<br \/>\n    A Generali Csoport id\u00e9n m\u00e1jusban \u00faj strat\u00e9gi\u00e1t hat\u00e1rozott meg a vagyonkezel\u00e9si \u00fczlet\u00e1g er\u0151s\u00edt\u00e9s\u00e9re. Ennek \u00e9rtelm\u00e9ben 2020-ig kiterjesztik a befektet\u00e9si kapacit\u00e1st \u00e9s sz\u00e9lesebb term\u00e9kportf\u00f3li\u00f3t \u00e9p\u00edtenek ki. A c\u00e9l, hogy 2020-ra a Generali 500 milli\u00f3 eur\u00f3s vagyont kezeljen, a vagyonkezel\u00e9si \u00fczlet\u00e1g ad\u00f3zott eredm\u00e9nye pedig el\u00e9rje az \u00e9vi 300 milli\u00f3 eur\u00f3t.<br \/>\n    A Generali Biztos\u00edt\u00f3 Magyarorsz\u00e1g egyik vezet\u0151 biztos\u00edt\u00f3t\u00e1rsas\u00e1ga, az olaszorsz\u00e1gi k\u00f6zpont\u00fa Generali Csoport tagja. Az 1831-ben alap\u00edtott v\u00e1llalatcsoport t\u00f6bb mint 60 orsz\u00e1gban van jelen, 2016-os teljes d\u00edjbev\u00e9tele meghaladta a 70 milli\u00e1rd eur\u00f3t.<br \/>\n    A vil\u00e1gszerte t\u00f6bb mint 74 ezer alkalmazottat foglalkoztat\u00f3 \u00e9s k\u00f6zel 55 milli\u00f3 \u00fcgyfelet kiszolg\u00e1l\u00f3 csoport egyike a vezet\u0151 nyugat-eur\u00f3pai biztos\u00edt\u00f3t\u00e1rsas\u00e1goknak, valamint egyre fontosabb szerepl\u0151je a k\u00f6z\u00e9p-kelet-eur\u00f3pai \u00e9s \u00e1zsiai piacoknak.<br \/>\n    2017-ben a Generali Csoport is beker\u00fclt a vil\u00e1g legfenntarthat\u00f3bb v\u00e1llalatai k\u00f6z\u00e9 a Corporate Knights ranglist\u00e1j\u00e1n.<br \/>\n(MTI)<\/p>\n","protected":false},"excerpt":{"rendered":"<p>Az olaszorsz\u00e1gi k\u00f6zpont\u00fa biztos\u00edt\u00f3, a Generali Csoport m\u0171k\u00f6d\u00e9si eredm\u00e9nye 2017 els\u0151 negyed\u00e9v\u00e9ben 4,2 sz\u00e1zal\u00e9kos emelked\u00e9ssel meghaladta az 1,2 milli\u00e1rd eur\u00f3t, m\u00edg az ad\u00f3zott eredm\u00e9ny 515 milli\u00f3 eur\u00f3 volt &#8211; der\u00fcl ki a v\u00e1llalat MTI-hez szerd\u00e1n eljuttatott sajt\u00f3k\u00f6zlem\u00e9ny\u00e9b\u0151l.<\/p>\n","protected":false},"author":1,"featured_media":0,"comment_status":"closed","ping_status":"open","sticky":false,"template":"","format":"standard","meta":[],"categories":[8,7],"tags":[],"_links":{"self":[{"href":"https:\/\/gazdasagportal.hu\/index.php\/wp-json\/wp\/v2\/posts\/93176"}],"collection":[{"href":"https:\/\/gazdasagportal.hu\/index.php\/wp-json\/wp\/v2\/posts"}],"about":[{"href":"https:\/\/gazdasagportal.hu\/index.php\/wp-json\/wp\/v2\/types\/post"}],"author":[{"embeddable":true,"href":"https:\/\/gazdasagportal.hu\/index.php\/wp-json\/wp\/v2\/users\/1"}],"replies":[{"embeddable":true,"href":"https:\/\/gazdasagportal.hu\/index.php\/wp-json\/wp\/v2\/comments?post=93176"}],"version-history":[{"count":1,"href":"https:\/\/gazdasagportal.hu\/index.php\/wp-json\/wp\/v2\/posts\/93176\/revisions"}],"predecessor-version":[{"id":93177,"href":"https:\/\/gazdasagportal.hu\/index.php\/wp-json\/wp\/v2\/posts\/93176\/revisions\/93177"}],"wp:attachment":[{"href":"https:\/\/gazdasagportal.hu\/index.php\/wp-json\/wp\/v2\/media?parent=93176"}],"wp:term":[{"taxonomy":"category","embeddable":true,"href":"https:\/\/gazdasagportal.hu\/index.php\/wp-json\/wp\/v2\/categories?post=93176"},{"taxonomy":"post_tag","embeddable":true,"href":"https:\/\/gazdasagportal.hu\/index.php\/wp-json\/wp\/v2\/tags?post=93176"}],"curies":[{"name":"wp","href":"https:\/\/api.w.org\/{rel}","templated":true}]}}