{"id":93168,"date":"2017-05-17T12:58:13","date_gmt":"2017-05-17T10:58:13","guid":{"rendered":"http:\/\/gazdasagportal.hu\/?p=93168"},"modified":"2017-05-17T12:58:13","modified_gmt":"2017-05-17T10:58:13","slug":"gyorsulo-utemben-emelkedtek-a-fogyasztoi-arak-az-euroovezetben-es-az-eu-ban-aprilisban","status":"publish","type":"post","link":"https:\/\/gazdasagportal.hu\/index.php\/gyorsulo-utemben-emelkedtek-a-fogyasztoi-arak-az-euroovezetben-es-az-eu-ban-aprilisban\/","title":{"rendered":"Gyorsul\u00f3 \u00fctemben emelkedtek a fogyaszt\u00f3i \u00e1rak az eur\u00f3\u00f6vezetben \u00e9s az EU-ban \u00e1prilisban"},"content":{"rendered":"<p><strong>Gyorsul\u00f3 \u00fctemben emelkedtek az \u00e9ves \u00f6sszevet\u00e9s\u0171 fogyaszt\u00f3i \u00e1rak az eur\u00f3\u00f6vezetben \u00e9s az Eur\u00f3pai Uni\u00f3ban \u00e1prilisban. <\/strong><!--more--><\/p>\n<div class=\"ads-in-post1\"><div id=\"gazdasagportal.hu_fullbanner_wideboard\"><\/div>\r\n<\/div>\n<p>    Az Eur\u00f3pai Uni\u00f3 statisztikai hivatala (Eurostat) \u00e1ltal szerd\u00e1n k\u00f6z\u00f6lt adatok szerint a 19 orsz\u00e1got t\u00f6m\u00f6r\u00edt\u0151 eur\u00f3z\u00f3n\u00e1ban, az elemz\u0151i v\u00e1rakoz\u00e1sokkal \u00f6sszhangban, 1,9 sz\u00e1zal\u00e9kkal n\u0151ttek a fogyaszt\u00f3i \u00e1rak tavaly \u00e1prilishoz k\u00e9pes. M\u00e1rciusban 1,5 sz\u00e1zal\u00e9kot tett ki az \u00e9ves szint\u0171 \u00e1remelked\u00e9s, m\u00edg egy \u00e9vvel kor\u00e1bban 0,2 sz\u00e1zal\u00e9kos cs\u00f6kken\u00e9st m\u00e9rtek.<br \/>\n    A 28 tag\u00fa uni\u00f3ban 2,0 sz\u00e1zal\u00e9kkal n\u0151ttek a fogyaszt\u00f3i \u00e1rak \u00e9ves \u00f6sszevet\u00e9sben. M\u00e1rciusban 1,6 sz\u00e1zal\u00e9kos, tavaly \u00e1prilisban pedig m\u00ednusz 0,2 sz\u00e1zal\u00e9kos volt az \u00e9ves infl\u00e1ci\u00f3.<br \/>\n    \u00c1prilisban az el\u0151z\u0151 h\u00f3naphoz k\u00e9pest az eur\u00f3\u00f6vezetben \u00e9s az uni\u00f3ban is 0,4-0,4 sz\u00e1zal\u00e9kkal n\u00f6vekedtek a fogyaszt\u00f3i \u00e1rak.<br \/>\n    A gyakran v\u00e1ltoz\u00e9kony energia-, \u00e9lelmiszer- \u00e9s doh\u00e1ny\u00e1rakat nem tartalmaz\u00f3 maginfl\u00e1ci\u00f3 \u00e9ves \u00f6sszevet\u00e9sben 1,2 sz\u00e1zal\u00e9kkal, 2013 j\u00faniusa \u00f3ta nem tapasztalt m\u00e9rt\u00e9kben, havi szinten pedig 0,5 sz\u00e1zal\u00e9kkal n\u0151tt az eur\u00f3\u00f6vezetben.<br \/>\n    Az energia\u00e1rakat nem sz\u00e1molva \u00e9ves szinten 1,3 sz\u00e1zal\u00e9kkal emelkedtek a fogyaszt\u00f3i \u00e1rak az eur\u00f3\u00f6vezetben. Az energia 7,6 sz\u00e1zal\u00e9kkal &#8211; azon bel\u00fcl az \u00fczemanyagok 11,2 sz\u00e1zal\u00e9kkal, a f\u0171t\u0151olaj pedig 21,2 sz\u00e1zal\u00e9kkal &#8211; dr\u00e1gult. A szolg\u00e1ltat\u00e1sok \u00e1ra 1,8 sz\u00e1zal\u00e9kkal, az \u00e9lelmiszer-, alkohol- \u00e9s doh\u00e1nyterm\u00e9kek\u00e9 pedig 1,5 sz\u00e1zal\u00e9kkal n\u00f6vekedett.<br \/>\n    Az \u00e9v negyedik h\u00f3napj\u00e1ban a legalacsonyabb \u00e9ves r\u00e1t\u00e1t Rom\u00e1ni\u00e1ban (0,6 sz\u00e1zal\u00e9k), \u00cdrorsz\u00e1gban (0,7 sz\u00e1zal\u00e9k) \u00e9s Szlov\u00e1ki\u00e1ban (0,8 sz\u00e1zal\u00e9k) m\u00e9rt\u00e9k, m\u00edg a legnagyobb \u00e9rt\u00e9ket \u00c9sztorsz\u00e1gban (3,6 sz\u00e1zal\u00e9k) Litv\u00e1ni\u00e1ban (3,5 sz\u00e1zal\u00e9k) \u00e9s Lettorsz\u00e1gban (3,3 sz\u00e1zal\u00e9k) jegyezt\u00e9k fel.<br \/>\n    A legnagyobb gazdas\u00e1gok k\u00f6z\u00fcl N\u00e9metorsz\u00e1gban \u00e9s Olaszorsz\u00e1gban egyar\u00e1nt 2,0 sz\u00e1zal\u00e9kkal, Franciaorsz\u00e1gban 1,4 sz\u00e1zal\u00e9kkal, Spanyolorsz\u00e1gban 2,6 sz\u00e1zal\u00e9kkal, Nagy-Britanni\u00e1ban pedig 2,7 sz\u00e1zal\u00e9kkal ugrottak meg a fogyaszt\u00f3i \u00e1rak.<br \/>\n    Az Eurostat Magyarorsz\u00e1g eset\u00e9ben \u00e9ves \u00f6sszehasonl\u00edt\u00e1sban 2,3 sz\u00e1zal\u00e9kos, az el\u0151z\u0151 h\u00f3naphoz k\u00e9pest pedig 0,4 sz\u00e1zal\u00e9kos \u00e1remelked\u00e9st jelzett \u00e1prilisban.<br \/>\n    A fogyaszt\u00f3i \u00e1rak emelked\u00e9s\u00e9nek gyorsul\u00e1sa j\u00f3 h\u00edr az Eur\u00f3pai K\u00f6zponti Banknak (EKB), amely igyekszik felp\u00f6rgetni az infl\u00e1ci\u00f3t. Az \u00e9ves infl\u00e1ci\u00f3 \u00fcteme az EKB 2 sz\u00e1zal\u00e9kos c\u00e9lsz\u00e1ma k\u00f6r\u00fcl mozgott id\u00e9n az eur\u00f3\u00f6vezetben, de a maginfl\u00e1ci\u00f3 tov\u00e1bbra is messze alatta \u00e1ll.(MTI)<\/p>\n","protected":false},"excerpt":{"rendered":"<p>Gyorsul\u00f3 \u00fctemben emelkedtek az \u00e9ves \u00f6sszevet\u00e9s\u0171 fogyaszt\u00f3i \u00e1rak az eur\u00f3\u00f6vezetben \u00e9s az Eur\u00f3pai Uni\u00f3ban \u00e1prilisban.<\/p>\n","protected":false},"author":1,"featured_media":0,"comment_status":"closed","ping_status":"open","sticky":false,"template":"","format":"standard","meta":[],"categories":[246],"tags":[],"_links":{"self":[{"href":"https:\/\/gazdasagportal.hu\/index.php\/wp-json\/wp\/v2\/posts\/93168"}],"collection":[{"href":"https:\/\/gazdasagportal.hu\/index.php\/wp-json\/wp\/v2\/posts"}],"about":[{"href":"https:\/\/gazdasagportal.hu\/index.php\/wp-json\/wp\/v2\/types\/post"}],"author":[{"embeddable":true,"href":"https:\/\/gazdasagportal.hu\/index.php\/wp-json\/wp\/v2\/users\/1"}],"replies":[{"embeddable":true,"href":"https:\/\/gazdasagportal.hu\/index.php\/wp-json\/wp\/v2\/comments?post=93168"}],"version-history":[{"count":1,"href":"https:\/\/gazdasagportal.hu\/index.php\/wp-json\/wp\/v2\/posts\/93168\/revisions"}],"predecessor-version":[{"id":93169,"href":"https:\/\/gazdasagportal.hu\/index.php\/wp-json\/wp\/v2\/posts\/93168\/revisions\/93169"}],"wp:attachment":[{"href":"https:\/\/gazdasagportal.hu\/index.php\/wp-json\/wp\/v2\/media?parent=93168"}],"wp:term":[{"taxonomy":"category","embeddable":true,"href":"https:\/\/gazdasagportal.hu\/index.php\/wp-json\/wp\/v2\/categories?post=93168"},{"taxonomy":"post_tag","embeddable":true,"href":"https:\/\/gazdasagportal.hu\/index.php\/wp-json\/wp\/v2\/tags?post=93168"}],"curies":[{"name":"wp","href":"https:\/\/api.w.org\/{rel}","templated":true}]}}