{"id":93133,"date":"2017-05-16T14:20:33","date_gmt":"2017-05-16T12:20:33","guid":{"rendered":"http:\/\/gazdasagportal.hu\/?p=93133"},"modified":"2017-05-16T14:20:33","modified_gmt":"2017-05-16T12:20:33","slug":"mnb-elemzes-az-orszagvedelmi-alap-torlesevel-lehet-elerni-a-hianycelt-jovore","status":"publish","type":"post","link":"https:\/\/gazdasagportal.hu\/index.php\/mnb-elemzes-az-orszagvedelmi-alap-torlesevel-lehet-elerni-a-hianycelt-jovore\/","title":{"rendered":"MNB-elemz\u00e9s: az Orsz\u00e1gv\u00e9delmi Alap t\u00f6rl\u00e9s\u00e9vel lehet el\u00e9rni a hi\u00e1nyc\u00e9lt j\u00f6v\u0151re"},"content":{"rendered":"<p><strong>Elmaradhatnak a 2018-as k\u00f6lts\u00e9gvet\u00e9si t\u00f6rv\u00e9nyjavaslatban szerepl\u0151 el\u0151ir\u00e1nyzatt\u00f3l az egyes bev\u00e9telek \u00e9s kiad\u00e1sok, \u00edgy az Orsz\u00e1gv\u00e9delmi Alap t\u00f6rl\u00e9se eset\u00e9n lehet el\u00e9rni a kit\u0171z\u00f6tt 2,4 sz\u00e1zal\u00e9kos GDP-ar\u00e1nyos hi\u00e1nyc\u00e9lt &#8211; \u00e1llap\u00edtja meg a Magyar Nemzeti Bank (MNB) kedden k\u00f6zz\u00e9tett k\u00f6lts\u00e9gvet\u00e9si jelent\u00e9s\u00e9ben.<\/strong><!--more--><\/p>\n<div class=\"ads-in-post1\"><div id=\"gazdasagportal.hu_fullbanner_wideboard\"><\/div>\r\n<\/div>\n<p>    Az Orsz\u00e1gv\u00e9delmi Alap 60 milli\u00e1rd forint tartal\u00e9kot jelent.<br \/>\n    A jegybank el\u0151rejelz\u00e9se szerint 2017-ben a k\u00f6lts\u00e9gvet\u00e9si hi\u00e1ny a t\u00f6rv\u00e9nyi el\u0151ir\u00e1nyzat alatt teljes\u00fclhet, ez\u00e9rt \u00e9rdemes lehet megvizsg\u00e1lni, megval\u00f3s\u00edthat\u00f3-e az id\u00e9n egyes kiad\u00e1sok el\u0151rehoz\u00e1sa egyr\u00e9szt azok biztons\u00e1gos teljes\u00edt\u00e9se, m\u00e1sfel\u0151l a 2018. \u00e9vi hi\u00e1nyc\u00e9l el\u00e9r\u00e9s\u00e9nek megk\u00f6nny\u00edt\u00e9se \u00e9rdek\u00e9ben.<br \/>\n    A k\u00f6lts\u00e9gvet\u00e9si t\u00f6rv\u00e9nyjavaslat megfelel az alapt\u00f6rv\u00e9nyben megfogalmazott ad\u00f3ss\u00e1gszab\u00e1lynak, a stabilit\u00e1si t\u00f6rv\u00e9nyben szerepl\u0151 ad\u00f3ss\u00e1gszab\u00e1lynak \u00e9s 3 sz\u00e1zal\u00e9kos hi\u00e1ny k\u00f6vetelm\u00e9nynek, valamint az Eur\u00f3pai Uni\u00f3 stabilit\u00e1si \u00e9s n\u00f6veked\u00e9si egyezm\u00e9ny\u00e9nek korrekci\u00f3s \u00e1g\u00e1hoz tartoz\u00f3 szab\u00e1lyoknak, sz\u00f6gezi le a jegybank jelent\u00e9se.<br \/>\n    A t\u00f6rv\u00e9nyjavaslatban szerepl\u0151 4,3 sz\u00e1zal\u00e9kos j\u00f6v\u0151 \u00e9vi gazdas\u00e1gi n\u00f6veked\u00e9si el\u0151rejelz\u00e9s jelent\u0151sen meghaladja a jegybank m\u00e1rciusi Infl\u00e1ci\u00f3s jelent\u00e9s\u00e9nek 3,7 sz\u00e1zal\u00e9kos progn\u00f3zis\u00e1t \u00e9s a piaci elemz\u0151i v\u00e1rakoz\u00e1sokat. A javaslat a magasabb GDP-dinamik\u00e1t els\u0151sorban a h\u00e1ztart\u00e1sok fogyaszt\u00e1s\u00e1nak \u00e9l\u00e9nkebb b\u0151v\u00fcl\u00e9s\u00e9vel magyar\u00e1zza. A k\u00f6lts\u00e9gvet\u00e9si el\u0151rejelz\u00e9s az MNB el\u0151rejelz\u00e9s\u00e9hez viszony\u00edtva \u00e9l\u00e9nkebb b\u00e9rt\u00f6meg-n\u00f6veked\u00e9st prognosztiz\u00e1l, a magasabb l\u00e9tsz\u00e1mb\u0151v\u00fcl\u00e9sb\u0151l \u00e9s b\u00e9remelked\u00e9sb\u0151l fakad. A magasabb fogyaszt\u00e1s \u00e9s b\u00e9rt\u00f6meg-b\u0151v\u00fcl\u00e9s miatt a k\u00f6lts\u00e9gvet\u00e9s munk\u00e1t \u00e9s fogyaszt\u00e1st terhel\u0151 ad\u00f3kra vonatkoz\u00f3 el\u0151rejelz\u00e9se a GDP 0,7 sz\u00e1zal\u00e9k\u00e1val haladja meg az MNB progn\u00f3zis\u00e1t &#8211; \u00edrt\u00e1k.<br \/>\n    Az MNB szerint a GDP-ar\u00e1nyos ad\u00f3ss\u00e1gr\u00e1ta javaslatban szerepl\u0151 1,9 sz\u00e1zal\u00e9kpont helyett &#8211; m\u00e9rs\u00e9keltebb gazdas\u00e1gi n\u00f6veked\u00e9s mellett &#8211; 0,7-0,8 sz\u00e1zal\u00e9kponttal cs\u00f6kkenhet j\u00f6v\u0151re, 72,4 sz\u00e1zal\u00e9kra \u00e9v v\u00e9g\u00e9re. Az ad\u00f3ss\u00e1gr\u00e1ta \u00e9rdemi, \u00e9venk\u00e9nti 0,7-0,8 sz\u00e1zal\u00e9kpontos cs\u00f6kken\u00e9s\u00e9t az alacsony k\u00f6lts\u00e9gvet\u00e9si hi\u00e1ny \u00e9s a dinamikus gazdas\u00e1gi n\u00f6veked\u00e9s t\u00e1mogatja. Az alapt\u00f6rv\u00e9ny ad\u00f3ss\u00e1gszab\u00e1lya, ami a K\u00f6lts\u00e9gvet\u00e9si Tan\u00e1cs k\u00e9s\u0151bbi d\u00f6nt\u00e9s\u00e9nek f\u00f3kusz\u00e1ban lesz, teh\u00e1t v\u00e1rhat\u00f3an teljes\u00fcl &#8211; \u00edrt\u00e1k.<br \/>\n    A jegybank el\u0151rejelz\u00e9se szerint teljes\u00fclhet a forr\u00e1skifizet\u00e9sre vonatkoz\u00f3 2 418 milli\u00e1rd forintos el\u0151ir\u00e1nyzat, ugyanakkor az effekt\u00edv forr\u00e1sfelhaszn\u00e1l\u00e1s elmaradhat a k\u00f6lts\u00e9gvet\u00e9si t\u00f6rv\u00e9nyben szerepl\u0151 \u00e9rt\u00e9kt\u0151l, a jegybanknak kifizet\u00e9sek szerkezet\u00e9re vonatkoz\u00f3, a t\u00f6rv\u00e9nyjavaslatban szerepl\u0151t\u0151l elt\u00e9r\u0151 v\u00e1rakoz\u00e1sai miatt.<br \/>\n    Az MNB jelent\u00e9s\u00e9ben azt is meg\u00e1llap\u00edtotta, hogy a t\u00f6rv\u00e9nyjavaslatban szerepl\u0151 2,4 sz\u00e1zal\u00e9kos struktur\u00e1lis hi\u00e1ny nincs \u00f6sszhangban Magyarorsz\u00e1g konvergenciaprogramj\u00e1ban a 2018. \u00e9vre meghat\u00e1rozott k\u00f6z\u00e9pt\u00e1v\u00fa k\u00f6lts\u00e9gvet\u00e9si hi\u00e1nyc\u00e9llal. A javaslat indokol\u00e1sa szerint 2018-ban a 2,4 sz\u00e1zal\u00e9kos uni\u00f3s m\u00f3dszertan szerinti k\u00f6lts\u00e9gvet\u00e9si hi\u00e1nynak 2,4 sz\u00e1zal\u00e9kos struktur\u00e1lis deficit feleltethet\u0151 meg. Az Eur\u00f3pai Uni\u00f3 struktur\u00e1lis hi\u00e1nyra vonatkoz\u00f3 krit\u00e9riuma \u00e9s a stabilit\u00e1si t\u00f6rv\u00e9ny ezen nyugv\u00f3 k\u00f6vetelm\u00e9nye ugyanakkor el\u0151\u00edrja, hogy a korm\u00e1nyzati szektor egyenleg\u00e9t \u00fagy kell meghat\u00e1rozni, hogy az \u00f6sszhangban legyen a k\u00f6z\u00e9pt\u00e1v\u00fa k\u00f6lts\u00e9gvet\u00e9si c\u00e9l el\u00e9r\u00e9s\u00e9vel, amely Magyarorsz\u00e1g eset\u00e9ben jelenleg a GDP 1,5 sz\u00e1zal\u00e9ka. A t\u00f6rv\u00e9nyjavaslat szerint az \u00e1tmenetileg megemelked\u0151 struktur\u00e1lis hi\u00e1ny t\u00e1mogatja a gazdas\u00e1g n\u00f6veked\u00e9s\u00e9t, lehet\u0151v\u00e9 teszi a gazdas\u00e1g- \u00e9s t\u00e1rsadalompolitikai priorit\u00e1sok \u00e9rv\u00e9nyes\u00edt\u00e9s\u00e9t, mik\u00f6zben \u00f6sszhangban marad a k\u00f6z\u00e9pt\u00e1v\u00fa k\u00f6lts\u00e9gvet\u00e9si c\u00e9llal, amelyet 2020-ban el\u00e9r, 2021-ben pedig t\u00falteljes\u00edt &#8211; \u00edrta a jegybank k\u00f6lts\u00e9gvet\u00e9si jelent\u00e9s\u00e9ben.(MTI)<\/p>\n","protected":false},"excerpt":{"rendered":"<p>Elmaradhatnak a 2018-as k\u00f6lts\u00e9gvet\u00e9si t\u00f6rv\u00e9nyjavaslatban szerepl\u0151 el\u0151ir\u00e1nyzatt\u00f3l az egyes bev\u00e9telek \u00e9s kiad\u00e1sok, \u00edgy az Orsz\u00e1gv\u00e9delmi Alap t\u00f6rl\u00e9se eset\u00e9n lehet el\u00e9rni a kit\u0171z\u00f6tt 2,4 sz\u00e1zal\u00e9kos GDP-ar\u00e1nyos hi\u00e1nyc\u00e9lt &#8211; \u00e1llap\u00edtja meg a Magyar Nemzeti Bank (MNB) kedden k\u00f6zz\u00e9tett k\u00f6lts\u00e9gvet\u00e9si jelent\u00e9s\u00e9ben.<\/p>\n","protected":false},"author":1,"featured_media":0,"comment_status":"closed","ping_status":"open","sticky":false,"template":"","format":"standard","meta":[],"categories":[19],"tags":[],"_links":{"self":[{"href":"https:\/\/gazdasagportal.hu\/index.php\/wp-json\/wp\/v2\/posts\/93133"}],"collection":[{"href":"https:\/\/gazdasagportal.hu\/index.php\/wp-json\/wp\/v2\/posts"}],"about":[{"href":"https:\/\/gazdasagportal.hu\/index.php\/wp-json\/wp\/v2\/types\/post"}],"author":[{"embeddable":true,"href":"https:\/\/gazdasagportal.hu\/index.php\/wp-json\/wp\/v2\/users\/1"}],"replies":[{"embeddable":true,"href":"https:\/\/gazdasagportal.hu\/index.php\/wp-json\/wp\/v2\/comments?post=93133"}],"version-history":[{"count":1,"href":"https:\/\/gazdasagportal.hu\/index.php\/wp-json\/wp\/v2\/posts\/93133\/revisions"}],"predecessor-version":[{"id":93134,"href":"https:\/\/gazdasagportal.hu\/index.php\/wp-json\/wp\/v2\/posts\/93133\/revisions\/93134"}],"wp:attachment":[{"href":"https:\/\/gazdasagportal.hu\/index.php\/wp-json\/wp\/v2\/media?parent=93133"}],"wp:term":[{"taxonomy":"category","embeddable":true,"href":"https:\/\/gazdasagportal.hu\/index.php\/wp-json\/wp\/v2\/categories?post=93133"},{"taxonomy":"post_tag","embeddable":true,"href":"https:\/\/gazdasagportal.hu\/index.php\/wp-json\/wp\/v2\/tags?post=93133"}],"curies":[{"name":"wp","href":"https:\/\/api.w.org\/{rel}","templated":true}]}}