{"id":93131,"date":"2017-05-16T13:45:48","date_gmt":"2017-05-16T11:45:48","guid":{"rendered":"http:\/\/gazdasagportal.hu\/?p=93131"},"modified":"2017-05-16T13:06:30","modified_gmt":"2017-05-16T11:06:30","slug":"alig-valtozott-a-gdp-bovules-uteme-az-eu-ban-es-az-euroovezetben","status":"publish","type":"post","link":"https:\/\/gazdasagportal.hu\/index.php\/alig-valtozott-a-gdp-bovules-uteme-az-eu-ban-es-az-euroovezetben\/","title":{"rendered":"Alig v\u00e1ltozott a GDP-b\u0151v\u00fcl\u00e9s \u00fcteme az EU-ban \u00e9s az eur\u00f3\u00f6vezetben"},"content":{"rendered":"<p><strong>A gyorsbecsl\u00e9snek megfelel\u0151 \u00fctemben n\u00f6vekedett az eur\u00f3\u00f6vezet gazdas\u00e1ga, az Eur\u00f3pai Uni\u00f3 gazdas\u00e1ga pedig a gyorsbecsl\u00e9sn\u00e9l n\u00e9mileg nagyobb m\u00e9rt\u00e9kben b\u0151v\u00fclt az idei els\u0151 negyed\u00e9vben &#8211; ez der\u00fclt ki az Eur\u00f3pai Uni\u00f3 statisztikai hivatala (Eurostat) \u00e1ltal kedden kiadott m\u00e1sodik becsl\u00e9sb\u0151l, amely m\u00e1r a pontosabb adatokon alapul.<\/strong><!--more--><\/p>\n<div class=\"ads-in-post1\"><div id=\"gazdasagportal.hu_fullbanner_wideboard\"><\/div>\r\n<\/div>\n<p>    A szezon\u00e1lisan kiigaz\u00edtott adatok szerint az eur\u00f3\u00f6vezetben \u00e9s az Eur\u00f3pai Uni\u00f3ban egyar\u00e1nt 0,5 sz\u00e1zal\u00e9kkal b\u0151v\u00fclt a hazai \u00f6sszterm\u00e9k (GDP) az el\u0151z\u0151 negyed\u00e9vhez k\u00e9pest a m\u00e1rcius 31-\u00e9n v\u00e9get \u00e9rt h\u00e1rom h\u00f3napban.<br \/>\n    Az eur\u00f3\u00f6vezeti adat a gyorsbecsl\u00e9snek megfelel\u0151en alakult, m\u00edg az uni\u00f3s gazdas\u00e1gi b\u0151v\u00fcl\u00e9sre vonatkoz\u00f3 adatot 0,4 sz\u00e1zal\u00e9kr\u00f3l 0,5 sz\u00e1zal\u00e9kra m\u00f3dos\u00edtotta az Eurostat.<br \/>\n    A tavalyi negyedik negyed\u00e9vben az eur\u00f3\u00f6vezetben 0,5 sz\u00e1zal\u00e9kkal, az Eur\u00f3pai Uni\u00f3ban pedig 0,6 sz\u00e1zal\u00e9kkal n\u0151tt a GDP.<br \/>\n    Az el\u0151z\u0151 \u00e9v azonos id\u0151szak\u00e1hoz k\u00e9pest az eur\u00f3\u00f6vezetben 1,7 sz\u00e1zal\u00e9kkal, az Eur\u00f3pai Uni\u00f3ban pedig 2,0 sz\u00e1zal\u00e9kkal n\u00f6vekedett a gazdas\u00e1g az idei els\u0151 negyed\u00e9vben.<br \/>\n    Az eur\u00f3\u00f6vezeti adat a gyorsbecsl\u00e9snek megfelel\u0151en alakult, m\u00edg az uni\u00f3s gazdas\u00e1gi b\u0151v\u00fcl\u00e9sre vonatkoz\u00f3 adatot 1,9 sz\u00e1zal\u00e9kr\u00f3l 2,0 sz\u00e1zal\u00e9kra m\u00f3dos\u00edtotta az Eurostat.<br \/>\n    A negyedik negyed\u00e9vben az eur\u00f3\u00f6vezetben 1,8 sz\u00e1zal\u00e9kkal, az EU-ban pedig 1,9 sz\u00e1zal\u00e9kkal b\u0151v\u00fclt a GDP \u00e9ves \u00f6sszehasonl\u00edt\u00e1sban.<br \/>\n    Az Eurostat k\u00f6zlem\u00e9ny\u00e9ben \u00f6sszehasonl\u00edt\u00e1sk\u00e9ppen jelezte, hogy az Egyes\u00fclt \u00c1llamok gazdas\u00e1ga 0,2 sz\u00e1zal\u00e9kkal n\u00f6vekedett az els\u0151 negyed\u00e9vben &#8211; a negyedik negyed\u00e9vi 0,5 sz\u00e1zal\u00e9k ut\u00e1n -, m\u00edg \u00e9ves \u00f6sszevet\u00e9sben 1,9 sz\u00e1zal\u00e9kos emelked\u00e9st m\u00e9rtek az el\u0151z\u0151 negyed\u00e9vi 2,0 sz\u00e1zal\u00e9kos b\u0151v\u00fcl\u00e9s ut\u00e1n.<br \/>\n    Az orsz\u00e1gokra lebontott statisztika m\u00e9g er\u0151sen hi\u00e1nyos, h\u00e9t uni\u00f3s tag\u00e1llam eset\u00e9ben csak a tavalyi negyedik negyed\u00e9ves GDP-adat szerepel. A marad\u00e9k huszonegy uni\u00f3s tag\u00e1llam k\u00f6z\u00fcl a negyedik negyed\u00e9vhez k\u00e9pest Rom\u00e1nia gazdas\u00e1ga b\u0151v\u00fclt a legnagyobb m\u00e9rt\u00e9kben, 1,7 sz\u00e1zal\u00e9kkal, majd Finnorsz\u00e1g k\u00f6vetkezik 1,6 sz\u00e1zal\u00e9kkal, ut\u00e1na pedig Lettorsz\u00e1g (1,5 sz\u00e1zal\u00e9k), Litv\u00e1nia (1,4 sz\u00e1zal\u00e9k) majd Magyarorsz\u00e1g \u00e9s Csehorsz\u00e1g (egyar\u00e1nt 1,3 sz\u00e1zal\u00e9k). Visszaes\u00e9st m\u00e9rtek G\u00f6r\u00f6gorsz\u00e1gban (0,1 sz\u00e1zal\u00e9k).<br \/>\n    Az el\u0151z\u0151 \u00e9v els\u0151 negyed\u00e9v\u00e9hez k\u00e9pest Rom\u00e1nia hazai \u00f6sszterm\u00e9ke n\u0151tt a leger\u0151sebb, 5,6 sz\u00e1zal\u00e9kos \u00fctemben, majd Litv\u00e1nia \u00e9s Lengyelorsz\u00e1g (egyar\u00e1nt 4,1 sz\u00e1zal\u00e9k), ut\u00e1na pedig Lettorsz\u00e1g (3,9 sz\u00e1zal\u00e9k) k\u00f6vetkezik.<br \/>\n    Magyarorsz\u00e1g gazdas\u00e1ga negyed\u00e9ves \u00f6sszehasonl\u00edt\u00e1sban 1,3 sz\u00e1zal\u00e9kkal, \u00e9ves \u00f6sszevet\u00e9sben pedig 3,7 sz\u00e1zal\u00e9kkal n\u00f6vekedett id\u00e9n janu\u00e1r-m\u00e1rciusban.<br \/>\n    Az Eurostat j\u00fanius 8-\u00e1n hozza nyilv\u00e1noss\u00e1gra a v\u00e9gleges adatokat tartalmaz\u00f3 harmadik becsl\u00e9st.(MTI)<\/p>\n","protected":false},"excerpt":{"rendered":"<p>A gyorsbecsl\u00e9snek megfelel\u0151 \u00fctemben n\u00f6vekedett az eur\u00f3\u00f6vezet gazdas\u00e1ga, az Eur\u00f3pai Uni\u00f3 gazdas\u00e1ga pedig a gyorsbecsl\u00e9sn\u00e9l n\u00e9mileg nagyobb m\u00e9rt\u00e9kben b\u0151v\u00fclt az idei els\u0151 negyed\u00e9vben &#8211; ez der\u00fclt ki az Eur\u00f3pai Uni\u00f3 statisztikai hivatala (Eurostat) \u00e1ltal kedden kiadott m\u00e1sodik becsl\u00e9sb\u0151l, amely m\u00e1r a pontosabb adatokon alapul.<\/p>\n","protected":false},"author":1,"featured_media":0,"comment_status":"closed","ping_status":"open","sticky":false,"template":"","format":"standard","meta":[],"categories":[246],"tags":[],"_links":{"self":[{"href":"https:\/\/gazdasagportal.hu\/index.php\/wp-json\/wp\/v2\/posts\/93131"}],"collection":[{"href":"https:\/\/gazdasagportal.hu\/index.php\/wp-json\/wp\/v2\/posts"}],"about":[{"href":"https:\/\/gazdasagportal.hu\/index.php\/wp-json\/wp\/v2\/types\/post"}],"author":[{"embeddable":true,"href":"https:\/\/gazdasagportal.hu\/index.php\/wp-json\/wp\/v2\/users\/1"}],"replies":[{"embeddable":true,"href":"https:\/\/gazdasagportal.hu\/index.php\/wp-json\/wp\/v2\/comments?post=93131"}],"version-history":[{"count":1,"href":"https:\/\/gazdasagportal.hu\/index.php\/wp-json\/wp\/v2\/posts\/93131\/revisions"}],"predecessor-version":[{"id":93132,"href":"https:\/\/gazdasagportal.hu\/index.php\/wp-json\/wp\/v2\/posts\/93131\/revisions\/93132"}],"wp:attachment":[{"href":"https:\/\/gazdasagportal.hu\/index.php\/wp-json\/wp\/v2\/media?parent=93131"}],"wp:term":[{"taxonomy":"category","embeddable":true,"href":"https:\/\/gazdasagportal.hu\/index.php\/wp-json\/wp\/v2\/categories?post=93131"},{"taxonomy":"post_tag","embeddable":true,"href":"https:\/\/gazdasagportal.hu\/index.php\/wp-json\/wp\/v2\/tags?post=93131"}],"curies":[{"name":"wp","href":"https:\/\/api.w.org\/{rel}","templated":true}]}}