{"id":93123,"date":"2017-05-16T11:42:34","date_gmt":"2017-05-16T09:42:34","guid":{"rendered":"http:\/\/gazdasagportal.hu\/?p=93123"},"modified":"2017-05-16T11:42:34","modified_gmt":"2017-05-16T09:42:34","slug":"zew-javultak-a-konjunkturalis-kilatasok-az-euroovezetben-es-nemetorszagban","status":"publish","type":"post","link":"https:\/\/gazdasagportal.hu\/index.php\/zew-javultak-a-konjunkturalis-kilatasok-az-euroovezetben-es-nemetorszagban\/","title":{"rendered":"ZEW: javultak a konjunktur\u00e1lis kil\u00e1t\u00e1sok az eur\u00f3\u00f6vezetben \u00e9s N\u00e9metorsz\u00e1gban"},"content":{"rendered":"<p><strong>M\u00e1jusban az eur\u00f3\u00f6vezetben \u00e9s N\u00e9metorsz\u00e1gban is javult \u00e9s 21 h\u00f3napja a legmagasabbra emelkedett a gazdas\u00e1gi szerepl\u0151k konjunktur\u00e1lis v\u00e1rakoz\u00e1sa a mannheimi ZEW gazdas\u00e1gi kutat\u00f3 int\u00e9zet gazdas\u00e1gi szerepl\u0151k k\u00f6r\u00e9ben v\u00e9gzett felm\u00e9r\u00e9se szerint.<\/strong><!--more--><\/p>\n<div class=\"ads-in-post1\"><div id=\"gazdasagportal.hu_fullbanner_wideboard\"><\/div>\r\n<\/div>\n<p>A mannheimi Zentrum f\u00fcr Europ\u00e4ische Wirtschaftsforschung GmbH (ZEW) gazdas\u00e1gi kutat\u00f3 int\u00e9zet kedden k\u00f6zz\u00e9tett kimutat\u00e1s\u00e1ban a n\u00e9met gazdas\u00e1gi szerepl\u0151k konjunktur\u00e1lis v\u00e1rakoz\u00e1sait sz\u00e1mszer\u0171s\u00edt\u0151 mutat\u00f3 1,1 ponttal 20,6 pontra emelkedett m\u00e1jusban az el\u0151z\u0151 havi 19,5 pontr\u00f3l.<br \/>\nElemz\u0151k valamivel jobb \u00e9rt\u00e9ket, 22,0 pontot v\u00e1rtak m\u00e1jusra, az el\u00e9rt 20,6 pont azonban ezzel egy\u00fctt is 21 h\u00f3napja, 2015 augusztusa \u00f3ta a legmagasabb lett.<br \/>\nA m\u00e1jusban el\u00e9rt 20,6 pont azonban m\u00e9g elmarad a mutat\u00f3 23,9 pontos hossz\u00fa t\u00e1v\u00fa \u00e1tlag\u00e1t\u00f3l.<br \/>\nAz aktu\u00e1lis n\u00e9metorsz\u00e1gi konjunktur\u00e1lis helyzetet 3,8 ponttal \u00e9rt\u00e9kelt\u00e9k jobbnak az el\u0151z\u0151 havin\u00e1l a felm\u00e9r\u00e9sbe bevont gazdas\u00e1gi szerepl\u0151k, \u00edgy a mutat\u00f3 m\u00e1jusban 83,9 pontra emelkedett az el\u0151z\u0151 havi 80,1 pontr\u00f3l.<br \/>\nAz aktu\u00e1lis konjunktur\u00e1lis helyzet meg\u00edt\u00e9l\u00e9s\u00e9nek \u00e9s a v\u00e1rakoz\u00e1soknak egy\u00fcttes javul\u00e1sa a n\u00e9met gazdas\u00e1g j\u00f3 \u00e1llapot\u00e1r\u00f3l tan\u00faskodik &#8211; komment\u00e1lta a felm\u00e9r\u00e9s meg\u00e1llap\u00edt\u00e1sait Achim Wambach, a ZEW eln\u00f6ke, hangs\u00falyozva, hogy a javul\u00e1s az eur\u00f3\u00f6vezetben is jelent\u0151snek bizonyult.<br \/>\nAz eur\u00f3\u00f6vezeti konjunktur\u00e1lis kil\u00e1t\u00e1sok meg\u00edt\u00e9l\u00e9se l\u00e9nyegesen javult a gazdas\u00e1gi szerepl\u0151k k\u00f6r\u00e9ben: 8,8 ponttal 35,1 pontra, 2015 augusztusa \u00f3ta a legmagasabbra emelkedett m\u00e1jusban az \u00e1prilisi 26,3 pontr\u00f3l. Elemz\u0151k 29,1 pontot v\u00e1rtak m\u00e1jusra.<br \/>\nAz aktu\u00e1lis eur\u00f3\u00f6vezeti konjunktur\u00e1lis helyzetet 6,8 ponttal \u00e9rt\u00e9kelt\u00e9k jobbnak a gazdas\u00e1gi szerepl\u0151k m\u00e1jusban az el\u0151z\u0151 havin\u00e1l. A mutat\u00f3 18,3 pontra emelkedett.(MTI)<br \/>\n<strong><a title=\"Hely megnyit\u00e1sa\" href=\"http:\/\/download.zew.de\/05_2017.pdf\" target=\"_blank\" rel=\"noopener\">http:\/\/download.zew.de\/05_2017.pdf<\/a><\/strong><\/p>\n<p>&nbsp;<\/p><div id=\"gazda-3647462219\" class=\"gazda-tartalomban gazda-entity-placement\"><script async src=\"https:\/\/pagead2.googlesyndication.com\/pagead\/js\/adsbygoogle.js\"><\/script>\r\n<ins class=\"adsbygoogle\"\r\n     style=\"display:block\"\r\n     data-ad-format=\"fluid\"\r\n     data-ad-layout-key=\"-6t+ed+2i-1n-4w\"\r\n     data-ad-client=\"ca-pub-1959107119989764\"\r\n     data-ad-slot=\"4008251320\"><\/ins>\r\n<script>\r\n     (adsbygoogle = window.adsbygoogle || []).push({});\r\n<\/script><\/div>\n","protected":false},"excerpt":{"rendered":"<p>M\u00e1jusban az eur\u00f3\u00f6vezetben \u00e9s N\u00e9metorsz\u00e1gban is javult \u00e9s 21 h\u00f3napja a legmagasabbra emelkedett a gazdas\u00e1gi szerepl\u0151k konjunktur\u00e1lis v\u00e1rakoz\u00e1sa a mannheimi ZEW gazdas\u00e1gi kutat\u00f3 int\u00e9zet gazdas\u00e1gi szerepl\u0151k k\u00f6r\u00e9ben v\u00e9gzett felm\u00e9r\u00e9se szerint.<\/p>\n","protected":false},"author":1,"featured_media":0,"comment_status":"closed","ping_status":"open","sticky":false,"template":"","format":"standard","meta":[],"categories":[246],"tags":[],"_links":{"self":[{"href":"https:\/\/gazdasagportal.hu\/index.php\/wp-json\/wp\/v2\/posts\/93123"}],"collection":[{"href":"https:\/\/gazdasagportal.hu\/index.php\/wp-json\/wp\/v2\/posts"}],"about":[{"href":"https:\/\/gazdasagportal.hu\/index.php\/wp-json\/wp\/v2\/types\/post"}],"author":[{"embeddable":true,"href":"https:\/\/gazdasagportal.hu\/index.php\/wp-json\/wp\/v2\/users\/1"}],"replies":[{"embeddable":true,"href":"https:\/\/gazdasagportal.hu\/index.php\/wp-json\/wp\/v2\/comments?post=93123"}],"version-history":[{"count":1,"href":"https:\/\/gazdasagportal.hu\/index.php\/wp-json\/wp\/v2\/posts\/93123\/revisions"}],"predecessor-version":[{"id":93124,"href":"https:\/\/gazdasagportal.hu\/index.php\/wp-json\/wp\/v2\/posts\/93123\/revisions\/93124"}],"wp:attachment":[{"href":"https:\/\/gazdasagportal.hu\/index.php\/wp-json\/wp\/v2\/media?parent=93123"}],"wp:term":[{"taxonomy":"category","embeddable":true,"href":"https:\/\/gazdasagportal.hu\/index.php\/wp-json\/wp\/v2\/categories?post=93123"},{"taxonomy":"post_tag","embeddable":true,"href":"https:\/\/gazdasagportal.hu\/index.php\/wp-json\/wp\/v2\/tags?post=93123"}],"curies":[{"name":"wp","href":"https:\/\/api.w.org\/{rel}","templated":true}]}}