{"id":93119,"date":"2017-05-16T10:48:14","date_gmt":"2017-05-16T08:48:14","guid":{"rendered":"http:\/\/gazdasagportal.hu\/?p=93119"},"modified":"2017-05-16T10:48:14","modified_gmt":"2017-05-16T08:48:14","slug":"ksh-41-szazalekkal-nott-a-gdp-az-elso-negyedevben","status":"publish","type":"post","link":"https:\/\/gazdasagportal.hu\/index.php\/ksh-41-szazalekkal-nott-a-gdp-az-elso-negyedevben\/","title":{"rendered":"KSH: 4,1 sz\u00e1zal\u00e9kkal n\u0151tt a GDP az els\u0151 negyed\u00e9vben"},"content":{"rendered":"<p><strong>A brutt\u00f3 hazai term\u00e9k (GDP) 4,1 sz\u00e1zal\u00e9kkal n\u0151tt az els\u0151 negyed\u00e9vben az el\u0151z\u0151 \u00e9v azonos id\u0151szak\u00e1hoz viszony\u00edtva &#8211; jelentette els\u0151 becsl\u00e9se alapj\u00e1n a K\u00f6zponti Statisztikai Hivatal (KSH) kedden. A napt\u00e1rhat\u00e1ssal kiigaz\u00edtva 3,7 sz\u00e1zal\u00e9kos volt az \u00e9ves \u00f6sszevet\u00e9s\u0171 gazdas\u00e1gi n\u00f6veked\u00e9s, \u00e9s ugyanannyi az egy\u00e9b rendk\u00edv\u00fcli hat\u00e1sokt\u00f3l is megsz\u0171rt szezon\u00e1lisan \u00e9s napt\u00e1rhat\u00e1ssal korrig\u00e1lt adat.  <\/strong><!--more--><\/p>\n<div class=\"ads-in-post1\"><div id=\"gazdasagportal.hu_fullbanner_wideboard\"><\/div>\r\n<\/div>\n<p>    Az el\u0151z\u0151 negyed\u00e9vhez m\u00e9rten 1,3 sz\u00e1zal\u00e9kkal emelkedett a brutt\u00f3 hazai term\u00e9k volumene a szezon\u00e1lisan \u00e9s napt\u00e1rhat\u00e1ssal kiigaz\u00edtott adatok szerint az els\u0151 h\u00e1rom h\u00f3napban.     A n\u00f6veked\u00e9shez legnagyobb m\u00e9rt\u00e9kben az ipar \u00e9s a piaci alap\u00fa szolg\u00e1ltat\u00e1sok j\u00e1rultak hozz\u00e1.     Az elemz\u0151i konszenzus 3,5 sz\u00e1zal\u00e9kos b\u0151v\u00fcl\u00e9st prognosztiz\u00e1lt. Utolj\u00e1ra 2014 m\u00e1sodik negyed\u00e9v\u00e9ben n\u0151tt hasonl\u00f3 m\u00e9rt\u00e9kben a GDP, akkor 4,5 sz\u00e1zal\u00e9kkal. Els\u0151 negyed\u00e9vben 2006 \u00f3ta nem volt magasabb n\u00f6veked\u00e9s.     Az adatok ismertet\u00e9sekor Sz\u0151k\u00e9n\u00e9 Boros Zsuzsanna, a KSH f\u0151oszt\u00e1lyvezet\u0151je elmondta: az ipar, \u00e9p\u00edt\u0151ipar is er\u0151sen n\u0151tt, amiben az alacsony b\u00e1zis is szerepet j\u00e1tszott, \u00e9s a piaci szolg\u00e1ltat\u00e1sok is hozt\u00e1k a szok\u00e1sos n\u00f6veked\u00e9si \u00fctemet.     Az \u00e9p\u00edt\u0151ipar 24,7 sz\u00e1zal\u00e9kkal emelkedett az idei els\u0151 h\u00e1rom h\u00f3napban a tavalyi alacsony b\u00e1zisr\u00f3l, amikor 27,6 sz\u00e1zal\u00e9kos visszaes\u00e9st szenvedett el.<br \/>\n    Az idei n\u00f6veked\u00e9sben val\u00f3sz\u00edn\u0171leg az uni\u00f3s t\u00e1mogat\u00e1sok hat\u00e1sa l\u00e1tszik. Az iparban a feldolgoz\u00f3ipar, azon bel\u00fcl a j\u00e1rm\u0171gy\u00e1rt\u00e1s, a sz\u00e1m\u00edt\u00f3g\u00e9pek, elektronikai, optikai term\u00e9kek gy\u00e1rt\u00e1sa \u00e9s a gy\u00f3gyszergy\u00e1rt\u00e1s is megugrott.<br \/>\n    A mez\u0151gazdas\u00e1gn\u00e1l nem l\u00e1tnak jelenleg semmi n\u00f6veked\u00e9st, az most kiv\u00e9tel &#8211; jegyezte meg a KSH szak\u00e9rt\u0151je.     A f\u0151oszt\u00e1lyvezet\u0151 szerint a kereskedelemben \u00e9reztette a hat\u00e1s\u00e1t, hogy jelent\u0151sen n\u0151tt az els\u0151 alkalommal forgalomba helyezett \u00faj aut\u00f3k sz\u00e1ma, ami a h\u00e1ztart\u00e1sokon t\u00fal a v\u00e1llalkoz\u00e1sok \u00e1ltal v\u00e1s\u00e1rolt t\u00e9teleket is tartalmazza.(MTI)<\/p>\n","protected":false},"excerpt":{"rendered":"<p>A brutt\u00f3 hazai term\u00e9k (GDP) 4,1 sz\u00e1zal\u00e9kkal n\u0151tt az els\u0151 negyed\u00e9vben az el\u0151z\u0151 \u00e9v azonos id\u0151szak\u00e1hoz viszony\u00edtva &#8211; jelentette els\u0151 becsl\u00e9se alapj\u00e1n a K\u00f6zponti Statisztikai Hivatal (KSH) kedden. A napt\u00e1rhat\u00e1ssal kiigaz\u00edtva 3,7 sz\u00e1zal\u00e9kos volt az \u00e9ves \u00f6sszevet\u00e9s\u0171 gazdas\u00e1gi n\u00f6veked\u00e9s, \u00e9s ugyanannyi az egy\u00e9b rendk\u00edv\u00fcli hat\u00e1sokt\u00f3l is megsz\u0171rt szezon\u00e1lisan \u00e9s napt\u00e1rhat\u00e1ssal korrig\u00e1lt adat.<\/p>\n","protected":false},"author":1,"featured_media":0,"comment_status":"closed","ping_status":"open","sticky":false,"template":"","format":"standard","meta":[],"categories":[19],"tags":[],"_links":{"self":[{"href":"https:\/\/gazdasagportal.hu\/index.php\/wp-json\/wp\/v2\/posts\/93119"}],"collection":[{"href":"https:\/\/gazdasagportal.hu\/index.php\/wp-json\/wp\/v2\/posts"}],"about":[{"href":"https:\/\/gazdasagportal.hu\/index.php\/wp-json\/wp\/v2\/types\/post"}],"author":[{"embeddable":true,"href":"https:\/\/gazdasagportal.hu\/index.php\/wp-json\/wp\/v2\/users\/1"}],"replies":[{"embeddable":true,"href":"https:\/\/gazdasagportal.hu\/index.php\/wp-json\/wp\/v2\/comments?post=93119"}],"version-history":[{"count":1,"href":"https:\/\/gazdasagportal.hu\/index.php\/wp-json\/wp\/v2\/posts\/93119\/revisions"}],"predecessor-version":[{"id":93120,"href":"https:\/\/gazdasagportal.hu\/index.php\/wp-json\/wp\/v2\/posts\/93119\/revisions\/93120"}],"wp:attachment":[{"href":"https:\/\/gazdasagportal.hu\/index.php\/wp-json\/wp\/v2\/media?parent=93119"}],"wp:term":[{"taxonomy":"category","embeddable":true,"href":"https:\/\/gazdasagportal.hu\/index.php\/wp-json\/wp\/v2\/categories?post=93119"},{"taxonomy":"post_tag","embeddable":true,"href":"https:\/\/gazdasagportal.hu\/index.php\/wp-json\/wp\/v2\/tags?post=93119"}],"curies":[{"name":"wp","href":"https:\/\/api.w.org\/{rel}","templated":true}]}}