{"id":93105,"date":"2017-05-16T07:57:58","date_gmt":"2017-05-16T05:57:58","guid":{"rendered":"http:\/\/gazdasagportal.hu\/?p=93105"},"modified":"2017-05-16T07:23:02","modified_gmt":"2017-05-16T05:23:02","slug":"tobb-szazezren-feledkezhettek-meg-a-csaladi-kedvezmenyrol","status":"publish","type":"post","link":"https:\/\/gazdasagportal.hu\/index.php\/tobb-szazezren-feledkezhettek-meg-a-csaladi-kedvezmenyrol\/","title":{"rendered":"T\u00f6bb sz\u00e1zezren feledkezhettek meg a csal\u00e1di kedvezm\u00e9nyr\u0151l"},"content":{"rendered":"<p><strong>Tavaly a szem\u00e9lyi j\u00f6vedelemad\u00f3 el\u0151leg\u00e9b\u0151l t\u00f6bb sz\u00e1zezer sz\u00fcl\u0151 nem vette ig\u00e9nybe a csal\u00e1di kedvezm\u00e9nyt, nekik \u00e9rdemes kieg\u00e9sz\u00edteni\u00fck ezzel a bevall\u00e1stervezetet. Ezt legk\u00e9s\u0151bb m\u00e1jus 22-ig, a bevall\u00e1s beny\u00fajt\u00e1s\u00e1nak hat\u00e1ridej\u00e9ig tehetik meg &#8211; t\u00e1j\u00e9koztatta a Nemzetgazdas\u00e1gi Miniszt\u00e9rium parlamenti \u00e9s ad\u00f3\u00fcgyek\u00e9rt felel\u0151s \u00e1llamtitk\u00e1ra az MTI-t.<\/strong><!--more--><\/p>\n<div class=\"ads-in-post1\"><div id=\"gazdasagportal.hu_fullbanner_wideboard\"><\/div>\r\n<\/div>\n<p>    T\u00e1llai Andr\u00e1s ugyanakkor kiemelte azt is, az \u00e9rintetteknek nem \u00e9rdemes kiv\u00e1rniuk a hat\u00e1rid\u0151t, hiszen a kieg\u00e9sz\u00edtett bevall\u00e1s be\u00e9rkez\u00e9s\u00e9t\u0151l sz\u00e1m\u00edtott 30 napon bel\u00fcl kapj\u00e1k meg a nekik j\u00e1r\u00f3 kedvezm\u00e9ny \u00f6sszeg\u00e9t.<br \/>\n    A Nemzeti Ad\u00f3- \u00e9s V\u00e1mhivatal (NAV) 3,8 milli\u00f3 mag\u00e1nszem\u00e9lynek k\u00e9sz\u00edtette el bevall\u00e1si tervezet\u00e9t. Az ad\u00f3z\u00f3k jelent\u0151s t\u00f6bbs\u00e9g\u00e9nek nem kell csin\u00e1lnia semmit, a tervezet\u00fck m\u00e1jus 22-\u00e9n automatikusan \u00e9rv\u00e9nyes bevall\u00e1ss\u00e1 v\u00e1lik &#8211; mondta T\u00e1llai Andr\u00e1s, a hivatal vezet\u0151je.<br \/>\n    A bevall\u00e1si tervezet a j\u00f6vedelmek mellett a kedvezm\u00e9nyeket is tartalmazza, de csak azokat, amelyekr\u0151l van adata az ad\u00f3hivatalnak. A sz\u00fcl\u0151knek a csal\u00e1di kedvezm\u00e9nyt, a tavaly esk\u00fcdteknek az els\u0151h\u00e1zas kedvezm\u00e9nyt, illetve a b\u00e9rbead\u00f3knak az ebb\u0151l sz\u00e1rmaz\u00f3 j\u00f6vedelm\u00fcket maguknak kell felt\u00fcntetni\u00fck a bevall\u00e1sukban &#8211; sorolta a p\u00e9ld\u00e1kat az \u00e1llamtitk\u00e1r.<br \/>\n    A tervezethez csak a kifizet\u0151kt\u0151l \u00e9rkez\u0151 adatokat haszn\u00e1lhatja a NAV, azt nem teheti meg, hogy a tavalyi bevall\u00e1sokat alapul v\u00e9ve t\u00f6lti ki a kedvezm\u00e9nyes sorokat. De mindent elk\u00f6vetnek, hogy mindenki ig\u00e9nybe vehesse a neki j\u00e1r\u00f3 kedvezm\u00e9nyt, \u00edgy ha elt\u00e9r\u00e9st vagy hi\u00e1nyz\u00f3 h\u00f3napokat tal\u00e1lnak a munk\u00e1ltat\u00f3i adatszolg\u00e1ltat\u00e1sban, akkor erre k\u00fcl\u00f6n felh\u00edvj\u00e1k az \u00e9rintettek figyelm\u00e9t &#8211; jegyezte meg T\u00e1llai Andr\u00e1s.<br \/>\n    A kifizet\u0151k adatszolg\u00e1ltat\u00e1sa szerint tavaly havonta \u00e1tlagosan 790 ezer mag\u00e1nszem\u00e9ly \u00e9rv\u00e9nyes\u00edtette \u00e9v k\u00f6zben az ad\u00f3el\u0151leg\u00e9b\u0151l a csal\u00e1di kedvezm\u00e9nyt, azonban a kor\u00e1bbi \u00e9vek szja-bevall\u00e1sait alapul v\u00e9ve, erre mintegy 1,1 milli\u00f3an lenn\u00e9nek jogosultak. \u00cdgy mintegy 300 ezer sz\u00fcl\u0151nek mindenk\u00e9pp \u00e9rdemes a lehet\u0151 leghamarabb kieg\u00e9sz\u00edtenie a tervezet\u00e9t a csal\u00e1di kedvezm\u00e9nnyel, amely egy h\u00e1romgyerekes csal\u00e1dn\u00e1l havonta 100 ezer forint megtakar\u00edt\u00e1st is jelenthet. Az \u00e9rintetteknek a NAV a bevall\u00e1s be\u00e9rkez\u00e9s\u00e9t\u0151l sz\u00e1m\u00edtott 30 napon bel\u00fcl utalja az ad\u00f3el\u0151legb\u0151l ig\u00e9nybe nem vett csal\u00e1di kedvezm\u00e9ny \u00f6sszeg\u00e9t.<br \/>\n    Az ingatlanb\u00e9rbead\u00e1sb\u00f3l sz\u00e1rmaz\u00f3 j\u00f6vedelem sem szerepel a bevall\u00e1si tervezetben, hiszen a kifizet\u0151 adatszolg\u00e1ltat\u00e1s hi\u00e1ny\u00e1ban err\u0151l nincs pontos, \u00f6sszegszer\u0171 adata a NAV-nak. A 2015-r\u0151l sz\u00f3l\u00f3 szja-bevall\u00e1sok elemz\u00e9s\u00e9b\u0151l kider\u00fclt, hogy t\u00f6bb mint 72 ezer mag\u00e1nszem\u00e9ly adta b\u00e9rbe ingatlanj\u00e1t, \u00e9s fizette be az \u00e1llamkassz\u00e1ba a k\u00f6zterheket. Ezzel az adattal minden b\u00e9rbead\u00f3nak \u00e9rdemes kieg\u00e9sz\u00edteni m\u00e1jus 22-ig a tervezet\u00e9t, hiszen addig lehet sz\u00e1mot adni a tavaly megszerzett j\u00f6vedelmekr\u0151l. A kock\u00e1zatelemz\u0151k jelz\u00e9se alapj\u00e1n indult esetleges ellen\u0151rz\u00e9skor a revizorok a t\u00e9nylegesen megszerzett j\u00f6vedelmet vetik \u00f6ssze a bevallottal, ez\u00e9rt a bevall\u00e1sban nem is \u00e9rdemes eltitkolni semmilyen j\u00f6vedelmet &#8211; hangs\u00falyozta T\u00e1llai Andr\u00e1s.<br \/>\n    Az MTI k\u00e9rd\u00e9s\u00e9re a NAV vezet\u0151je elmondta: m\u00e1jus 14-ig az e-szja rendszeren kereszt\u00fcl 408 ezren k\u00fcldt\u00e9k m\u00e1r be a bevall\u00e1sukat. A bek\u00fcld\u0151k h\u00e1romnegyede, 304 ezer ad\u00f3z\u00f3 m\u00f3dos\u00edt\u00e1s n\u00e9lk\u00fcl fogadta el az ad\u00f3hivatal \u00e1ltal \u00f6ssze\u00e1ll\u00edtott dokumentumot. Az e-szja teljes szolg\u00e1ltat\u00e1s\u00e1t \u00fcgyf\u00e9lkapun kereszt\u00fcl lehet maxim\u00e1lisan kihaszn\u00e1lni, ez\u00e9rt akinek m\u00e9g nincs, annak m\u00e1jus 20-ig mindenk\u00e9ppen \u00e9rdemes \u00fcgyf\u00e9lkaput nyitnia &#8211; javasolta.(MTI)<\/p>\n","protected":false},"excerpt":{"rendered":"<p>Tavaly a szem\u00e9lyi j\u00f6vedelemad\u00f3 el\u0151leg\u00e9b\u0151l t\u00f6bb sz\u00e1zezer sz\u00fcl\u0151 nem vette ig\u00e9nybe a csal\u00e1di kedvezm\u00e9nyt, nekik \u00e9rdemes kieg\u00e9sz\u00edteni\u00fck ezzel a bevall\u00e1stervezetet. Ezt legk\u00e9s\u0151bb m\u00e1jus 22-ig, a bevall\u00e1s beny\u00fajt\u00e1s\u00e1nak hat\u00e1ridej\u00e9ig tehetik meg &#8211; t\u00e1j\u00e9koztatta a Nemzetgazdas\u00e1gi Miniszt\u00e9rium parlamenti \u00e9s ad\u00f3\u00fcgyek\u00e9rt felel\u0151s \u00e1llamtitk\u00e1ra az MTI-t.<\/p>\n","protected":false},"author":1,"featured_media":0,"comment_status":"closed","ping_status":"open","sticky":false,"template":"","format":"standard","meta":[],"categories":[20,19],"tags":[],"_links":{"self":[{"href":"https:\/\/gazdasagportal.hu\/index.php\/wp-json\/wp\/v2\/posts\/93105"}],"collection":[{"href":"https:\/\/gazdasagportal.hu\/index.php\/wp-json\/wp\/v2\/posts"}],"about":[{"href":"https:\/\/gazdasagportal.hu\/index.php\/wp-json\/wp\/v2\/types\/post"}],"author":[{"embeddable":true,"href":"https:\/\/gazdasagportal.hu\/index.php\/wp-json\/wp\/v2\/users\/1"}],"replies":[{"embeddable":true,"href":"https:\/\/gazdasagportal.hu\/index.php\/wp-json\/wp\/v2\/comments?post=93105"}],"version-history":[{"count":1,"href":"https:\/\/gazdasagportal.hu\/index.php\/wp-json\/wp\/v2\/posts\/93105\/revisions"}],"predecessor-version":[{"id":93106,"href":"https:\/\/gazdasagportal.hu\/index.php\/wp-json\/wp\/v2\/posts\/93105\/revisions\/93106"}],"wp:attachment":[{"href":"https:\/\/gazdasagportal.hu\/index.php\/wp-json\/wp\/v2\/media?parent=93105"}],"wp:term":[{"taxonomy":"category","embeddable":true,"href":"https:\/\/gazdasagportal.hu\/index.php\/wp-json\/wp\/v2\/categories?post=93105"},{"taxonomy":"post_tag","embeddable":true,"href":"https:\/\/gazdasagportal.hu\/index.php\/wp-json\/wp\/v2\/tags?post=93105"}],"curies":[{"name":"wp","href":"https:\/\/api.w.org\/{rel}","templated":true}]}}