{"id":93103,"date":"2017-05-16T07:06:32","date_gmt":"2017-05-16T05:06:32","guid":{"rendered":"http:\/\/gazdasagportal.hu\/?p=93103"},"modified":"2017-05-16T07:06:32","modified_gmt":"2017-05-16T05:06:32","slug":"az-orszaggyules-ma-modosithatja-a-reklamadorol-szolo-torvenyt","status":"publish","type":"post","link":"https:\/\/gazdasagportal.hu\/index.php\/az-orszaggyules-ma-modosithatja-a-reklamadorol-szolo-torvenyt\/","title":{"rendered":"Az Orsz\u00e1ggy\u0171l\u00e9s ma m\u00f3dos\u00edthatja a rekl\u00e1mad\u00f3r\u00f3l sz\u00f3l\u00f3 t\u00f6rv\u00e9nyt"},"content":{"rendered":"<p><strong>Az Orsz\u00e1ggy\u0171l\u00e9s ma m\u00f3dos\u00edthatja a rekl\u00e1mad\u00f3r\u00f3l sz\u00f3l\u00f3 t\u00f6rv\u00e9nyt, majd t\u00e1rgyalni kezd a korm\u00e1ny ad\u00f3csomagj\u00e1r\u00f3l.<\/strong><!--more--><\/p>\n<div class=\"ads-in-post1\"><div id=\"gazdasagportal.hu_fullbanner_wideboard\"><\/div>\r\n<\/div>\n<p>    Az \u00fcl\u00e9snap reggel 9 \u00f3rakor napirend el\u0151tti felsz\u00f3lal\u00e1sokkal kezd\u0151dik, amit a hat\u00e1rozathozatalok k\u00f6vetnek. T\u00f6bb m\u00e1s el\u0151terjeszt\u00e9s mellett ekkor fogadhatj\u00e1k el a rekl\u00e1mad\u00f3r\u00f3l sz\u00f3l\u00f3 t\u00f6rv\u00e9ny m\u00f3dos\u00edt\u00e1s\u00e1t.<br \/>\n    A k\u00e9pvisel\u0151knek a szavaz\u00e1sok ut\u00e1n \u00f6sszesen \u00f6t \u00f3ra \u00e1ll majd rendelkez\u00e9s\u00fckre a korm\u00e1ny ad\u00f3v\u00e1ltoztat\u00e1si javaslatainak \u00e9rt\u00e9kel\u00e9s\u00e9re, ami ut\u00e1n a j\u00f6v\u0151 \u00e9vi k\u00f6lts\u00e9gvet\u00e9s megalapoz\u00e1s\u00e1r\u00f3l sz\u00f3l\u00f3 ind\u00edtv\u00e1nyt t\u00e1rgyalj\u00e1k, ugyancsak \u00f6t\u00f3r\u00e1s id\u0151keretben.<br \/>\n    Az \u00fcl\u00e9snap az idei b\u00fcdzs\u00e9 m\u00f3dos\u00edt\u00e1s\u00e1nak vit\u00e1j\u00e1val z\u00e1rul.<br \/>\n    A parlament szerd\u00e1n folytatja munk\u00e1j\u00e1t, a k\u00e9pvisel\u0151k ekkor a 2018-as k\u00f6lts\u00e9gvet\u00e9s \u00e1ltal\u00e1nos vit\u00e1j\u00e1t kezdik meg.(MTI)<\/p>\n","protected":false},"excerpt":{"rendered":"<p>Az Orsz\u00e1ggy\u0171l\u00e9s ma m\u00f3dos\u00edthatja a rekl\u00e1mad\u00f3r\u00f3l sz\u00f3l\u00f3 t\u00f6rv\u00e9nyt, majd t\u00e1rgyalni kezd a korm\u00e1ny ad\u00f3csomagj\u00e1r\u00f3l.<\/p>\n","protected":false},"author":1,"featured_media":0,"comment_status":"closed","ping_status":"open","sticky":false,"template":"","format":"standard","meta":[],"categories":[4,19],"tags":[],"_links":{"self":[{"href":"https:\/\/gazdasagportal.hu\/index.php\/wp-json\/wp\/v2\/posts\/93103"}],"collection":[{"href":"https:\/\/gazdasagportal.hu\/index.php\/wp-json\/wp\/v2\/posts"}],"about":[{"href":"https:\/\/gazdasagportal.hu\/index.php\/wp-json\/wp\/v2\/types\/post"}],"author":[{"embeddable":true,"href":"https:\/\/gazdasagportal.hu\/index.php\/wp-json\/wp\/v2\/users\/1"}],"replies":[{"embeddable":true,"href":"https:\/\/gazdasagportal.hu\/index.php\/wp-json\/wp\/v2\/comments?post=93103"}],"version-history":[{"count":1,"href":"https:\/\/gazdasagportal.hu\/index.php\/wp-json\/wp\/v2\/posts\/93103\/revisions"}],"predecessor-version":[{"id":93104,"href":"https:\/\/gazdasagportal.hu\/index.php\/wp-json\/wp\/v2\/posts\/93103\/revisions\/93104"}],"wp:attachment":[{"href":"https:\/\/gazdasagportal.hu\/index.php\/wp-json\/wp\/v2\/media?parent=93103"}],"wp:term":[{"taxonomy":"category","embeddable":true,"href":"https:\/\/gazdasagportal.hu\/index.php\/wp-json\/wp\/v2\/categories?post=93103"},{"taxonomy":"post_tag","embeddable":true,"href":"https:\/\/gazdasagportal.hu\/index.php\/wp-json\/wp\/v2\/tags?post=93103"}],"curies":[{"name":"wp","href":"https:\/\/api.w.org\/{rel}","templated":true}]}}