{"id":93097,"date":"2017-05-15T17:14:33","date_gmt":"2017-05-15T15:14:33","guid":{"rendered":"http:\/\/gazdasagportal.hu\/?p=93097"},"modified":"2017-05-15T17:14:33","modified_gmt":"2017-05-15T15:14:33","slug":"carboferr-nott-az-acelipari-termekek-felhasznalasa-a-kelet-kozep-europai-regioban","status":"publish","type":"post","link":"https:\/\/gazdasagportal.hu\/index.php\/carboferr-nott-az-acelipari-termekek-felhasznalasa-a-kelet-kozep-europai-regioban\/","title":{"rendered":"Carboferr: n\u0151tt az ac\u00e9lipari term\u00e9kek felhaszn\u00e1l\u00e1sa a kelet-k\u00f6z\u00e9p-eur\u00f3pai r\u00e9gi\u00f3ban"},"content":{"rendered":"<p><strong>Tavaly jelent\u0151sen meghaladta a 2008-as v\u00e1ls\u00e1g el\u0151tti szintet az \u00f6tv\u00f6zetlen ac\u00e9lipari term\u00e9kek felhaszn\u00e1l\u00e1si volumene a kelet-k\u00f6z\u00e9p-eur\u00f3pai r\u00e9gi\u00f3ban, \u00e9s ezzel p\u00e1rhuzamosan emelkedett az ac\u00e9lalapanyagok tonn\u00e1nk\u00e9nti \u00e1ra is &#8211; k\u00f6z\u00f6lte a m\u0171anyagipari \u00e9s ac\u00e9lipari term\u00e9kek nagykereskedelm\u00e9vel foglalkoz\u00f3 Carboferr Zrt. az MTI-vel. <\/strong><!--more--><\/p>\n<div class=\"ads-in-post1\"><div id=\"gazdasagportal.hu_fullbanner_wideboard\"><\/div>\r\n<\/div>\n<p>    A k\u00f6zlem\u00e9ny szerint a teljes \u00f6tv\u00f6zetlen lapos ac\u00e9lterm\u00e9k felhaszn\u00e1l\u00e1si volumene a visegr\u00e1di orsz\u00e1gokban (Lengyelorsz\u00e1g, Csehorsz\u00e1g, Szlov\u00e1kia \u00e9s Magyarorsz\u00e1g) a 2008-as 8,5 milli\u00f3 tonn\u00e1r\u00f3l 2016-ban 10,6 milli\u00f3ra emelkedett.<br \/>\n    Megjegyezt\u00e9k, hogy az Eur\u00f3pai Uni\u00f3 felhaszn\u00e1l\u00e1si volumene 2008-ban 79,5 milli\u00f3 tonna volt, 2016-ban pedig enn\u00e9l 0,7 sz\u00e1zal\u00e9kkal alacsonyabb, 75 milli\u00f3 tonn\u00e1t tett ki.<br \/>\n    A Carboferr t\u00e1j\u00e9koztat\u00e1sa szerint a r\u00e9gi\u00f3ban a 2016. febru\u00e1r \u00e9s 2017. febru\u00e1r k\u00f6z\u00f6tti egy \u00e9vben a felhaszn\u00e1l\u00e1si volumen n\u00f6veked\u00e9s\u00e9vel p\u00e1rhuzamosan 20,08 sz\u00e1zal\u00e9kkal, 1576 forintr\u00f3l 1892 forintra emelkedett az ac\u00e9lalapanyagok tonn\u00e1nk\u00e9nti \u00e1ra.<br \/>\n    Fazekas Roland, a Carboferr Zrt. vez\u00e9rigazgat\u00f3ja szerint az \u00e9p\u00edt\u0151ipar kiugr\u00f3an j\u00f3 teljes\u00edtm\u00e9ny\u00e9vel p\u00e1rhuzamosan tov\u00e1bb emelkedhet az ac\u00e9lipari term\u00e9kek ir\u00e1nti kereslet.<br \/>\n    A k\u00f6zlem\u00e9nyben kifejtik, hogy az ac\u00e9l vil\u00e1gpiaci \u00e1r\u00e1nak emelked\u00e9s\u00e9ben szerepet j\u00e1tszanak r\u00e9szben a Kelet-Ukrajn\u00e1ban zajl\u00f3 politikai esem\u00e9nyek is:  febru\u00e1r v\u00e9g\u00e9n ukr\u00e1n szakad\u00e1rok ellen\u0151rz\u00e9s\u00fck al\u00e1 vont\u00e1k csaknem 40, ukr\u00e1n joghat\u00f3s\u00e1g al\u00e1 tartoz\u00f3 gy\u00e1r \u00e9s sz\u00e9nb\u00e1nya ir\u00e1ny\u00edt\u00e1s\u00e1t, \u00e9s lefoglalt\u00e1k az egyik legfontosabb, 52 milli\u00f3 doll\u00e1rnyi forgalmat bonyol\u00edt\u00f3 helyi kibocs\u00e1t\u00f3 20 milli\u00f3 tonna ac\u00e9lbug\u00e1j\u00e1t, tekercs\u00e9t \u00e9s durvalemez\u00e9t.<br \/>\n    Emellett az \u00e1rakat befoly\u00e1solja az Eur\u00f3pai Bizotts\u00e1g tavaly \u00e9v v\u00e9g\u00e9n megkezdett, t\u00e1vol-keleti ac\u00e9lalapanyagokra kivetett d\u00f6mping-ellenes int\u00e9zked\u00e9ssorozata is. P\u00e9ldak\u00e9nt eml\u00edtett\u00e9k, hogy a K\u00edn\u00e1b\u00f3l \u00e9s Tajvanb\u00f3l sz\u00e1rmaz\u00f3 rozsdamentes ac\u00e9lb\u00f3l k\u00e9sz\u00fclt egyes term\u00e9kekre m\u00e1rciusban kivetett 30-65 sz\u00e1zal\u00e9kos, illetve 5-12 sz\u00e1zal\u00e9kos v\u00e1mok miatt az elm\u00falt h\u00f3napokban csaknem m\u00e1sf\u00e9lszeres\u00e9re emelkedett a hullad\u00e9kac\u00e9l piaci \u00e1ra is.<br \/>\n    A Carboferr Zrt. egy 2011-ben alap\u00edtott magyarorsz\u00e1gi tulajdon\u00fa, t\u00f6bb mint 220 kereskedelmi \u00e9s gy\u00e1rt\u00f3 partnerrel rendelkez\u0151 v\u00e1llalat, amely 2016-ban csoportszinten ac\u00e9l- \u00e9s m\u0171anyagipari term\u00e9kek forgalmaz\u00e1s\u00e1val 5,2 milli\u00e1rd forint nett\u00f3 \u00e1rbev\u00e9telt \u00e9rt el az egy \u00e9vvel kor\u00e1bbi 3,6 milli\u00e1rd forint ut\u00e1n.<br \/>\n     Ad\u00f3zott eredm\u00e9nye 2016-ban 50,12 milli\u00f3 forint, egy \u00e9vvel kor\u00e1bban pedig 6,52 milli\u00f3 forint volt. Saj\u00e1t t\u0151k\u00e9je 342,32 milli\u00f3 forint, m\u00e9rlegf\u0151\u00f6sszege 1,48 milli\u00e1rd forint volt tavaly \u00e9v v\u00e9g\u00e9n &#8211; k\u00f6z\u00f6lte a v\u00e1llalat.(MTI)<\/p>\n","protected":false},"excerpt":{"rendered":"<p>Tavaly jelent\u0151sen meghaladta a 2008-as v\u00e1ls\u00e1g el\u0151tti szintet az \u00f6tv\u00f6zetlen ac\u00e9lipari term\u00e9kek felhaszn\u00e1l\u00e1si volumene a kelet-k\u00f6z\u00e9p-eur\u00f3pai r\u00e9gi\u00f3ban, \u00e9s ezzel p\u00e1rhuzamosan emelkedett az ac\u00e9lalapanyagok tonn\u00e1nk\u00e9nti \u00e1ra is &#8211; k\u00f6z\u00f6lte a m\u0171anyagipari \u00e9s ac\u00e9lipari term\u00e9kek nagykereskedelm\u00e9vel foglalkoz\u00f3 Carboferr Zrt. az MTI-vel.<\/p>\n","protected":false},"author":1,"featured_media":0,"comment_status":"closed","ping_status":"open","sticky":false,"template":"","format":"standard","meta":[],"categories":[19],"tags":[],"_links":{"self":[{"href":"https:\/\/gazdasagportal.hu\/index.php\/wp-json\/wp\/v2\/posts\/93097"}],"collection":[{"href":"https:\/\/gazdasagportal.hu\/index.php\/wp-json\/wp\/v2\/posts"}],"about":[{"href":"https:\/\/gazdasagportal.hu\/index.php\/wp-json\/wp\/v2\/types\/post"}],"author":[{"embeddable":true,"href":"https:\/\/gazdasagportal.hu\/index.php\/wp-json\/wp\/v2\/users\/1"}],"replies":[{"embeddable":true,"href":"https:\/\/gazdasagportal.hu\/index.php\/wp-json\/wp\/v2\/comments?post=93097"}],"version-history":[{"count":1,"href":"https:\/\/gazdasagportal.hu\/index.php\/wp-json\/wp\/v2\/posts\/93097\/revisions"}],"predecessor-version":[{"id":93098,"href":"https:\/\/gazdasagportal.hu\/index.php\/wp-json\/wp\/v2\/posts\/93097\/revisions\/93098"}],"wp:attachment":[{"href":"https:\/\/gazdasagportal.hu\/index.php\/wp-json\/wp\/v2\/media?parent=93097"}],"wp:term":[{"taxonomy":"category","embeddable":true,"href":"https:\/\/gazdasagportal.hu\/index.php\/wp-json\/wp\/v2\/categories?post=93097"},{"taxonomy":"post_tag","embeddable":true,"href":"https:\/\/gazdasagportal.hu\/index.php\/wp-json\/wp\/v2\/tags?post=93097"}],"curies":[{"name":"wp","href":"https:\/\/api.w.org\/{rel}","templated":true}]}}