{"id":93086,"date":"2017-05-15T14:38:31","date_gmt":"2017-05-15T12:38:31","guid":{"rendered":"http:\/\/gazdasagportal.hu\/?p=93086"},"modified":"2017-05-15T15:37:49","modified_gmt":"2017-05-15T13:37:49","slug":"orban-a-globalizacio-regi-modellje-veget-ert","status":"publish","type":"post","link":"https:\/\/gazdasagportal.hu\/index.php\/orban-a-globalizacio-regi-modellje-veget-ert\/","title":{"rendered":"Orb\u00e1n: a globaliz\u00e1ci\u00f3 r\u00e9gi modellje v\u00e9get \u00e9rt"},"content":{"rendered":"<p><strong>A globaliz\u00e1ci\u00f3 r\u00e9gi modellje v\u00e9get \u00e9rt, &#8222;a Kelet felz\u00e1rk\u00f3zott a Nyugat mell\u00e9&#8221;, \u00e9s a vil\u00e1g egy tekint\u00e9lyes r\u00e9sz\u00e9nek elege lett abb\u00f3l, hogy fejlett orsz\u00e1gok kioktatj\u00e1k p\u00e9ld\u00e1ul emberi jogokb\u00f3l, piacgazdas\u00e1gb\u00f3l &#8211; mondta Orb\u00e1n Viktor minisztereln\u00f6k h\u00e9tf\u0151n Pekingben a k\u00f6zm\u00e9di\u00e1nak adott, k\u00ednai hivatalos l\u00e1togat\u00e1s\u00e1t \u00f6sszegz\u0151 nyilatkozat\u00e1ban.<\/strong><!--more--><\/p>\n<div class=\"ads-in-post1\"><div id=\"gazdasagportal.hu_fullbanner_wideboard\"><\/div>\r\n<\/div>\n<p>    A korm\u00e1nyf\u0151 szerint korszakhat\u00e1rhoz \u00e9rkezt\u00fcnk, elvesztette lend\u00fclet\u00e9t a globaliz\u00e1ci\u00f3 r\u00e9gi modellje, amely arra \u00e9p\u00fclt, hogy a p\u00e9nz, a profit, a technol\u00f3giai tud\u00e1s Nyugaton van, \u00e9s onnan \u00e1ramlik &#8222;a szeg\u00e9nyebb, kev\u00e9sb\u00e9 fejlett keleti orsz\u00e1gokba&#8221;.<br \/>\n    Az elm\u00falt \u00e9vtizedekben &#8211; k\u00fcl\u00f6n\u00f6sen a legut\u00f3bbiban &#8211; ez megv\u00e1ltozott: a gazdas\u00e1g h\u00faz\u00f3ereje nem Nyugaton, hanem Keleten van, pontosabban &#8222;a Kelet felz\u00e1rk\u00f3zott a Nyugat mell\u00e9&#8221;, technol\u00f3giai fejletts\u00e9g szempontj\u00e1b\u00f3l a keletiek m\u00e1r nem maradnak el a nyugatiakt\u00f3l, \u00e9s &#8222;igaz\u00e1b\u00f3l legnagyobb mennyis\u00e9gben p\u00e9nz ma \u00c1zsi\u00e1ban halmoz\u00f3dik fel&#8221;, ami &#8222;azut\u00e1n megindul visszafel\u00e9, Nyugatra&#8221; &#8211; fejtette ki.<br \/>\n    A magyar gazdas\u00e1gban is azt l\u00e1tni &#8211; folytatta a minisztereln\u00f6k -, hogy az elm\u00falt egy-k\u00e9t \u00e9vben amerikai \u00e9s eur\u00f3pai nagy c\u00e9geket k\u00ednaiak v\u00e1s\u00e1roltak fel, ez\u00e9rt n\u0151tt meg hirtelen a k\u00ednai k\u00e9zben l\u00e9v\u0151 magyar beruh\u00e1z\u00e1sok ar\u00e1nya. &#8222;Ez egy teljesen ellent\u00e9tes mozg\u00e1s azzal, mint amihez mi hozz\u00e1szoktunk, illetve amit tanultunk a vil\u00e1ggazdas\u00e1g m\u0171k\u00f6d\u00e9s\u00e9r\u0151l&#8221; &#8211; fogalmazott.<br \/>\n    Orb\u00e1n Viktor arr\u00f3l is besz\u00e9lt: a vil\u00e1g egy tekint\u00e9lyes r\u00e9sz\u00e9nek az\u00e9rt is elege lett a r\u00e9gi globaliz\u00e1ci\u00f3s form\u00e1b\u00f3l, mert az k\u00e9t r\u00e9szre, tan\u00e1rokra \u00e9s di\u00e1kokra osztotta a vil\u00e1got, \u00e9s egyre b\u00e1nt\u00f3bb volt, hogy n\u00e9h\u00e1ny fejlett orsz\u00e1g \u00e1lland\u00f3an kioktatta emberi jogokb\u00f3l, demokr\u00e1ci\u00e1b\u00f3l, fejl\u0151d\u00e9sb\u0151l, piacgazdas\u00e1gb\u00f3l a vil\u00e1g nagyobbik r\u00e9sz\u00e9t.<br \/>\n    A leger\u0151sebb, K\u00edna ez\u00e9rt megind\u00edtott &#8222;egy m\u00e1s ir\u00e1ny\u00fa mozg\u00e1st&#8221; &#8211; ezt h\u00edvj\u00e1k \u00fagy: Egy \u00f6vezet, egy \u00fat -, amely kifejezetten egym\u00e1s elfogad\u00e1s\u00e1ra \u00e9p\u00fcl, &#8222;nincs tan\u00e1r, nincs di\u00e1k&#8221;, mindenkinek joga van &#8211; id\u00e9zte a k\u00ednai eln\u00f6k\u00f6t &#8211; a saj\u00e1t t\u00e1rsadalmi berendezked\u00e9s\u00e9hez, kult\u00far\u00e1j\u00e1hoz, megk\u00f6zel\u00edt\u00e9s\u00e9hez, \u00e9rt\u00e9keihez. Nem megv\u00e1ltoztatni kell egym\u00e1st, nem sz\u00f6vets\u00e9gbe kell t\u00f6m\u00f6r\u00fclni, hanem &#8222;el kell fogadni egym\u00e1st \u00fagy, ahogy vagyunk&#8221;, \u00e9s ink\u00e1bb \u00f6ssze kell kapcsolni ezeket az orsz\u00e1gokat, n\u00e9peket, gazdas\u00e1gokat &#8211; mondta a korm\u00e1nyf\u0151.<br \/>\n    Ez\u00e9rt gazdas\u00e1gi tartalm\u00e1t tekintve a pekingi Egy \u00f6vezet, egy \u00fat f\u00f3rum els\u0151sorban a haj\u00f3z\u00e1s felt\u00e9teleinek megteremt\u00e9s\u00e9r\u0151l, vasutak, l\u00e9gikik\u00f6t\u0151k, hidak \u00e9p\u00edt\u00e9sr\u0151l, \u00fath\u00e1l\u00f3zatok fejleszt\u00e9s\u00e9r\u0151l, a r\u00e9gi Selyem\u00fat ment\u00e9n fekv\u0151 n\u00e9pek modern kori \u00f6sszek\u00f6ttet\u00e9s\u00e9r\u0151l sz\u00f3lt &#8211; k\u00f6z\u00f6lte.<br \/>\n    Pekingi k\u00e9toldal\u00fa tal\u00e1lkoz\u00f3ir\u00f3l sz\u00f3lva Orb\u00e1n Viktor kifejtette: megbesz\u00e9l\u00e9st folytatott a k\u00ednai \u00e1llamf\u0151vel, minisztereln\u00f6kkel, h\u00e1zeln\u00f6kkel \u00e9s befektet\u0151kkel, a t\u00e1rgyal\u00e1sokon pedig komoly, els\u0151sorban gazdas\u00e1gi-p\u00e9nz\u00fcgyi term\u00e9szet\u0171 meg\u00e1llapod\u00e1sok sz\u00fclettek. Ezek k\u00f6z\u00fcl a &#8222;legl\u00e1tv\u00e1nyosabbnak&#8221; a Budapest-Belgr\u00e1d-vas\u00fatvonal korszer\u0171s\u00edt\u00e9s\u00e9t nevezte, amellyel kapcsolatban a p\u00e9nz\u00fcgyi felt\u00e9teleket is megvitatt\u00e1k, \u00edgy hamarosan ki\u00edrhatj\u00e1k nyilv\u00e1nos p\u00e1ly\u00e1zatra a k\u00f6zbeszerz\u00e9seket, \u00e9s megindulhat a munka. Emellett arr\u00f3l is megegyez\u00e9s sz\u00fcletett, hogy az Eximbank \u00e9s a Magyar Fejleszt\u00e9si Bank forr\u00e1sokat mozg\u00f3s\u00edt K\u00edn\u00e1b\u00f3l magyar kis- \u00e9s k\u00f6z\u00e9pv\u00e1llalkoz\u00e1sok \u00e9s Magyarorsz\u00e1gon beruh\u00e1z\u00f3 k\u00ednai v\u00e1llalatok \u00e9rdek\u00e9ben &#8211; t\u00e1j\u00e9koztatott.<br \/>\n    E k\u00e9toldal\u00fa t\u00e1rgyal\u00e1sokon teh\u00e1t nagyon sok \u00faj munkahely \u00e9s komoly nemzetgazdas\u00e1gi \u00e9rt\u00e9k l\u00e9trehoz\u00e1s\u00e1r\u00f3l siker\u00fclt meg\u00e1llapodni &#8211; \u00e9rt\u00e9kelt a korm\u00e1nyf\u0151.<br \/>\n    Besz\u00e1molt tov\u00e1bb\u00e1 arr\u00f3l, hogy tal\u00e1lkozott az Egy \u00f6vezet, egy \u00fat f\u00f3rumon szint\u00e9n r\u00e9szt vev\u0151 Recep Tayyip Erdogan t\u00f6r\u00f6k eln\u00f6kkel, akinek &#8211; mondta &#8211; &#8222;mi mindig megadjuk a tiszteletet, k\u00fcl\u00f6n\u00f6s tekintettel arra, hogy az eur\u00f3pai biztons\u00e1g tekint\u00e9lyes m\u00e9rt\u00e9kben rajta m\u00falik, ide\u00e9rtve Magyarorsz\u00e1g biztons\u00e1g\u00e1t is, hiszen T\u00f6r\u00f6korsz\u00e1g ma az a stabil orsz\u00e1g, amely k\u00e9pes g\u00e1tat vetni az illeg\u00e1lis migr\u00e1ci\u00f3nak&#8221;. Ez\u00e9rt a magyar-t\u00f6r\u00f6k kapcsolatok &#8222;j\u00f3 karbantart\u00e1s\u00e1t&#8221; a legfontosabb magyar nemzetbiztons\u00e1gi \u00e9rdekek k\u00f6z\u00e9 sorolta.<br \/>\n    Kit\u00e9rt a Dzsargaltulga Erdenebat mongol minisztereln\u00f6kkel folytatott t\u00e1rgyal\u00e1s\u00e1ra is, amellyel kapcsolatban a k\u00e9t orsz\u00e1g k\u00f6z\u00f6tti egy\u00fcttm\u0171k\u00f6d\u00e9sben rejl\u0151 nagy lehet\u0151s\u00e9gekre h\u00edvta fel a figyelmet, jelenleg ugyanis m\u00e9g nincs &#8222;sz\u00e1mottev\u0151 gazdas\u00e1gi tev\u00e9kenys\u00e9g&#8221;, pedig &#8211; jegyezte meg &#8211; a szimp\u00e1tia, a k\u00f6z\u00f6s t\u00f6rt\u00e9nelmi m\u00falt, a magyar eredetlegend\u00e1k megteremtik ennek alapj\u00e1t.<br \/>\n    Kifejtette: besz\u00e9lt &#8211; noha nem t\u00e1rgyal\u00e1sos keretek k\u00f6z\u00f6tt &#8211; eur\u00f3pai uni\u00f3s vezet\u0151kkel \u00e9s az orosz eln\u00f6kkel is. Vlagyimir Putyinnal vil\u00e1gpolitikai \u00e9s -gazdas\u00e1gi k\u00e9rd\u00e9sekr\u0151l v\u00e1ltottak sz\u00f3t hosszabban, de &#8222;orosz-magyar kapcsolatokr\u00f3l nem kellett besz\u00e9ln\u00fcnk&#8221;, mert a legfontosabb k\u00e9rd\u00e9s, a paksi atomer\u0151m\u0171-fejleszt\u00e9s j\u00f3 \u00faton, a maga rendje \u00e9s m\u00f3dja szerint halad &#8211; k\u00f6z\u00f6lte Orb\u00e1n Viktor.<br \/>\n    V\u00e9g\u00fcl a Tienanmen t\u00e9ri H\u0151s\u00f6k eml\u00e9km\u0171v\u00e9nek megkoszor\u00faz\u00e1s\u00e1val kapcsolatos ellenz\u00e9ki b\u00edr\u00e1latokra \u00fagy reag\u00e1lt: a szam\u00e1rs\u00e1g ellen nincs orvoss\u00e1g. A magyar politik\u00e1ban eddig volt egy &#8211; a jobb- \u00e9s a baloldalra is kiterjed\u0151 &#8211; k\u00f6zmegegyez\u00e9s: &#8222;sosem tett\u00fck sz\u00f3v\u00e1 azt, hogy ha el\u00e9rkez\u00fcnk (&#8230;) K\u00edn\u00e1ba, akkor az itteni h\u0151si eml\u00e9km\u0171vet megkoszor\u00fazzuk&#8221; &#8211; mondta, hozz\u00e1t\u00e9ve: &#8222;azt a hagyom\u00e1nyt folytattam, amit m\u00e9g G\u00f6ncz \u00c1rp\u00e1d nyitott meg&#8221;, \u00e9s \u0151t akkor ez\u00e9rt a jobboldal nem kritiz\u00e1lta.<br \/>\n    A minisztereln\u00f6k szerint az a helyes, ha most a baloldal is hasonl\u00f3k\u00e9ppen viselkedik, mert Magyarorsz\u00e1gnak az az \u00e9rdeke, hogy j\u00f3 kapcsolatrendszere legyen K\u00edn\u00e1val. &#8222;Az ilyen k\u00e9rd\u00e9seket is, a szimbolikus k\u00e9rd\u00e9seket is szerintem mindig a magyar nemzeti \u00e9rdekb\u0151l kell levezetni, \u00fagy, ahogy azt kor\u00e1bban G\u00f6ncz \u00c1rp\u00e1d is tette&#8221; &#8211; fogalmazott, megjegyezve, hogy p\u00e9ldak\u00e9nt hozhatn\u00e1 a belga kir\u00e1lyt vagy minisztereln\u00f6k\u00f6t is: &#8222;ha nekik nem derog\u00e1l, akkor mi\u00e9rt derog\u00e1lna az&#8221; a magyar korm\u00e1nyf\u0151nek.(MTI)<\/p>\n","protected":false},"excerpt":{"rendered":"<p>A globaliz\u00e1ci\u00f3 r\u00e9gi modellje v\u00e9get \u00e9rt, &#8222;a Kelet felz\u00e1rk\u00f3zott a Nyugat mell\u00e9&#8221;, \u00e9s a vil\u00e1g egy tekint\u00e9lyes r\u00e9sz\u00e9nek elege lett abb\u00f3l, hogy fejlett orsz\u00e1gok kioktatj\u00e1k p\u00e9ld\u00e1ul emberi jogokb\u00f3l, piacgazdas\u00e1gb\u00f3l &#8211; mondta Orb\u00e1n Viktor minisztereln\u00f6k h\u00e9tf\u0151n Pekingben a k\u00f6zm\u00e9di\u00e1nak adott, k\u00ednai hivatalos l\u00e1togat\u00e1s\u00e1t \u00f6sszegz\u0151 nyilatkozat\u00e1ban.<\/p>\n","protected":false},"author":1,"featured_media":0,"comment_status":"closed","ping_status":"open","sticky":false,"template":"","format":"standard","meta":[],"categories":[4],"tags":[],"_links":{"self":[{"href":"https:\/\/gazdasagportal.hu\/index.php\/wp-json\/wp\/v2\/posts\/93086"}],"collection":[{"href":"https:\/\/gazdasagportal.hu\/index.php\/wp-json\/wp\/v2\/posts"}],"about":[{"href":"https:\/\/gazdasagportal.hu\/index.php\/wp-json\/wp\/v2\/types\/post"}],"author":[{"embeddable":true,"href":"https:\/\/gazdasagportal.hu\/index.php\/wp-json\/wp\/v2\/users\/1"}],"replies":[{"embeddable":true,"href":"https:\/\/gazdasagportal.hu\/index.php\/wp-json\/wp\/v2\/comments?post=93086"}],"version-history":[{"count":3,"href":"https:\/\/gazdasagportal.hu\/index.php\/wp-json\/wp\/v2\/posts\/93086\/revisions"}],"predecessor-version":[{"id":93091,"href":"https:\/\/gazdasagportal.hu\/index.php\/wp-json\/wp\/v2\/posts\/93086\/revisions\/93091"}],"wp:attachment":[{"href":"https:\/\/gazdasagportal.hu\/index.php\/wp-json\/wp\/v2\/media?parent=93086"}],"wp:term":[{"taxonomy":"category","embeddable":true,"href":"https:\/\/gazdasagportal.hu\/index.php\/wp-json\/wp\/v2\/categories?post=93086"},{"taxonomy":"post_tag","embeddable":true,"href":"https:\/\/gazdasagportal.hu\/index.php\/wp-json\/wp\/v2\/tags?post=93086"}],"curies":[{"name":"wp","href":"https:\/\/api.w.org\/{rel}","templated":true}]}}