{"id":93037,"date":"2017-05-13T09:52:05","date_gmt":"2017-05-13T07:52:05","guid":{"rendered":"http:\/\/gazdasagportal.hu\/?p=93037"},"modified":"2017-05-13T09:22:51","modified_gmt":"2017-05-13T07:22:51","slug":"182-millio-euro-elnyert-tamogatas-magyar-vonatkozasu-projektekre","status":"publish","type":"post","link":"https:\/\/gazdasagportal.hu\/index.php\/182-millio-euro-elnyert-tamogatas-magyar-vonatkozasu-projektekre\/","title":{"rendered":"18,2 milli\u00f3 eur\u00f3 elnyert t\u00e1mogat\u00e1s magyar vonatkoz\u00e1s\u00fa projektekre"},"content":{"rendered":"<p><strong>K\u00f6zel k\u00e9tsz\u00e1zan vettek r\u00e9szt a Duna R\u00e9gi\u00f3 Strat\u00e9gia 2. Projektfinansz\u00edroz\u00e1si Konferenci\u00e1j\u00e1n, amely a K\u00fclgazdas\u00e1gi \u00e9s K\u00fcl\u00fcgyminiszt\u00e9rium szervez\u00e9s\u00e9ben val\u00f3sult meg Budapesten, 2017. m\u00e1jus 11-\u00e9n. A Strat\u00e9gia soros magyar eln\u00f6ks\u00e9gi programj\u00e1hoz kapcsol\u00f3d\u00f3 esem\u00e9ny a potenci\u00e1lis magyarorsz\u00e1gi p\u00e1ly\u00e1z\u00f3k sz\u00e1m\u00e1ra adott \u00e1t gyakorlati inform\u00e1ci\u00f3kat az aktu\u00e1lis hazai \u00e9s nemzetk\u00f6zi finansz\u00edroz\u00e1si forr\u00e1sokkal \u00e9s a nemzetk\u00f6zi projektekben val\u00f3 r\u00e9szv\u00e9tellel kapcsolatban. A konferencia tematikus f\u00f3kusz\u00e1t a Strat\u00e9gia magyar vezet\u00e9s\u0171 \u00e1gazati ter\u00fcletei, a fenntarthat\u00f3 energia, a v\u00edzmin\u0151s\u00e9g, valamint a k\u00f6rnyezeti kock\u00e1zatok kezel\u00e9se adt\u00e1k.<\/strong><!--more--><\/p>\n<div class=\"ads-in-post1\"><div id=\"gazdasagportal.hu_fullbanner_wideboard\"><\/div>\r\n<\/div>\n<p><em>\u00a0\u201e<\/em><em>Az els\u0151 \u00e9vekben kialak\u00edt\u00e1sra ker\u00fcltek a Strat\u00e9gia m\u0171k\u00f6d\u00e9si keretei, tov\u00e1bb\u00e1 azonos\u00edtottuk azokat a ter\u00fcletek, ahol val\u00f3di hozz\u00e1adott \u00e9rt\u00e9ke lehet a region\u00e1lis egy\u00fcttm\u0171k\u00f6d\u00e9snek. M\u00e1ra elmondhatjuk, hogy a makro-region\u00e1lis keretrendszer f\u0151 funkci\u00f3j\u00e1t egyre ink\u00e1bb a strat\u00e9giai c\u00e9lok megval\u00f3s\u00edt\u00e1s\u00e1hoz rendelhet\u0151 finansz\u00edroz\u00e1si m\u00f3dok felkutat\u00e1sa, megfelel\u0151 kombin\u00e1ci\u00f3j\u00e1nak kialak\u00edt\u00e1sa, illetve az \u00edgy l\u00e9trej\u00f6v\u0151 transznacion\u00e1lis projektek sikeres megval\u00f3s\u00edt\u00e1sa jelenti.<\/em><em>\u201d<\/em> \u2013 mondta el a konferencia nyit\u00f3 besz\u00e9d\u00e9ben Jo\u00f3 Istv\u00e1n v\u00edzdiplom\u00e1ci\u00e1\u00e9rt, v\u00edzipari export\u00e9rt \u00e9s a Duna R\u00e9gi\u00f3 Strat\u00e9gia v\u00e9grehajt\u00e1s\u00e1\u00e9rt felel\u0151s miniszteri biztos. \u201e<em>Fontos, hogy minden lehet\u0151s\u00e9get kiakn\u00e1zzunk a magyar projektvezet\u0151i k\u00e9pess\u00e9gek er\u0151s\u00edt\u00e9s\u00e9re, a rendelkez\u00e9sre \u00e1ll\u00f3 magyarorsz\u00e1gi tud\u00e1s megoszt\u00e1s\u00e1ra, vagy \u00e9ppen a hazai v\u00e1llalkoz\u00e1sok k\u00fclf\u00f6ldi terjeszked\u00e9s\u00e9nek megalapoz\u00e1s\u00e1ra is.\u201d \u2013 <\/em>hangs\u00falyozta<em>.<\/em><\/p>\n<p>&nbsp;<\/p><div id=\"gazda-3944081158\" class=\"gazda-tartalomban gazda-entity-placement\"><script async src=\"https:\/\/pagead2.googlesyndication.com\/pagead\/js\/adsbygoogle.js\"><\/script>\r\n<ins class=\"adsbygoogle\"\r\n     style=\"display:block\"\r\n     data-ad-format=\"fluid\"\r\n     data-ad-layout-key=\"-6t+ed+2i-1n-4w\"\r\n     data-ad-client=\"ca-pub-1959107119989764\"\r\n     data-ad-slot=\"4008251320\"><\/ins>\r\n<script>\r\n     (adsbygoogle = window.adsbygoogle || []).push({});\r\n<\/script><\/div>\n<p>A magyar p\u00e1ly\u00e1z\u00f3i k\u00e9pess\u00e9gek meger\u0151s\u00f6d\u00e9s\u00e9t mi sem igazolja jobban, minthogy a Strat\u00e9gia c\u00e9lter\u00fclet\u00e9t lefed\u0151 Duna Transznacion\u00e1lis Program els\u0151 p\u00e1ly\u00e1zati felh\u00edv\u00e1sa sor\u00e1n Magyarorsz\u00e1gr\u00f3l adt\u00e1k be a legt\u00f6bb jelentkez\u00e9st, sz\u00e1m szerint 115-\u00f6t. A 14 dunai orsz\u00e1gb\u00f3l mind\u00f6sszesen 547 p\u00e1ly\u00e1zat ker\u00fclt befogad\u00e1sra, az ebb\u0151l t\u00e1mogat\u00e1st elnyert 55 projekt k\u00f6z\u00fcl 11 magyar vezet\u00e9ssel val\u00f3sul meg. A nyertes projektekben pedig \u00f6sszesen 102 magyar konzorciumi partner vesz r\u00e9szt, melyhez kapcsol\u00f3d\u00f3an mind\u00f6sszesen 18,2M EUR k\u00f6lts\u00e9gvet\u00e9s hasznosul Magyarorsz\u00e1gon, amely a teljes meghirdetett t\u00e1mogat\u00e1s k\u00f6zel 20%-a. Ezzel haz\u00e1nk az els\u0151 helyen szerepel a r\u00e9gi\u00f3 orsz\u00e1gai k\u00f6z\u00f6tt.<\/p>\n<p>&nbsp;<\/p>\n<p><em>\u201eB\u00edzunk benne, hogy az els\u0151 alkalommal, 2015 m\u00e1rcius\u00e1ban megrendezett Projektfinansz\u00edroz\u00e1si Konferencia mint\u00e1j\u00e1ra a mai rendezv\u00e9ny ut\u00e1n is sz\u00e1mos, r\u00e9gi\u00f3 szerte elismert v\u00edzgazd\u00e1lkod\u00e1si tapasztalattal rendelkez\u0151 hazai szervezet v\u00e1llalkozik nemzetk\u00f6zi projektek elind\u00edt\u00e1s\u00e1ra vagy azokban val\u00f3 k\u00f6zrem\u0171k\u00f6d\u00e9sre\u201d <\/em>\u2013 tette hozz\u00e1 a miniszteri biztos.<\/p>\n","protected":false},"excerpt":{"rendered":"<p>K\u00f6zel k\u00e9tsz\u00e1zan vettek r\u00e9szt a Duna R\u00e9gi\u00f3 Strat\u00e9gia 2. Projektfinansz\u00edroz\u00e1si Konferenci\u00e1j\u00e1n, amely a K\u00fclgazdas\u00e1gi \u00e9s K\u00fcl\u00fcgyminiszt\u00e9rium szervez\u00e9s\u00e9ben val\u00f3sult meg Budapesten, 2017. m\u00e1jus 11-\u00e9n. A Strat\u00e9gia soros magyar eln\u00f6ks\u00e9gi programj\u00e1hoz kapcsol\u00f3d\u00f3 esem\u00e9ny a potenci\u00e1lis magyarorsz\u00e1gi p\u00e1ly\u00e1z\u00f3k sz\u00e1m\u00e1ra adott \u00e1t gyakorlati inform\u00e1ci\u00f3kat az aktu\u00e1lis hazai \u00e9s nemzetk\u00f6zi finansz\u00edroz\u00e1si forr\u00e1sokkal \u00e9s a nemzetk\u00f6zi projektekben val\u00f3 r\u00e9szv\u00e9tellel kapcsolatban. A &#8230;<\/p>\n","protected":false},"author":1,"featured_media":0,"comment_status":"closed","ping_status":"open","sticky":false,"template":"","format":"standard","meta":[],"categories":[19],"tags":[],"_links":{"self":[{"href":"https:\/\/gazdasagportal.hu\/index.php\/wp-json\/wp\/v2\/posts\/93037"}],"collection":[{"href":"https:\/\/gazdasagportal.hu\/index.php\/wp-json\/wp\/v2\/posts"}],"about":[{"href":"https:\/\/gazdasagportal.hu\/index.php\/wp-json\/wp\/v2\/types\/post"}],"author":[{"embeddable":true,"href":"https:\/\/gazdasagportal.hu\/index.php\/wp-json\/wp\/v2\/users\/1"}],"replies":[{"embeddable":true,"href":"https:\/\/gazdasagportal.hu\/index.php\/wp-json\/wp\/v2\/comments?post=93037"}],"version-history":[{"count":1,"href":"https:\/\/gazdasagportal.hu\/index.php\/wp-json\/wp\/v2\/posts\/93037\/revisions"}],"predecessor-version":[{"id":93038,"href":"https:\/\/gazdasagportal.hu\/index.php\/wp-json\/wp\/v2\/posts\/93037\/revisions\/93038"}],"wp:attachment":[{"href":"https:\/\/gazdasagportal.hu\/index.php\/wp-json\/wp\/v2\/media?parent=93037"}],"wp:term":[{"taxonomy":"category","embeddable":true,"href":"https:\/\/gazdasagportal.hu\/index.php\/wp-json\/wp\/v2\/categories?post=93037"},{"taxonomy":"post_tag","embeddable":true,"href":"https:\/\/gazdasagportal.hu\/index.php\/wp-json\/wp\/v2\/tags?post=93037"}],"curies":[{"name":"wp","href":"https:\/\/api.w.org\/{rel}","templated":true}]}}