{"id":93030,"date":"2017-05-13T11:01:30","date_gmt":"2017-05-13T09:01:30","guid":{"rendered":"http:\/\/gazdasagportal.hu\/?p=93030"},"modified":"2017-05-13T09:02:22","modified_gmt":"2017-05-13T07:02:22","slug":"negativrol-stabilra-javitotta-a-lengyel-adososztalyzat-kilatasat-a-moodys","status":"publish","type":"post","link":"https:\/\/gazdasagportal.hu\/index.php\/negativrol-stabilra-javitotta-a-lengyel-adososztalyzat-kilatasat-a-moodys\/","title":{"rendered":"Negat\u00edvr\u00f3l stabilra jav\u00edtotta a lengyel ad\u00f3soszt\u00e1lyzat kil\u00e1t\u00e1s\u00e1t a Moody&#8217;s"},"content":{"rendered":"<p><strong>Stabilra jav\u00edtotta a lemin\u0151s\u00edt\u00e9s lehet\u0151s\u00e9g\u00e9re utal\u00f3 eddigi negat\u00edvr\u00f3l az &#8222;A2&#8221; szint\u0171 lengyel \u00e1llamad\u00f3s-oszt\u00e1lyzat kil\u00e1t\u00e1s\u00e1t a Moody&#8217;s Investors Service, a k\u00f6lts\u00e9gvet\u00e9si \u00e9s politikai kock\u00e1zatok enyh\u00fcl\u00e9s\u00e9vel indokolva a d\u00f6nt\u00e9st.<\/strong><!--more--><\/p>\n<div class=\"ads-in-post1\"><div id=\"gazdasagportal.hu_fullbanner_wideboard\"><\/div>\r\n<\/div>\n<p>    A nemzetk\u00f6zi hitelmin\u0151s\u00edt\u0151 a p\u00e9ntek \u00e9jjel Londonban bejelentett l\u00e9p\u00e9ssel egy id\u0151ben meger\u0151s\u00edtette a lengyel szuver\u00e9n besorol\u00e1st.<br \/>\n    A d\u00f6nt\u00e9shez f\u0171z\u00f6tt indokl\u00e1s\u00e1ban a Moody&#8217;s kiemeli, hogy meg\u00edt\u00e9l\u00e9se szerint cs\u00f6kkennek az \u00e1llamh\u00e1ztart\u00e1si alap\u00e1ll\u00e1st terhel\u0151, lefel\u00e9 hat\u00f3 kock\u00e1zatok, amelyek miatt a c\u00e9g egy \u00e9ve negat\u00edvra rontotta a lengyel ad\u00f3soszt\u00e1lyzat kil\u00e1t\u00e1s\u00e1t.<br \/>\n    A Moody&#8217;s tavaly m\u00e1jusban adott negat\u00edv kil\u00e1t\u00e1st az addigi stabil helyett a lengyel szuver\u00e9n besorol\u00e1sra, azzal a v\u00e9lem\u00e9ny\u00e9vel indokolva a d\u00f6nt\u00e9st, hogy n\u0151ttek a k\u00f6lts\u00e9gvet\u00e9si kock\u00e1zatok, \u00e9s kisz\u00e1m\u00edthatatlanabb\u00e1 v\u00e1lt a gazdas\u00e1gpolitikai d\u00f6nt\u00e9shozatal, ami rontja a befektet\u0151i k\u00f6rnyezetet.<br \/>\n    Az akkori l\u00e9p\u00e9st visszaford\u00edt\u00f3 p\u00e9ntek \u00e9jjeli bejelent\u00e9s\u00e9ben a c\u00e9g hangs\u00falyozza, hogy a hazai \u00f6sszterm\u00e9khez (GDP) m\u00e9rt \u00e1llamh\u00e1ztart\u00e1si hi\u00e1ny tavaly 2,4 sz\u00e1zal\u00e9kra cs\u00f6kkent az egy \u00e9vvel kor\u00e1bbi 2,6 sz\u00e1zal\u00e9kr\u00f3l. A Moody&#8217;s kor\u00e1bban 2,8 sz\u00e1zal\u00e9kos GDP-ar\u00e1nyos \u00e1llamh\u00e1ztart\u00e1si hi\u00e1nyt v\u00e1rt Lengyelorsz\u00e1gban 2016-ra.<br \/>\n    P\u00e9nteki elemz\u00e9s\u00e9ben a c\u00e9g elismeri, hogy az oszt\u00e1lyzati kil\u00e1t\u00e1st negat\u00edvra ront\u00f3 tavaly m\u00e1jusi d\u00f6nt\u00e9s\u00e9nek egyik t\u00e9nyez\u0151je &#8211; vagyis a k\u00f6lts\u00e9gvet\u00e9si helyzet roml\u00e1s\u00e1nak kock\u00e1zata &#8211; nem val\u00f3sult meg, \u00e9s a hi\u00e1ny az idei \u00e9v els\u0151 negyed\u00e9ben is kisebb volt a tervezettn\u00e9l, els\u0151sorban a v\u00e1rtn\u00e1l nagyobb ad\u00f3bev\u00e9telek miatt.<br \/>\n    A lengyel \u00e1llamad\u00f3s-oszt\u00e1lyzati kil\u00e1t\u00e1s stabiliz\u00e1l\u00e1s\u00e1nak m\u00e1sik f\u0151 oka az elemz\u00e9s szerint az, hogy a Moody&#8217;s v\u00e1rakoz\u00e1sa szerint a lengyel korm\u00e1ny unortodox gazdas\u00e1gpolitik\u00e1j\u00e1b\u00f3l ered\u0151 bizonytalans\u00e1gokat siker\u00fcl ellen\u0151rz\u00e9s alatt tartani, \u00e9s enyh\u00fclnek az \u00fczleti k\u00f6rnyezetet \u00e9s a beruh\u00e1z\u00e1sokat terhel\u0151 kock\u00e1zatok.<br \/>\n    A lengyel korm\u00e1ny a hatalomra ker\u00fcl\u00e9se \u00f3ta bejelentett egyes int\u00e9zked\u00e9seit visszavonta vagy enyh\u00edtette, \u00e9s nincsenek arra utal\u00f3 jelek, hogy az \u00fczleti kl\u00edma \u00e9rdemben gyeng\u00fclt volna. A k\u00fclf\u00f6ldi m\u0171k\u00f6d\u0151t\u0151ke-be\u00e1raml\u00e1s tov\u00e1bbra is robusztus &#8211; 2015-ben \u00e9s 2016-ban el\u00e9rte a GDP-\u00e9rt\u00e9k 2,9, illetve 3 sz\u00e1zal\u00e9k\u00e1t, ami megfelel a t\u00edz\u00e9vi \u00e1tlagnak -, \u00e9s a portfoli\u00f3t\u0151ke-be\u00e1raml\u00e1s is viszonylag stabil.<br \/>\n    Mindemellett a lengyel \u00e1llamad\u00f3ss\u00e1g-t\u00f6rleszt\u00e9si le\u00e1ll\u00e1s rizik\u00f3j\u00e1ra k\u00f6thet\u0151 piaci biztos\u00edt\u00e1si cseretranzakci\u00f3k (credit default swaps, CDS) fel\u00e1ra az \u00f6t\u00e9ves amerikai \u00e1llampap\u00edrhoz k\u00e9pest valamelyest &#8211; hozz\u00e1vet\u0151leg 20 b\u00e1zisponttal &#8211; cs\u00f6kkent az elm\u00falt egy \u00e9vben.<br \/>\n    A Moody&#8217;s szerint Lengyelorsz\u00e1g vonz\u00f3 a befektet\u0151k sz\u00e1m\u00e1ra, els\u0151sorban piac\u00e1nak m\u00e9rete, j\u00f3 k\u00f6zleked\u00e9si infrastrukt\u00far\u00e1ja, strat\u00e9giai elhelyezked\u00e9se \u00e9s viszonylag j\u00f3 \u00fczleti k\u00f6rnyezete miatt. A Moody&#8217;s kiemelte, hogy az \u00fczleti tev\u00e9kenys\u00e9g k\u00f6rnyezet\u00e9t min\u0151s\u00edt\u0151 idei vil\u00e1gbanki felm\u00e9r\u00e9sben &#8211; Doing Business 2017 &#8211; Lengyelorsz\u00e1g a vizsg\u00e1lt 190 orsz\u00e1g k\u00f6z\u00fcl a 24. helyre ker\u00fclt.(MTI)<\/p>\n","protected":false},"excerpt":{"rendered":"<p>Stabilra jav\u00edtotta a lemin\u0151s\u00edt\u00e9s lehet\u0151s\u00e9g\u00e9re utal\u00f3 eddigi negat\u00edvr\u00f3l az &#8222;A2&#8221; szint\u0171 lengyel \u00e1llamad\u00f3s-oszt\u00e1lyzat kil\u00e1t\u00e1s\u00e1t a Moody&#8217;s Investors Service, a k\u00f6lts\u00e9gvet\u00e9si \u00e9s politikai kock\u00e1zatok enyh\u00fcl\u00e9s\u00e9vel indokolva a d\u00f6nt\u00e9st.<\/p>\n","protected":false},"author":1,"featured_media":0,"comment_status":"closed","ping_status":"open","sticky":false,"template":"","format":"standard","meta":[],"categories":[246],"tags":[],"_links":{"self":[{"href":"https:\/\/gazdasagportal.hu\/index.php\/wp-json\/wp\/v2\/posts\/93030"}],"collection":[{"href":"https:\/\/gazdasagportal.hu\/index.php\/wp-json\/wp\/v2\/posts"}],"about":[{"href":"https:\/\/gazdasagportal.hu\/index.php\/wp-json\/wp\/v2\/types\/post"}],"author":[{"embeddable":true,"href":"https:\/\/gazdasagportal.hu\/index.php\/wp-json\/wp\/v2\/users\/1"}],"replies":[{"embeddable":true,"href":"https:\/\/gazdasagportal.hu\/index.php\/wp-json\/wp\/v2\/comments?post=93030"}],"version-history":[{"count":1,"href":"https:\/\/gazdasagportal.hu\/index.php\/wp-json\/wp\/v2\/posts\/93030\/revisions"}],"predecessor-version":[{"id":93031,"href":"https:\/\/gazdasagportal.hu\/index.php\/wp-json\/wp\/v2\/posts\/93030\/revisions\/93031"}],"wp:attachment":[{"href":"https:\/\/gazdasagportal.hu\/index.php\/wp-json\/wp\/v2\/media?parent=93030"}],"wp:term":[{"taxonomy":"category","embeddable":true,"href":"https:\/\/gazdasagportal.hu\/index.php\/wp-json\/wp\/v2\/categories?post=93030"},{"taxonomy":"post_tag","embeddable":true,"href":"https:\/\/gazdasagportal.hu\/index.php\/wp-json\/wp\/v2\/tags?post=93030"}],"curies":[{"name":"wp","href":"https:\/\/api.w.org\/{rel}","templated":true}]}}