{"id":93026,"date":"2017-05-12T22:37:35","date_gmt":"2017-05-12T20:37:35","guid":{"rendered":"http:\/\/gazdasagportal.hu\/?p=93026"},"modified":"2017-05-12T22:37:35","modified_gmt":"2017-05-12T20:37:35","slug":"hitelminosites-szakerto-nem-meglepo-hogy-a-fitch-nem-valtoztatott-az-allamados-besorolason","status":"publish","type":"post","link":"https:\/\/gazdasagportal.hu\/index.php\/hitelminosites-szakerto-nem-meglepo-hogy-a-fitch-nem-valtoztatott-az-allamados-besorolason\/","title":{"rendered":"Hitelmin\u0151s\u00edt\u00e9s &#8211; Szak\u00e9rt\u0151: nem meglep\u0151, hogy a Fitch nem v\u00e1ltoztatott az \u00e1llamad\u00f3s-besorol\u00e1son"},"content":{"rendered":"<p><strong>Megfelelt az elemz\u0151i v\u00e1rakoz\u00e1soknak, hogy a Fitch Ratings nemzetk\u00f6zi hitelmin\u0151s\u00edt\u0151 ez\u00fattal nem v\u00e1ltoztatott a magyar \u00e1llamad\u00f3ss\u00e1g besorol\u00e1s\u00e1n, az tov\u00e1bbra is a befektet\u00e9sre aj\u00e1nlott kateg\u00f3ria alapszintj\u00e9n, &#8222;BBB m\u00ednusz&#8221; szinten maradt stabil kil\u00e1t\u00e1ssal &#8211; reag\u00e1lt a fel\u00fclvizsg\u00e1lat p\u00e9ntek este bejelentett eredm\u00e9ny\u00e9re \u00dcrm\u00f6ssy Gergely, az Erste Bank vezet\u0151 makrogazdas\u00e1gi elemz\u0151je.<\/strong><!--more--><\/p>\n<div class=\"ads-in-post1\"><div id=\"gazdasagportal.hu_fullbanner_wideboard\"><\/div>\r\n<\/div>\n<p>    A szak\u00e9rt\u0151 szerint a d\u00f6nt\u00e9s az\u00e9rt sem volt meglep\u0151, mert a brutt\u00f3 \u00e1llamad\u00f3ss\u00e1g-r\u00e1ta csak 0,6 sz\u00e1zal\u00e9kponttal, 74,1 sz\u00e1zal\u00e9kra cs\u00f6kkent 2015-r\u0151l 2016-ra, a k\u00f6lts\u00e9gvet\u00e9si t\u00f6rv\u00e9nytervezet pedig arr\u00f3l \u00e1rulkodik, hogy a korm\u00e1ny hajland\u00f3 bizonyos m\u00e9rt\u00e9kig feladni az el\u0151z\u0151 \u00e9vekben tapasztalt szigort a v\u00e1laszt\u00e1sok k\u00f6zeledt\u00e9vel, \u00e9s magasabb hi\u00e1nyt engedhet meg.<br \/>\n    Az Erste elemz\u0151je szerint a tavalyi felmin\u0151s\u00edt\u00e9st k\u00f6vet\u0151en egyel\u0151re nem lehetett l\u00e1tni olyan tervezetet vagy l\u00e9p\u00e9st, amely a magyar gazdas\u00e1g k\u00f6z\u00e9p- \u00e9s hossz\u00fa t\u00e1v\u00fa versenyk\u00e9pess\u00e9g\u00e9t jav\u00edtan\u00e1.<br \/>\n    A Fitch k\u00f6vetkez\u0151 l\u00e9p\u00e9se a kil\u00e1t\u00e1sjav\u00edt\u00e1s lehet, amennyiben november 10-ig lesznek olyan korm\u00e1nyzati d\u00f6nt\u00e9sek, amelyek a k\u00f6lts\u00e9gvet\u00e9s fenntarthat\u00f3s\u00e1g\u00e1t seg\u00edtik, illetve annak szerkezet\u00e9t jav\u00edtj\u00e1k, valamint a versenyk\u00e9pess\u00e9get is deklar\u00e1ltan kiemelt ter\u00fcletk\u00e9nt kezelik. Ezeknek a hi\u00e1ny\u00e1ban nagy val\u00f3sz\u00edn\u0171s\u00e9ggel a magyar ad\u00f3ss\u00e1gmin\u0151s\u00edt\u00e9s v\u00e1ltozatlan marad id\u00e9n &#8211; v\u00e9lte \u00dcrm\u00f6ssy Gergely.(MTI)<\/p>\n","protected":false},"excerpt":{"rendered":"<p>Megfelelt az elemz\u0151i v\u00e1rakoz\u00e1soknak, hogy a Fitch Ratings nemzetk\u00f6zi hitelmin\u0151s\u00edt\u0151 ez\u00fattal nem v\u00e1ltoztatott a magyar \u00e1llamad\u00f3ss\u00e1g besorol\u00e1s\u00e1n, az tov\u00e1bbra is a befektet\u00e9sre aj\u00e1nlott kateg\u00f3ria alapszintj\u00e9n, &#8222;BBB m\u00ednusz&#8221; szinten maradt stabil kil\u00e1t\u00e1ssal &#8211; reag\u00e1lt a fel\u00fclvizsg\u00e1lat p\u00e9ntek este bejelentett eredm\u00e9ny\u00e9re \u00dcrm\u00f6ssy Gergely, az Erste Bank vezet\u0151 makrogazdas\u00e1gi elemz\u0151je.<\/p>\n","protected":false},"author":1,"featured_media":1254,"comment_status":"closed","ping_status":"open","sticky":false,"template":"","format":"standard","meta":[],"categories":[146,19],"tags":[],"_links":{"self":[{"href":"https:\/\/gazdasagportal.hu\/index.php\/wp-json\/wp\/v2\/posts\/93026"}],"collection":[{"href":"https:\/\/gazdasagportal.hu\/index.php\/wp-json\/wp\/v2\/posts"}],"about":[{"href":"https:\/\/gazdasagportal.hu\/index.php\/wp-json\/wp\/v2\/types\/post"}],"author":[{"embeddable":true,"href":"https:\/\/gazdasagportal.hu\/index.php\/wp-json\/wp\/v2\/users\/1"}],"replies":[{"embeddable":true,"href":"https:\/\/gazdasagportal.hu\/index.php\/wp-json\/wp\/v2\/comments?post=93026"}],"version-history":[{"count":1,"href":"https:\/\/gazdasagportal.hu\/index.php\/wp-json\/wp\/v2\/posts\/93026\/revisions"}],"predecessor-version":[{"id":93027,"href":"https:\/\/gazdasagportal.hu\/index.php\/wp-json\/wp\/v2\/posts\/93026\/revisions\/93027"}],"wp:featuredmedia":[{"embeddable":true,"href":"https:\/\/gazdasagportal.hu\/index.php\/wp-json\/wp\/v2\/media\/1254"}],"wp:attachment":[{"href":"https:\/\/gazdasagportal.hu\/index.php\/wp-json\/wp\/v2\/media?parent=93026"}],"wp:term":[{"taxonomy":"category","embeddable":true,"href":"https:\/\/gazdasagportal.hu\/index.php\/wp-json\/wp\/v2\/categories?post=93026"},{"taxonomy":"post_tag","embeddable":true,"href":"https:\/\/gazdasagportal.hu\/index.php\/wp-json\/wp\/v2\/tags?post=93026"}],"curies":[{"name":"wp","href":"https:\/\/api.w.org\/{rel}","templated":true}]}}