{"id":93007,"date":"2017-05-12T14:32:51","date_gmt":"2017-05-12T12:32:51","guid":{"rendered":"http:\/\/gazdasagportal.hu\/?p=93007"},"modified":"2017-05-12T14:32:51","modified_gmt":"2017-05-12T12:32:51","slug":"penzt-is-kapnak-22-diak-kezdheti-meg-gyakorlatat-az-apollo-gyarban","status":"publish","type":"post","link":"https:\/\/gazdasagportal.hu\/index.php\/penzt-is-kapnak-22-diak-kezdheti-meg-gyakorlatat-az-apollo-gyarban\/","title":{"rendered":"P\u00e9nzt is kapnak: 22 di\u00e1k kezdheti meg gyakorlat\u00e1t az Apollo gy\u00e1rban"},"content":{"rendered":"<p><strong>22 abroncsgy\u00e1rt\u00f3nak k\u00e9sz\u00fcl\u0151 di\u00e1k tett a napokban \u00fagynevezett szintvizsg\u00e1t, ami egyben bel\u00e9p\u0151 az Apollo gy\u00f6ngy\u00f6shal\u00e1szi gy\u00e1r\u00e1ba: a sikeres vizsga a felt\u00e9tele annak, hogy a tanul\u00f3k megkezdhess\u00e9k k\u00e9pz\u00e9s\u00fck gyakorlati r\u00e9sz\u00e9t az ultramodern technol\u00f3gi\u00e1val felszerelt \u00fczemben.\u00a0 Az Apollo Tyres k\u00e9t heves megyei k\u00f6z\u00e9piskol\u00e1val alak\u00edtott ki egy\u00fcttm\u0171k\u00f6d\u00e9st, a du\u00e1lis k\u00e9pz\u00e9sben r\u00e9sztvev\u0151k az elm\u00e9leti ismereteket a gy\u00f6ngy\u00f6si J\u00f3zsef Attila Szakk\u00f6z\u00e9piskol\u00e1ban illetve a hevesi E\u00f6tv\u00f6s J\u00f3zsef Reform\u00e1tus Oktat\u00e1si K\u00f6zpontban saj\u00e1t\u00edtj\u00e1k el, a gyakorlati k\u00e9pz\u00e9shez pedig az abroncsgy\u00e1rt\u00f3 \u00f3ri\u00e1s biztos\u00edtja a felt\u00e9teleket.<\/strong><!--more--><\/p>\n<div class=\"ads-in-post1\"><div id=\"gazdasagportal.hu_fullbanner_wideboard\"><\/div>\r\n<\/div>\n<p><strong>\u00a0<\/strong><\/p>\n<p>A teljesen \u00fajnak sz\u00e1m\u00edt\u00f3 abroncsgy\u00e1rt\u00f3 k\u00e9pz\u00e9s tavaly szeptemberben indult el, az els\u0151 \u00e9vfolyam di\u00e1kjai a k\u00e9pz\u00e9si programban most \u00e9rkeztek el ahhoz a ponthoz, ahol egy szintvizsg\u00e1n kell sz\u00e1mot adniuk a megszerzett elm\u00e9leti ismeretekr\u0151l. Az akad\u00e1lyt a napokban minden tanul\u00f3 sikeresen vette, ami sz\u00e1mukra azt jelenti, hogy az iskolapadot a legmodernebb technikai eszk\u00f6z\u00f6kkel felszerelt gy\u00e1rra cser\u00e9lhetik fel a tan\u00e9v v\u00e9g\u00e9n \u2013 a ny\u00e1ri gyakorlat idej\u00e9re. Szeptembert\u0151l pedig rendszeres l\u00e1togat\u00f3i lesznek a c\u00e9gnek.<\/p>\n<p>&nbsp;<\/p><div id=\"gazda-3395238075\" class=\"gazda-tartalomban gazda-entity-placement\"><script async src=\"https:\/\/pagead2.googlesyndication.com\/pagead\/js\/adsbygoogle.js\"><\/script>\r\n<ins class=\"adsbygoogle\"\r\n     style=\"display:block\"\r\n     data-ad-format=\"fluid\"\r\n     data-ad-layout-key=\"-6t+ed+2i-1n-4w\"\r\n     data-ad-client=\"ca-pub-1959107119989764\"\r\n     data-ad-slot=\"4008251320\"><\/ins>\r\n<script>\r\n     (adsbygoogle = window.adsbygoogle || []).push({});\r\n<\/script><\/div>\n<p>A di\u00e1kok tanulm\u00e1nyaik befejez\u00e9s\u00e9ig havi rendszeres p\u00e9nzbeli juttat\u00e1st is kapnak az Apollo-t\u00f3l, ugyanis a du\u00e1lis k\u00e9pz\u00e9s keret\u00e9n bel\u00fcl \u00fagynevezett \u201etanul\u00f3 szerz\u0151d\u00e9s\u201d-t k\u00f6t vel\u00fck a c\u00e9g. Emellett az Apollo Tyres egy \u00f6szt\u00f6nd\u00edjat is \u00fatj\u00e1ra ind\u00edt, ennek r\u00e9szek\u00e9nt a legkiv\u00e1l\u00f3bb di\u00e1kok tov\u00e1bbi anyagi t\u00e1mogat\u00e1st kaphatnak. Els\u0151 l\u00e9pcs\u0151ben a legjobb \u00e9s a legjobban fejl\u0151d\u0151 abroncsgy\u00e1rt\u00f3 tanul\u00f3k r\u00e9szes\u00fcltek kiemelt \u00f6szt\u00f6nd\u00edjban. A c\u00e9g sz\u00e1nd\u00e9kai szerint hamarosan tov\u00e1bbi di\u00e1kok k\u00f6vethetik \u0151ket. Az Apollo Tyres a du\u00e1lis k\u00e9pz\u00e9sben r\u00e9sztvev\u0151ket m\u00e1s m\u00f3don is t\u00e1mogatja, szakmai fejl\u0151d\u00e9s\u00fcket is seg\u00edti. Az iskol\u00e1kkal szorosan egy\u00fcttm\u0171k\u00f6dve tutor\u00e1l\u00e1si \u00e9s mentor\u00e1l\u00e1si k\u00eds\u00e9rleti (\u00fan. pilot) programot ind\u00edtottak, melynek keret\u00e9ben a csoportos \u00e9s egy\u00e9ni tanulm\u00e1nyi seg\u00edts\u00e9g mellett az Apollo nagy hangs\u00falyt fektet a szabadid\u0151s foglalkoz\u00e1sokra, \u00e9s arra is, hogy seg\u00edtse a tanul\u00f3k eljut\u00e1s\u00e1t az iskol\u00e1ba.<\/p>\n<p>&nbsp;<\/p>\n<p><em>\u201eA szakk\u00e9pz\u00e9s legnagyobb kih\u00edv\u00e1sa, hogy vonz\u00f3 \u00e9s k\u00e9zzelfoghat\u00f3 j\u00f6v\u0151k\u00e9pet mutassunk a k\u00e9pz\u00e9sbe bel\u00e9p\u0151knek, ami megfelel\u0151 motiv\u00e1ci\u00f3t ny\u00fajt sz\u00e1mukra a tanul\u00e1shoz. Az Apollo m\u00e1r most jelen van a di\u00e1kok \u00e9let\u00e9ben, akiknek konkr\u00e9t munkalehet\u0151s\u00e9get \u00e9s \u00e9letp\u00e1ly\u00e1t k\u00edn\u00e1l. A szintvizsga eredm\u00e9nyei is mutatj\u00e1k, hogy az iskol\u00e1kkal k\u00f6z\u00f6sen j\u00f3 \u00faton haladunk\u201d<\/em> \u2013 mondta Tarnai Tam\u00e1s, az Apollo Tyres emberi er\u0151forr\u00e1s \u00e9s t\u00e1rsas\u00e1gi t\u00e1mogat\u00e1s igazgat\u00f3ja.<\/p>\n<p>&nbsp;<\/p>\n<p>A du\u00e1lis k\u00e9pz\u00e9sben az Apollo Tyres partnere az Egri Szakk\u00e9pz\u00e9si Centrum J\u00f3zsef Attila Szakgimn\u00e1ziuma, Szakk\u00f6z\u00e9piskol\u00e1ja \u00e9s Koll\u00e9giuma Gy\u00f6ngy\u00f6s\u00f6n, illetve az E\u00f6tv\u00f6s J\u00f3zsef Reform\u00e1tus Oktat\u00e1si K\u00f6zpont Hevesen.<\/p>\n<p>&nbsp;<\/p>\n<p>&nbsp;<\/p>\n<p><strong>Az Apollo Tyres (Hungary) Kft.<\/strong><\/p>\n<p>Az Apollo Tyres egy nemzetk\u00f6zi gumiabroncsgy\u00e1rt\u00f3 v\u00e1llalat, amely Indi\u00e1ban, Hollandi\u00e1ban \u00e9s Magyarorsz\u00e1gon rendelkezik gy\u00e1rral. A gy\u00f6ngy\u00f6shal\u00e1szi \u00fczem \u00e1tad\u00e1s\u00e1ra 2017 \u00e1prilis\u00e1ban ker\u00fclt sor, a termel\u00e9s fokozatosan indul. Ha a gy\u00e1r el\u00e9ri teljes kapacit\u00e1s\u00e1t, \u00e9vente 5,5 milli\u00f3 szem\u00e9lyaut\u00f3- \u00e9s kisteherj\u00e1rm\u0171-, valamint 675 ezer darab busz- \u00e9s teherg\u00e9pj\u00e1rm\u0171-abroncsot fog el\u0151\u00e1ll\u00edtani az eur\u00f3pai piacra, t\u00f6bb sz\u00e1z embernek biztos\u00edtva munkalehet\u0151s\u00e9get a r\u00e9gi\u00f3ban. A v\u00e1llalat saj\u00e1t term\u00e9keit Apollo \u00e9s Vredestein glob\u00e1lis m\u00e1rkanevek alatt hozza forgalomba. Az Apollo India egyik vezet\u0151 m\u00e1rk\u00e1ja, m\u00edg a Vredestein egy eur\u00f3pai pr\u00e9mium m\u00e1rka. A v\u00e1llalat term\u00e9keit t\u00f6bb mint 100 orsz\u00e1gban forgalmazz\u00e1k a viszontelad\u00f3i h\u00e1l\u00f3zaton kereszt\u00fcl.<\/p>\n<p>&nbsp;<\/p>\n<p><a href=\"http:\/\/www.apollotyres.com\" target=\"_blank\" rel=\"noopener\">www.apollotyres.com<\/a> | <a href=\"https:\/\/www.facebook.com\/ApolloTyresLtd\" target=\"_blank\" rel=\"noopener\">https:\/\/www.facebook.com\/ApolloTyresLtd<\/a> | <a href=\"https:\/\/www.linkedin.com\/company\/apollo-tyres-ltd.\" target=\"_blank\" rel=\"noopener\">www.linkedin.com\/company\/apollo-tyres-ltd.<\/a><\/p>\n<p><strong>\u00a0<\/strong><\/p>\n","protected":false},"excerpt":{"rendered":"<p>22 abroncsgy\u00e1rt\u00f3nak k\u00e9sz\u00fcl\u0151 di\u00e1k tett a napokban \u00fagynevezett szintvizsg\u00e1t, ami egyben bel\u00e9p\u0151 az Apollo gy\u00f6ngy\u00f6shal\u00e1szi gy\u00e1r\u00e1ba: a sikeres vizsga a felt\u00e9tele annak, hogy a tanul\u00f3k megkezdhess\u00e9k k\u00e9pz\u00e9s\u00fck gyakorlati r\u00e9sz\u00e9t az ultramodern technol\u00f3gi\u00e1val felszerelt \u00fczemben.\u00a0 Az Apollo Tyres k\u00e9t heves megyei k\u00f6z\u00e9piskol\u00e1val alak\u00edtott ki egy\u00fcttm\u0171k\u00f6d\u00e9st, a du\u00e1lis k\u00e9pz\u00e9sben r\u00e9sztvev\u0151k az elm\u00e9leti ismereteket a gy\u00f6ngy\u00f6si J\u00f3zsef Attila &#8230;<\/p>\n","protected":false},"author":1,"featured_media":0,"comment_status":"closed","ping_status":"open","sticky":false,"template":"","format":"standard","meta":[],"categories":[19],"tags":[],"_links":{"self":[{"href":"https:\/\/gazdasagportal.hu\/index.php\/wp-json\/wp\/v2\/posts\/93007"}],"collection":[{"href":"https:\/\/gazdasagportal.hu\/index.php\/wp-json\/wp\/v2\/posts"}],"about":[{"href":"https:\/\/gazdasagportal.hu\/index.php\/wp-json\/wp\/v2\/types\/post"}],"author":[{"embeddable":true,"href":"https:\/\/gazdasagportal.hu\/index.php\/wp-json\/wp\/v2\/users\/1"}],"replies":[{"embeddable":true,"href":"https:\/\/gazdasagportal.hu\/index.php\/wp-json\/wp\/v2\/comments?post=93007"}],"version-history":[{"count":1,"href":"https:\/\/gazdasagportal.hu\/index.php\/wp-json\/wp\/v2\/posts\/93007\/revisions"}],"predecessor-version":[{"id":93008,"href":"https:\/\/gazdasagportal.hu\/index.php\/wp-json\/wp\/v2\/posts\/93007\/revisions\/93008"}],"wp:attachment":[{"href":"https:\/\/gazdasagportal.hu\/index.php\/wp-json\/wp\/v2\/media?parent=93007"}],"wp:term":[{"taxonomy":"category","embeddable":true,"href":"https:\/\/gazdasagportal.hu\/index.php\/wp-json\/wp\/v2\/categories?post=93007"},{"taxonomy":"post_tag","embeddable":true,"href":"https:\/\/gazdasagportal.hu\/index.php\/wp-json\/wp\/v2\/tags?post=93007"}],"curies":[{"name":"wp","href":"https:\/\/api.w.org\/{rel}","templated":true}]}}