{"id":93005,"date":"2017-05-12T13:49:25","date_gmt":"2017-05-12T11:49:25","guid":{"rendered":"http:\/\/gazdasagportal.hu\/?p=93005"},"modified":"2017-05-12T13:49:25","modified_gmt":"2017-05-12T11:49:25","slug":"adotanacsado-a-reklamado-valtozasaval-sok-cegnek-kernie-kell-az-adoeloleg-modositasat","status":"publish","type":"post","link":"https:\/\/gazdasagportal.hu\/index.php\/adotanacsado-a-reklamado-valtozasaval-sok-cegnek-kernie-kell-az-adoeloleg-modositasat\/","title":{"rendered":"Ad\u00f3tan\u00e1csad\u00f3: a rekl\u00e1mad\u00f3 v\u00e1ltoz\u00e1s\u00e1val sok c\u00e9gnek k\u00e9rnie kell az ad\u00f3el\u0151leg m\u00f3dos\u00edt\u00e1s\u00e1t"},"content":{"rendered":"<p><strong>A rekl\u00e1mad\u00f3r\u00f3l sz\u00f3l\u00f3 t\u00f6rv\u00e9ny m\u00f3dos\u00edt\u00e1s\u00e1nak elfogad\u00e1s\u00e1val sok c\u00e9gnek v\u00e1rhat\u00f3an kevesebb ad\u00f3t kell majd fizetnie 2017-ben, mint amennyit az ad\u00f3el\u0151legr\u0151l sz\u00f3l\u00f3 bevall\u00e1sban felt\u00fcntetett, ez\u00e9rt k\u00e9rnie kell a fizetend\u0151 ad\u00f3el\u0151leg m\u00f3dos\u00edt\u00e1s\u00e1t &#8211; h\u00edvja fel a figyelmet Fekete Zolt\u00e1n Titusz, az RSM Hungary ad\u00f3jog\u00e1sza. <\/strong><!--more--><\/p>\n<div class=\"ads-in-post1\"><div id=\"gazdasagportal.hu_fullbanner_wideboard\"><\/div>\r\n<\/div>\n<p>    A 100 milli\u00f3 forintot el nem \u00e9r\u0151 rekl\u00e1mk\u00f6zz\u00e9tev\u0151k de minimis t\u00e1mogat\u00e1snak min\u0151s\u00fcl\u0151 ad\u00f3mentess\u00e9get kapnak. A rekl\u00e1mmegrendel\u0151kn\u00e9l nincs v\u00e1ltoz\u00e1s, rekl\u00e1mk\u00f6lts\u00e9geik ut\u00e1n tov\u00e1bbra is 5 sz\u00e1zal\u00e9k ad\u00f3t kell fizetni\u00fck.<br \/>\n    A rekl\u00e1mk\u00f6zz\u00e9tev\u0151k ad\u00f3kulcsa pedig 100 milli\u00f3 forintos \u00e1rbev\u00e9tel hat\u00e1rig 0, e f\u00f6l\u00f6tt pedig 2017 j\u00fanius\u00e1t\u00f3l 7,5 sz\u00e1zal\u00e9k lesz. A javaslat \u00e9rtelm\u00e9ben az ad\u00f3 m\u00e9rt\u00e9ke 2017. janu\u00e1r 1. \u00e9s 2017. m\u00e1jus 31. k\u00f6z\u00f6tt &#8211; annak \u00e9rdek\u00e9ben, hogy egyetlen ad\u00f3z\u00f3 eset\u00e9n se k\u00f6vetkezz\u00e9k be visszamen\u0151leges hat\u00e1ly\u00fa tehern\u00f6veked\u00e9s &#8211; egys\u00e9gesen 0 sz\u00e1zal\u00e9k, 2017. j\u00fanius 1-j\u00e9t\u0151l lesz 7,5 sz\u00e1zal\u00e9k.<br \/>\n    A 2014-es, 2015-\u00f6s, 2016-os ad\u00f3\u00e9vekre megfizetett rekl\u00e1mad\u00f3t a c\u00e9gek ad\u00f3t\u00falfizet\u00e9sk\u00e9nt vehetik figyelembe. Az ad\u00f3hat\u00f3s\u00e1g a tervezet alapj\u00e1n a kor\u00e1bban megfizetett ad\u00f3t megjelen\u00edti a rekl\u00e1mk\u00f6zz\u00e9tev\u0151k ad\u00f3foly\u00f3sz\u00e1ml\u00e1j\u00e1n. A c\u00e9gek az \u00e1ltal\u00e1nos szab\u00e1lyok szerint k\u00e9rhetik, hogy a t\u00falfizet\u00e9s \u00f6sszeg\u00e9t utalj\u00e1k banksz\u00e1ml\u00e1jukra, \u00e1tvezettethetik m\u00e1s ad\u00f3nemre, illetve az adott sz\u00e1ml\u00e1n tartva szembe\u00e1ll\u00edthatj\u00e1k k\u00e9s\u0151bbi rekl\u00e1mad\u00f3 k\u00f6telezetts\u00e9g\u00fckkel.<br \/>\n    A rekl\u00e1mad\u00f3 m\u00f3dos\u00edt\u00e1sa hat\u00e1ssal lesz a t\u00e1rsas\u00e1gi ad\u00f3ra is &#8211; h\u00edvja fel a figyelmet az ad\u00f3jog\u00e1sz.     A rekl\u00e1mad\u00f3t a rekl\u00e1mk\u00f6zz\u00e9tev\u0151 c\u00e9gek az ad\u00f3z\u00e1s el\u0151tti eredm\u00e9ny terh\u00e9re r\u00e1ford\u00edt\u00e1sk\u00e9nt sz\u00e1molhatt\u00e1k el, \u00e9rv\u00e9nyes\u00edthett\u00e9k \u00e9ves t\u00e1rsas\u00e1gi ad\u00f3bevall\u00e1sukban. 2017-ben a t\u00falfizet\u00e9sk\u00e9nt j\u00f3v\u00e1\u00edr\u00e1sra ker\u00fcl\u0151 rekl\u00e1mad\u00f3t egy\u00e9b bev\u00e9tel c\u00edmen kell majd az \u00e9rintett c\u00e9gek k\u00f6nyveiben kimutatni. A visszafizetett \u00f6sszegekre a t\u00e1rsas\u00e1gi ad\u00f3 kulcsok cs\u00f6kkent\u00e9se miatt egys\u00e9gesen 9 sz\u00e1zal\u00e9kos ad\u00f3terhet kell megfizetni\u00fck a m\u00e9diac\u00e9geknek, szemben a kor\u00e1bban hat\u00e1lyos 10, illetve 19 sz\u00e1zal\u00e9kkal. \u00cdgy azok a c\u00e9gek, amelyek kor\u00e1bban magasabb kulccsal ad\u00f3ztak &#8211; vagyis az 500 milli\u00f3 forintos tao alap feletti c\u00e9gek &#8211; jobb helyzetbe ker\u00fclnek, mint kisebb versenyt\u00e1rsaik.<br \/>\n    A tervezett v\u00e1ltoz\u00e1sok k\u00f6vetkezt\u00e9ben 2017-ben cs\u00f6kken az effekt\u00edv ad\u00f3teher, mivel a m\u00f3dos\u00edt\u00e1s \u00e9v\u00e9ben az \u00e9ves \u00e1tlagos ad\u00f3terhel\u00e9s az ad\u00f3kulcsemel\u00e9s ellen\u00e9re 4,375 sz\u00e1zal\u00e9k lesz, tov\u00e1bb\u00e1 a saj\u00e1t c\u00e9l\u00fa rekl\u00e1mkiad\u00e1sok ut\u00e1n m\u00e1r nem kell rekl\u00e1mad\u00f3t fizetni\u00fck a c\u00e9geknek.<br \/>\n    A m\u00f3dos\u00edt\u00e1s az ad\u00f3el\u0151leg meg\u00e1llap\u00edt\u00e1s\u00e1val \u00e9s megfizet\u00e9s\u00e9vel kapcsolatos ad\u00f3k\u00f6telezetts\u00e9geket azonban nem \u00e9rinti &#8211; h\u00edvja fel a figyelmet az ad\u00f3jog\u00e1sz. Az ad\u00f3hat\u00f3s\u00e1g minden v\u00e1llalkoz\u00e1s sz\u00e1m\u00e1ra a rekl\u00e1mad\u00f3-el\u0151legr\u0151l beny\u00fajtott bevall\u00e1sban szerepl\u0151 \u00f6sszeget fogja az esed\u00e9kess\u00e9gi id\u0151pontokban (j\u00falius 20. \u00e9s okt\u00f3ber 20.) el\u0151\u00edrni.(MTI)<\/p>\n","protected":false},"excerpt":{"rendered":"<p>A rekl\u00e1mad\u00f3r\u00f3l sz\u00f3l\u00f3 t\u00f6rv\u00e9ny m\u00f3dos\u00edt\u00e1s\u00e1nak elfogad\u00e1s\u00e1val sok c\u00e9gnek v\u00e1rhat\u00f3an kevesebb ad\u00f3t kell majd fizetnie 2017-ben, mint amennyit az ad\u00f3el\u0151legr\u0151l sz\u00f3l\u00f3 bevall\u00e1sban felt\u00fcntetett, ez\u00e9rt k\u00e9rnie kell a fizetend\u0151 ad\u00f3el\u0151leg m\u00f3dos\u00edt\u00e1s\u00e1t &#8211; h\u00edvja fel a figyelmet Fekete Zolt\u00e1n Titusz, az RSM Hungary ad\u00f3jog\u00e1sza.<\/p>\n","protected":false},"author":1,"featured_media":0,"comment_status":"closed","ping_status":"open","sticky":false,"template":"","format":"standard","meta":[],"categories":[20,19],"tags":[],"_links":{"self":[{"href":"https:\/\/gazdasagportal.hu\/index.php\/wp-json\/wp\/v2\/posts\/93005"}],"collection":[{"href":"https:\/\/gazdasagportal.hu\/index.php\/wp-json\/wp\/v2\/posts"}],"about":[{"href":"https:\/\/gazdasagportal.hu\/index.php\/wp-json\/wp\/v2\/types\/post"}],"author":[{"embeddable":true,"href":"https:\/\/gazdasagportal.hu\/index.php\/wp-json\/wp\/v2\/users\/1"}],"replies":[{"embeddable":true,"href":"https:\/\/gazdasagportal.hu\/index.php\/wp-json\/wp\/v2\/comments?post=93005"}],"version-history":[{"count":1,"href":"https:\/\/gazdasagportal.hu\/index.php\/wp-json\/wp\/v2\/posts\/93005\/revisions"}],"predecessor-version":[{"id":93006,"href":"https:\/\/gazdasagportal.hu\/index.php\/wp-json\/wp\/v2\/posts\/93005\/revisions\/93006"}],"wp:attachment":[{"href":"https:\/\/gazdasagportal.hu\/index.php\/wp-json\/wp\/v2\/media?parent=93005"}],"wp:term":[{"taxonomy":"category","embeddable":true,"href":"https:\/\/gazdasagportal.hu\/index.php\/wp-json\/wp\/v2\/categories?post=93005"},{"taxonomy":"post_tag","embeddable":true,"href":"https:\/\/gazdasagportal.hu\/index.php\/wp-json\/wp\/v2\/tags?post=93005"}],"curies":[{"name":"wp","href":"https:\/\/api.w.org\/{rel}","templated":true}]}}