{"id":93003,"date":"2017-05-12T13:04:46","date_gmt":"2017-05-12T11:04:46","guid":{"rendered":"http:\/\/gazdasagportal.hu\/?p=93003"},"modified":"2017-05-12T12:48:09","modified_gmt":"2017-05-12T10:48:09","slug":"besargitja-europa-az-uber-t","status":"publish","type":"post","link":"https:\/\/gazdasagportal.hu\/index.php\/besargitja-europa-az-uber-t\/","title":{"rendered":"Bes\u00e1rg\u00edtja Eur\u00f3pa az UBER-t?"},"content":{"rendered":"<p><strong>Az Uber sz\u00e1m\u00e1ra kellemetlen fordulatot vett a vele szemben foly\u00f3 elj\u00e1r\u00e1s az Eur\u00f3pai Uni\u00f3 B\u00edr\u00f3s\u00e1g\u00e1n, miut\u00e1n a b\u00edr\u00f3s\u00e1g f\u0151tan\u00e1csnoka arra az \u00e1ll\u00e1spontra helyezkedett, hogy a c\u00e9g tev\u00e9kenys\u00e9g\u00e9t a k\u00f6zleked\u00e9s ter\u00fclet\u00e9n kifejtett szolg\u00e1ltat\u00e1snak kell tekinteni. Ha az elj\u00e1r\u00e1s v\u00e9g\u00e9n is ez az \u00e1ll\u00e1spont diadalmaskodik, az Ubernek is teljes\u00edtenie kell a tag\u00e1llamok \u00e1ltal a taxisof\u0151r\u00f6k sz\u00e1m\u00e1ra el\u0151\u00edrt k\u00f6telezetts\u00e9geket \u2013 figyelmeztet a mai br\u00fcsszeli d\u00f6nt\u00e9st \u00f6sszegz\u0151 k\u00f6zlem\u00e9ny\u00e9ben a<\/strong> <strong>KPMG Legal T\u00f3\u00e1s\u00f3 \u00dcgyv\u00e9di Iroda. <\/strong><\/p>\n<p>&nbsp;<\/p>\n<p>Rossz napja volt az UBER-nek, legal\u00e1bbis Eur\u00f3p\u00e1ban, miut\u00e1n Maciej Szpunar, a b\u00edr\u00f3s\u00e1g illet\u00e9kes f\u0151tan\u00e1csnoka arra az \u00e1ll\u00e1spontra helyezkedett, hogy a c\u00e9g tev\u00e9kenys\u00e9g\u00e9t a k\u00f6zleked\u00e9s ter\u00fclet\u00e9n kifejtett szolg\u00e1ltat\u00e1snak kell tekinteni. Ez azt jelenti, hogy meg\u00edt\u00e9l\u00e9se szerint az UBER-nek is teljes\u00edtenie kell mindazokat a k\u00f6telezetts\u00e9geket, amelyeket a tag\u00e1llamok el\u0151\u00edrnak a taxiszolg\u00e1ltat\u00e1st ny\u00fajt\u00f3 v\u00e1llalkoz\u00e1soknak. Ha az elj\u00e1r\u00e1s v\u00e9g\u00e9n is ez az \u00e1ll\u00e1spont diadalmaskodik, akkor jelent\u0151sen romlik az UBER versenyk\u00e9pess\u00e9ge az Eur\u00f3pai Uni\u00f3ban, hiszen eddig j\u00f3r\u00e9szt az\u00e9rt tudott olcs\u00f3 szolg\u00e1ltat\u00e1sokat ny\u00fajtani, mert sof\u0151rjeire n\u00e9zve nem \u00e9rezte k\u00f6telez\u0151nek sem a fix tarif\u00e1kat, sem az egyensz\u00ednt, sem semmilyen m\u00e1s el\u0151\u00edr\u00e1st.<\/p><div id=\"gazda-1595998787\" class=\"gazda-tartalomban gazda-entity-placement\"><script async src=\"https:\/\/pagead2.googlesyndication.com\/pagead\/js\/adsbygoogle.js\"><\/script>\r\n<ins class=\"adsbygoogle\"\r\n     style=\"display:block\"\r\n     data-ad-format=\"fluid\"\r\n     data-ad-layout-key=\"-6t+ed+2i-1n-4w\"\r\n     data-ad-client=\"ca-pub-1959107119989764\"\r\n     data-ad-slot=\"4008251320\"><\/ins>\r\n<script>\r\n     (adsbygoogle = window.adsbygoogle || []).push({});\r\n<\/script><\/div>\n<p>&nbsp;<\/p>\n<p>A f\u0151tan\u00e1csnok szerint els\u0151dlegesen arr\u00f3l kell hat\u00e1rozni, hogy az UBER \u00e1ltal k\u00edn\u00e1lt szolg\u00e1ltat\u00e1s inform\u00e1ci\u00f3s t\u00e1rsadalommal \u00f6sszef\u00fcgg\u0151 szolg\u00e1ltat\u00e1snak min\u0151s\u00fcl, vagy a tag\u00e1llamok \u00e1ltal szab\u00e1lyozott k\u00f6zleked\u00e9s ter\u00fclet\u00e9re tartozik-e. A f\u0151tan\u00e1csnok v\u00e9lem\u00e9nye szerint az UBER \u00e1ltal k\u00edn\u00e1lt szolg\u00e1ltat\u00e1s nem felel meg az inform\u00e1ci\u00f3s t\u00e1rsadalommal \u00f6sszef\u00fcgg\u0151 szolg\u00e1ltat\u00e1s el\u0151zetesen meghat\u00e1rozott felt\u00e9teleinek. Egyr\u00e9szr\u0151l az applik\u00e1ci\u00f3n kereszt\u00fcl ny\u00fajtott szolg\u00e1ltat\u00e1s nem f\u00fcggetlen gazdas\u00e1gilag a sof\u0151r\u00f6k \u00e1ltal ny\u00fajtott utassz\u00e1ll\u00edt\u00e1si szolg\u00e1ltat\u00e1st\u00f3l (pl. \u00e1rak meghat\u00e1roz\u00e1sa, sof\u0151r\u00f6k kiz\u00e1r\u00e1s\u00e1nak lehet\u0151s\u00e9ge stb.). M\u00e1sr\u00e9szr\u0151l nem ugyanazon szem\u00e9ly hat\u00e1sk\u00f6r\u00e9be tartozik a k\u00e9t tev\u00e9kenys\u00e9g (applik\u00e1ci\u00f3fejleszt\u00e9s \u00e9s -szolg\u00e1ltat\u00e1s, illetve a t\u00e9nyleges utassz\u00e1ll\u00edt\u00e1s). Mindezek miatt \u00fagy foglalt \u00e1ll\u00e1st, hogy az UBER tev\u00e9kenys\u00e9ge a tag\u00e1llamok joga \u00e1ltal szab\u00e1lyozott k\u00f6zleked\u00e9s ter\u00fclet\u00e9re sorolhat\u00f3.<\/p>\n<p>&nbsp;<\/p>\n<p>A f\u0151tan\u00e1csnok ind\u00edtv\u00e1nya nem k\u00f6ti az Eur\u00f3pai Uni\u00f3 B\u00edr\u00f3s\u00e1g\u00e1t, amely majd a v\u00e9gs\u0151 sz\u00f3t mondja ki.<\/p>\n<p>&nbsp;<\/p>\n<p>&nbsp;<\/p>\n<p><em><strong>KPMG<\/strong><\/em><\/p>\n<p><strong><em>\u00a0<\/em><\/strong><\/p>\n<p><strong><em>A KPMG k\u00f6nyvvizsg\u00e1lati, ad\u00f3- \u00e9s \u00fczleti tan\u00e1csad\u00e1si szolg\u00e1ltat\u00e1sokat ny\u00fajt\u00f3 t\u00e1rsas\u00e1gok glob\u00e1lis h\u00e1l\u00f3zata. Tagt\u00e1rsas\u00e1gaink 152 orsz\u00e1gban m\u0171k\u00f6dnek \u00e9s 189 000 szakembert foglalkoztatnak vil\u00e1gszerte. A KPMG-h\u00e1l\u00f3zat f\u00fcggetlen tagt\u00e1rsas\u00e1gai a KPMG International Cooperative-hez, a Sv\u00e1jci \u00c1llamsz\u00f6vets\u00e9g joga alapj\u00e1n bejegyzett jogi szem\u00e9lyhez kapcsol\u00f3dnak. A KPMG tagt\u00e1rsas\u00e1gai jogilag egym\u00e1st\u00f3l f\u00fcggetlen, \u00f6n\u00e1ll\u00f3 szervezetek, \u00e9s ennek megfelel\u0151en j\u00e1rnak el.\u00a0\u00a0 <\/em><\/strong><\/p>\n<p><strong><em>\u00a0<\/em><\/strong><\/p>\n<p><strong><em>A KPMG Magyarorsz\u00e1gon t\u00f6bb mint 1000 munkat\u00e1rsat foglalkoztat \u2013 a KPMG Hung\u00e1ria Kft. k\u00f6nyvvizsg\u00e1lati szolg\u00e1ltat\u00e1sokat, m\u00edg a KPMG Tan\u00e1csad\u00f3 Kft. sz\u00e9les k\u00f6r\u0171 ad\u00f3-, jogi \u00e9s \u00fczleti tan\u00e1csad\u00e1si szolg\u00e1ltat\u00e1sokat k\u00edn\u00e1l magyar \u00e9s multinacion\u00e1lis t\u00e1rsas\u00e1gok, korm\u00e1nyzati szervek, valamint k\u00fclf\u00f6ldi befektet\u0151k sz\u00e1m\u00e1ra. A KPMG budapesti \u00fcgyviteli k\u00f6zpontja (KPMG Global Services Hungary \u2013 KGSH) t\u00f6bb mint 35 orsz\u00e1gban ny\u00fajt \u00fcgyviteli t\u00e1mogat\u00e1st multinacion\u00e1lis t\u00e1rsas\u00e1gok sz\u00e1m\u00e1ra.<\/em><\/strong><\/p>\n<p><strong><em>\u00a0<\/em><\/strong><\/p>\n<p>&nbsp;<\/p>\n","protected":false},"excerpt":{"rendered":"<p>Az Uber sz\u00e1m\u00e1ra kellemetlen fordulatot vett a vele szemben foly\u00f3 elj\u00e1r\u00e1s az Eur\u00f3pai Uni\u00f3 B\u00edr\u00f3s\u00e1g\u00e1n, miut\u00e1n a b\u00edr\u00f3s\u00e1g f\u0151tan\u00e1csnoka arra az \u00e1ll\u00e1spontra helyezkedett, hogy a c\u00e9g tev\u00e9kenys\u00e9g\u00e9t a k\u00f6zleked\u00e9s ter\u00fclet\u00e9n kifejtett szolg\u00e1ltat\u00e1snak kell tekinteni. Ha az elj\u00e1r\u00e1s v\u00e9g\u00e9n is ez az \u00e1ll\u00e1spont diadalmaskodik, az Ubernek is teljes\u00edtenie kell a tag\u00e1llamok \u00e1ltal a taxisof\u0151r\u00f6k sz\u00e1m\u00e1ra el\u0151\u00edrt &#8230;<\/p>\n","protected":false},"author":1,"featured_media":0,"comment_status":"closed","ping_status":"open","sticky":false,"template":"","format":"standard","meta":[],"categories":[19,246],"tags":[],"_links":{"self":[{"href":"https:\/\/gazdasagportal.hu\/index.php\/wp-json\/wp\/v2\/posts\/93003"}],"collection":[{"href":"https:\/\/gazdasagportal.hu\/index.php\/wp-json\/wp\/v2\/posts"}],"about":[{"href":"https:\/\/gazdasagportal.hu\/index.php\/wp-json\/wp\/v2\/types\/post"}],"author":[{"embeddable":true,"href":"https:\/\/gazdasagportal.hu\/index.php\/wp-json\/wp\/v2\/users\/1"}],"replies":[{"embeddable":true,"href":"https:\/\/gazdasagportal.hu\/index.php\/wp-json\/wp\/v2\/comments?post=93003"}],"version-history":[{"count":1,"href":"https:\/\/gazdasagportal.hu\/index.php\/wp-json\/wp\/v2\/posts\/93003\/revisions"}],"predecessor-version":[{"id":93004,"href":"https:\/\/gazdasagportal.hu\/index.php\/wp-json\/wp\/v2\/posts\/93003\/revisions\/93004"}],"wp:attachment":[{"href":"https:\/\/gazdasagportal.hu\/index.php\/wp-json\/wp\/v2\/media?parent=93003"}],"wp:term":[{"taxonomy":"category","embeddable":true,"href":"https:\/\/gazdasagportal.hu\/index.php\/wp-json\/wp\/v2\/categories?post=93003"},{"taxonomy":"post_tag","embeddable":true,"href":"https:\/\/gazdasagportal.hu\/index.php\/wp-json\/wp\/v2\/tags?post=93003"}],"curies":[{"name":"wp","href":"https:\/\/api.w.org\/{rel}","templated":true}]}}