{"id":92968,"date":"2017-05-11T11:23:49","date_gmt":"2017-05-11T09:23:49","guid":{"rendered":"http:\/\/gazdasagportal.hu\/?p=92968"},"modified":"2017-05-11T11:23:49","modified_gmt":"2017-05-11T09:23:49","slug":"iden-36-jovore-35-szazalekos-novekedesre-szamit-magyarorszagon-az-europai-bizottsag","status":"publish","type":"post","link":"https:\/\/gazdasagportal.hu\/index.php\/iden-36-jovore-35-szazalekos-novekedesre-szamit-magyarorszagon-az-europai-bizottsag\/","title":{"rendered":"Id\u00e9n 3,6, j\u00f6v\u0151re 3,5 sz\u00e1zal\u00e9kos n\u00f6veked\u00e9sre sz\u00e1m\u00edt Magyarorsz\u00e1gon az Eur\u00f3pai Bizotts\u00e1g"},"content":{"rendered":"<p><strong>Valamelyest jav\u00edtotta az Eur\u00f3pai Bizotts\u00e1g a magyar brutt\u00f3 hazai term\u00e9k (GDP) n\u00f6veked\u00e9s\u00e9re vonatkoz\u00f3 progn\u00f3zis\u00e1t, a test\u00fclet az id\u00e9n 3,6 sz\u00e1zal\u00e9kos, j\u00f6v\u0151re pedig 3,5 sz\u00e1zal\u00e9kos gazdas\u00e1gi n\u00f6veked\u00e9sre sz\u00e1m\u00edt Magyarorsz\u00e1gon a kor\u00e1bban v\u00e1rt 3,5, illetve 3,2 sz\u00e1zal\u00e9kkal szemben.<\/strong><!--more--><\/p>\n<div class=\"ads-in-post1\"><div id=\"gazdasagportal.hu_fullbanner_wideboard\"><\/div>\r\n<\/div>\n<p>    A br\u00fcsszeli test\u00fclet cs\u00fct\u00f6rt\u00f6k\u00f6n tette k\u00f6zz\u00e9 esed\u00e9kes tavaszi gazdas\u00e1gi el\u0151rejelz\u00e9s\u00e9t.<br \/>\n    A gazdas\u00e1gi \u00e9s p\u00e9nz\u00fcgyi f\u0151igazgat\u00f3s\u00e1g (EcFin) friss \u00e9rt\u00e9kel\u00e9s\u00e9ben eml\u00e9keztetnek arra, hogy a GDP tavaly 2 sz\u00e1zal\u00e9kkal n\u0151tt, m\u00edg 2015-ben m\u00e9g 3,1, 2014-ben pedig 4 sz\u00e1zal\u00e9kos volt az emelked\u00e9s.<br \/>\n    A n\u00f6veked\u00e9s 2016-os visszaes\u00e9se f\u0151k\u00e9nt annak tudhat\u00f3 be, hogy m\u00e9rs\u00e9kl\u0151d\u00f6tt az uni\u00f3s forr\u00e1sok felhaszn\u00e1l\u00e1sa \u00e9s ez\u00e1ltal cs\u00f6kkent azok n\u00f6veked\u00e9sserkent\u0151 ereje. Az adatokb\u00f3l kider\u00fclt, hogy a beruh\u00e1z\u00e1sok 15,5 sz\u00e1zal\u00e9kkal visszaestek, a mag\u00e1nfogyaszt\u00e1s azonban a b\u00e9rek \u00e9s foglalkoztatotts\u00e1g emelked\u00e9se nyom\u00e1n 5 sz\u00e1zal\u00e9kkal n\u0151tt.<br \/>\n    A k\u00f6vetkez\u0151 id\u0151szakban ugyanakkor v\u00e1rhat\u00f3an \u00e9l\u00e9nk\u00fclni fognak az uni\u00f3s \u00e9s a mag\u00e1nberuh\u00e1z\u00e1sok a bizotts\u00e1g szerint, ahogyan a h\u00e1ztart\u00e1sok fogyaszt\u00e1sa is tov\u00e1bb fog n\u0151ni a b\u00e9rek emelked\u00e9se, a kedvez\u0151 munkaer\u0151piaci fejlem\u00e9nyek, illetve a kereskedelmi bankok hitelez\u00e9si aktivit\u00e1s\u00e1nak javul\u00e1sa k\u00f6vetkezt\u00e9ben. A tavalyi \u00e9v ut\u00e1n a 2017-es \u00e9s 2018-as n\u00f6veked\u00e9snek is a h\u00e1ztart\u00e1sok fogyaszt\u00e1sa lesz a f\u0151 hajt\u00f3ereje, amely id\u00e9n 4,8, azt k\u00f6vet\u0151en 3,3 sz\u00e1zal\u00e9kkal fog b\u0151v\u00fclni.<br \/>\n    A v\u00e1rakoz\u00e1sok szerint n\u00f6veked\u00e9sserkent\u0151 hat\u00e1sa lesz a korm\u00e1ny \u00e1ltal bejelentett fokozatos minim\u00e1lb\u00e9remel\u00e9snek, illetve j\u00e1rul\u00e9k- \u00e9s t\u00e1rsas\u00e1giad\u00f3-cs\u00f6kkent\u00e9snek is.<br \/>\n    A bizotts\u00e1gn\u00e1l a magyar kereskedelmi t\u00f6bblet cs\u00f6kken\u00e9s\u00e9re sz\u00e1m\u00edtanak, minthogy a bels\u0151 kereslet emelked\u00e9se val\u00f3sz\u00edn\u0171leg az import n\u00f6veked\u00e9s\u00e9t fogja maga ut\u00e1n vonni, a magasabb b\u00e9rek nyom\u00e1n pedig m\u00e9rs\u00e9kl\u0151dni fog az export dinamik\u00e1ja. A kivitel n\u00f6veked\u00e9se ennek ellen\u00e9re tov\u00e1bbra is er\u0151s marad, amit k\u00fcl\u00f6n\u00f6sk\u00e9ppen a gy\u00e1rt\u00e1si kapacit\u00e1sok fejleszt\u00e9se seg\u00edt, f\u0151k\u00e9nt az aut\u00f3ipari \u00e1gazatban.<br \/>\n    A szak\u00e9rt\u0151k \u00fagy v\u00e9lik, hogy a magyarorsz\u00e1gi munkan\u00e9lk\u00fclis\u00e9g tov\u00e1bb zsugorodik majd, id\u00e9n 4,1 sz\u00e1zal\u00e9kos, 2018-ban pedig 3,9 sz\u00e1zal\u00e9kos lesz a tavalyi 5,1 sz\u00e1zal\u00e9kot k\u00f6vet\u0151en. Mint \u00edrt\u00e1k, a foglalkoztatotts\u00e1g 2016-ban rekordszintet \u00e9rt el, amelyhez a mag\u00e1nszektor \u00e9s a k\u00f6zmunkaprogram is hozz\u00e1j\u00e1rult, de ennek tov\u00e1bbi javul\u00e1sa val\u00f3sz\u00edn\u0171leg lassulni fog a munkaer\u0151piac sz\u0171k\u00fcl\u00e9s\u00e9vel, illetve a szakk\u00e9pzetts\u00e9g ter\u00e9n elt\u00e9r\u0151 kereslet \u00e9s k\u00edn\u00e1lat tov\u00e1bbi t\u00e1volod\u00e1sa miatt.<br \/>\n    Az uni\u00f3s javaslattev\u0151-v\u00e9grehajt\u00f3 int\u00e9zm\u00e9ny becsl\u00e9sei szerint az infl\u00e1ci\u00f3 fokozatosan emelkedni fog, a fogyaszt\u00f3i \u00e1rindex a tavalyi 0,4 sz\u00e1zal\u00e9kr\u00f3l 2017-re 2,9 sz\u00e1zal\u00e9kra, majd 2018-ra 3,2 sz\u00e1zal\u00e9kra ugrik a kereslet n\u00f6veked\u00e9se nyom\u00e1n, \u00e9s \u00e1tl\u00e9pi a jegybank 3 sz\u00e1zal\u00e9kos c\u00e9lj\u00e1t.<br \/>\n    A k\u00f6lts\u00e9gvet\u00e9si deficit a 3 sz\u00e1zal\u00e9kos uni\u00f3s t\u0171r\u00e9shat\u00e1r alatt fog maradni, a tavalyi 1,8 ut\u00e1n az emelked\u0151 kiad\u00e1sok \u00e9s az ad\u00f3cs\u00f6kkent\u00e9sek miatt id\u00e9n 2,3, j\u00f6v\u0151re pedig 2,4 sz\u00e1zal\u00e9k k\u00f6r\u00fcl v\u00e1rhat\u00f3 az Eur\u00f3pai Uni\u00f3 progn\u00f3zisa szerint.<br \/>\n    Az \u00e1llamad\u00f3ss\u00e1g tavaly a GDP 74,1 sz\u00e1zal\u00e9k\u00e1ra m\u00e9rs\u00e9kl\u0151d\u00f6tt, 2017-ben 72,6, 2018-ban pedig 71,2 sz\u00e1zal\u00e9kra lehet sz\u00e1m\u00edtani &#8211; \u00edrt\u00e1k a dokumentumban.(MTI)<\/p>\n","protected":false},"excerpt":{"rendered":"<p>Valamelyest jav\u00edtotta az Eur\u00f3pai Bizotts\u00e1g a magyar brutt\u00f3 hazai term\u00e9k (GDP) n\u00f6veked\u00e9s\u00e9re vonatkoz\u00f3 progn\u00f3zis\u00e1t, a test\u00fclet az id\u00e9n 3,6 sz\u00e1zal\u00e9kos, j\u00f6v\u0151re pedig 3,5 sz\u00e1zal\u00e9kos gazdas\u00e1gi n\u00f6veked\u00e9sre sz\u00e1m\u00edt Magyarorsz\u00e1gon a kor\u00e1bban v\u00e1rt 3,5, illetve 3,2 sz\u00e1zal\u00e9kkal szemben.<\/p>\n","protected":false},"author":1,"featured_media":0,"comment_status":"closed","ping_status":"open","sticky":false,"template":"","format":"standard","meta":[],"categories":[19],"tags":[],"_links":{"self":[{"href":"https:\/\/gazdasagportal.hu\/index.php\/wp-json\/wp\/v2\/posts\/92968"}],"collection":[{"href":"https:\/\/gazdasagportal.hu\/index.php\/wp-json\/wp\/v2\/posts"}],"about":[{"href":"https:\/\/gazdasagportal.hu\/index.php\/wp-json\/wp\/v2\/types\/post"}],"author":[{"embeddable":true,"href":"https:\/\/gazdasagportal.hu\/index.php\/wp-json\/wp\/v2\/users\/1"}],"replies":[{"embeddable":true,"href":"https:\/\/gazdasagportal.hu\/index.php\/wp-json\/wp\/v2\/comments?post=92968"}],"version-history":[{"count":1,"href":"https:\/\/gazdasagportal.hu\/index.php\/wp-json\/wp\/v2\/posts\/92968\/revisions"}],"predecessor-version":[{"id":92969,"href":"https:\/\/gazdasagportal.hu\/index.php\/wp-json\/wp\/v2\/posts\/92968\/revisions\/92969"}],"wp:attachment":[{"href":"https:\/\/gazdasagportal.hu\/index.php\/wp-json\/wp\/v2\/media?parent=92968"}],"wp:term":[{"taxonomy":"category","embeddable":true,"href":"https:\/\/gazdasagportal.hu\/index.php\/wp-json\/wp\/v2\/categories?post=92968"},{"taxonomy":"post_tag","embeddable":true,"href":"https:\/\/gazdasagportal.hu\/index.php\/wp-json\/wp\/v2\/tags?post=92968"}],"curies":[{"name":"wp","href":"https:\/\/api.w.org\/{rel}","templated":true}]}}