{"id":92942,"date":"2017-05-10T16:16:16","date_gmt":"2017-05-10T14:16:16","guid":{"rendered":"http:\/\/gazdasagportal.hu\/?p=92942"},"modified":"2017-05-10T14:37:14","modified_gmt":"2017-05-10T12:37:14","slug":"folytatodik-az-elelmiszerek-afa-csokkentese-jovore","status":"publish","type":"post","link":"https:\/\/gazdasagportal.hu\/index.php\/folytatodik-az-elelmiszerek-afa-csokkentese-jovore\/","title":{"rendered":"Folytat\u00f3dik az \u00e9lelmiszerek \u00e1fa-cs\u00f6kkent\u00e9se j\u00f6v\u0151re"},"content":{"rendered":"<p><strong>J\u00f6v\u0151re is folytat\u00f3dik az \u00e9lelmiszerek 2014-ben kezd\u0151d\u00f6tt \u00e1fa-cs\u00f6kkent\u00e9se, \u00edgy janu\u00e1rt\u00f3l a fogyaszt\u00e1si hal \u00e1f\u00e1ja 27-r\u0151l 5 sz\u00e1zal\u00e9kra m\u00e9rs\u00e9kl\u0151dik, ha az Orsz\u00e1ggy\u0171l\u00e9s elfogadja j\u00fanius k\u00f6zep\u00e9n a j\u00f6v\u0151 \u00e9vi k\u00f6lts\u00e9gvet\u00e9s tervezet\u00e9t &#8211; k\u00f6z\u00f6lte a F\u00f6ldm\u0171vel\u00e9s\u00fcgyi Miniszt\u00e9rium (FM) agr\u00e1rgazdas\u00e1g\u00e9rt felel\u0151s \u00e1llamtitk\u00e1ra szerd\u00e1n Budapesten, sajt\u00f3t\u00e1j\u00e9koztat\u00f3n.<\/strong><!--more--><\/p>\n<div class=\"ads-in-post1\"><div id=\"gazdasagportal.hu_fullbanner_wideboard\"><\/div>\r\n<\/div>\n<p>    Czerv\u00e1n Gy\u00f6rgy k\u00f6z\u00f6lte, az \u00e1fa-cs\u00f6kkent\u00e9s egyebek mellett az emberi fogyaszt\u00e1sra alkalmas \u00e9l\u0151halra, illetve az ikr\u00e1ra, haltejre, halm\u00e1jra \u00e9s egy\u00e9b bels\u0151s\u00e9geket is vonatkozik, frissen h\u0171tve, vagy fagyasztva. Kiterjed az emberi fogyaszt\u00e1sra alkalmas halfil\u00e9re \u00e9s m\u00e1s halh\u00fasra is.<br \/>\n    Hozz\u00e1tette: az \u00e1fa-cs\u00f6kkent\u00e9s a legfontosabb halkateg\u00f3ri\u00e1kra \u00e9rv\u00e9nyes, de az\u00e9rt vannak kiv\u00e9telek. &#8222;Ez\u00e9rt \u00e9rdemes lesz b\u00fav\u00e1rkodni a r\u00e9szletekben&#8221; &#8211; jegyezte meg.<br \/>\n    R\u00e1mutatott: az \u00e9lelmiszerek \u00e1fa-cs\u00f6kkent\u00e9s\u00e9ben a k\u00f6lts\u00e9gvet\u00e9s lehet\u0151s\u00e9geinek, teherb\u00edr\u00f3-k\u00e9pess\u00e9g\u00e9nek f\u00fcggv\u00e9ny\u00e9ben lehet el\u0151re haladni.<br \/>\n    Felid\u00e9zte: a piaci tisztul\u00e1st \u00e9s a n\u00f6vekv\u0151 fogyaszt\u00e1st eredm\u00e9nyez\u0151 ad\u00f3cs\u00f6kkent\u00e9sek els\u0151 \u00e1llom\u00e1sa az \u00e9l\u0151- \u00e9s f\u00e9lsert\u00e9sek \u00e1f\u00e1j\u00e1nak 2014-es m\u00e9rs\u00e9kl\u00e9se volt. Ez pozit\u00edv hat\u00e1ssal j\u00e1rt, \u00e9rezhet\u0151en tisztult a piac, n\u0151tt az \u00e9l\u0151sert\u00e9s felv\u00e1s\u00e1rl\u00e1sa, \u00e9l\u00e9nk\u00fclt a teny\u00e9sz\u00e1llatok forgalma, emelkedett a sert\u00e9start\u00f3k sz\u00e1ma &#8211; mondta.<br \/>\n    Kifejtette, a korm\u00e1ny a tapasztalatok alapj\u00e1n \u00fagy d\u00f6nt\u00f6tt, hogy folytatja az \u00e1fa-cs\u00f6kkent\u00e9st, \u00edgy 2015. janu\u00e1r 1-t\u0151l 5 sz\u00e1zal\u00e9kra cs\u00f6kkent a szarvasmarha \u00e9s a juh k\u00f6ztes term\u00e9keinek \u00e1f\u00e1ja, majd 2016. janu\u00e1r elsej\u00e9t\u0151l 27 sz\u00e1zal\u00e9kr\u00f3l 5 sz\u00e1zal\u00e9kra cs\u00f6kkent a sert\u00e9s t\u0151keh\u00fas \u00e1ltal\u00e1nos forgalmi ad\u00f3ja is, amelynek eredm\u00e9nyek\u00e9nt az \u00e1fa-cs\u00f6kkent\u00e9s m\u00e1r a teljes sert\u00e9s term\u00e9kp\u00e1ly\u00e1t lefedi.<br \/>\n    Ez \u00e9v janu\u00e1r 1-t\u0151l a friss tej, a baromfih\u00fas \u00e9s a toj\u00e1s \u00e1f\u00e1ja m\u00e9rs\u00e9kl\u0151d\u00f6tt 5 sz\u00e1zal\u00e9kra.<br \/>\n    Meger\u0151s\u00edtette: a korm\u00e1ny \u00e9s a szakt\u00e1rca tov\u00e1bbra is elk\u00f6telezett az alapvet\u0151 \u00e9lelmiszerek \u00e1f\u00e1j\u00e1nak cs\u00f6kkent\u00e9se mellett, a k\u00f6lts\u00e9gvet\u00e9si lehet\u0151s\u00e9gek figyelembe v\u00e9tel\u00e9vel tov\u00e1bbi alapvet\u0151 term\u00e9kek \u00e1f\u00e1ja m\u00e9rs\u00e9kl\u0151dhet.<br \/>\n    Azt azonban nem k\u00f6z\u00f6lte, hogy a k\u00f6vetkez\u0151 \u00e1ltal\u00e1nos ad\u00f3m\u00e9rs\u00e9kl\u00e9s, mely term\u00e9ket, vagy term\u00e9keket \u00e9rintheti. Megjegyezte: ha csak rajta m\u00falna a k\u00f6vetkez\u0151 \u00e1fa-cs\u00f6kkent\u00e9s, akkor az az UHT \u00e9s ESL tejre vonatkozna.<br \/>\n    Az MTI k\u00e9rd\u00e9s\u00e9re k\u00f6z\u00f6lte: a hal \u00e1f\u00e1j\u00e1nak m\u00e9rs\u00e9kl\u00e9se v\u00e1ltozatlan fogyaszt\u00e1s mellett &#8211; ami most 6,2 kilogramm hal \u00e9vente \u00e9s fejenk\u00e9nt Magyarorsz\u00e1gon -, mintegy 4-5 milli\u00e1rd forint kies\u00e9st okozna a k\u00f6lts\u00e9gvet\u00e9snek. A fogyaszt\u00e1s azonban v\u00e1rhat\u00f3an emelkedik majd az \u00e1fa-cs\u00f6kkent\u00e9s hat\u00e1s\u00e1ra, \u00e9s \u00edgy a fejenk\u00e9nti \u00e9ves halfogyaszt\u00e1s r\u00f6vid id\u0151n bel\u00fcl 7,0-7,5 kilogrammra emelkedhet. Ez pedig m\u00e9rs\u00e9kli majd a k\u00f6lts\u00e9gvet\u00e9sb\u0151l hi\u00e1nyz\u00f3 \u00f6sszeget &#8211; mondta.(MTI)<\/p>\n","protected":false},"excerpt":{"rendered":"<p>J\u00f6v\u0151re is folytat\u00f3dik az \u00e9lelmiszerek 2014-ben kezd\u0151d\u00f6tt \u00e1fa-cs\u00f6kkent\u00e9se, \u00edgy janu\u00e1rt\u00f3l a fogyaszt\u00e1si hal \u00e1f\u00e1ja 27-r\u0151l 5 sz\u00e1zal\u00e9kra m\u00e9rs\u00e9kl\u0151dik, ha az Orsz\u00e1ggy\u0171l\u00e9s elfogadja j\u00fanius k\u00f6zep\u00e9n a j\u00f6v\u0151 \u00e9vi k\u00f6lts\u00e9gvet\u00e9s tervezet\u00e9t &#8211; k\u00f6z\u00f6lte a F\u00f6ldm\u0171vel\u00e9s\u00fcgyi Miniszt\u00e9rium (FM) agr\u00e1rgazdas\u00e1g\u00e9rt felel\u0151s \u00e1llamtitk\u00e1ra szerd\u00e1n Budapesten, sajt\u00f3t\u00e1j\u00e9koztat\u00f3n.<\/p>\n","protected":false},"author":1,"featured_media":0,"comment_status":"closed","ping_status":"open","sticky":false,"template":"","format":"standard","meta":[],"categories":[19],"tags":[],"_links":{"self":[{"href":"https:\/\/gazdasagportal.hu\/index.php\/wp-json\/wp\/v2\/posts\/92942"}],"collection":[{"href":"https:\/\/gazdasagportal.hu\/index.php\/wp-json\/wp\/v2\/posts"}],"about":[{"href":"https:\/\/gazdasagportal.hu\/index.php\/wp-json\/wp\/v2\/types\/post"}],"author":[{"embeddable":true,"href":"https:\/\/gazdasagportal.hu\/index.php\/wp-json\/wp\/v2\/users\/1"}],"replies":[{"embeddable":true,"href":"https:\/\/gazdasagportal.hu\/index.php\/wp-json\/wp\/v2\/comments?post=92942"}],"version-history":[{"count":1,"href":"https:\/\/gazdasagportal.hu\/index.php\/wp-json\/wp\/v2\/posts\/92942\/revisions"}],"predecessor-version":[{"id":92943,"href":"https:\/\/gazdasagportal.hu\/index.php\/wp-json\/wp\/v2\/posts\/92942\/revisions\/92943"}],"wp:attachment":[{"href":"https:\/\/gazdasagportal.hu\/index.php\/wp-json\/wp\/v2\/media?parent=92942"}],"wp:term":[{"taxonomy":"category","embeddable":true,"href":"https:\/\/gazdasagportal.hu\/index.php\/wp-json\/wp\/v2\/categories?post=92942"},{"taxonomy":"post_tag","embeddable":true,"href":"https:\/\/gazdasagportal.hu\/index.php\/wp-json\/wp\/v2\/tags?post=92942"}],"curies":[{"name":"wp","href":"https:\/\/api.w.org\/{rel}","templated":true}]}}