{"id":92708,"date":"2017-05-03T13:50:19","date_gmt":"2017-05-03T11:50:19","guid":{"rendered":"http:\/\/gazdasagportal.hu\/?p=92708"},"modified":"2017-05-03T13:50:19","modified_gmt":"2017-05-03T11:50:19","slug":"brexit-az-europai-bizottsag-javaslatot-tett-a-kivalasi-targyalasok-meginditasara","status":"publish","type":"post","link":"https:\/\/gazdasagportal.hu\/index.php\/brexit-az-europai-bizottsag-javaslatot-tett-a-kivalasi-targyalasok-meginditasara\/","title":{"rendered":"Brexit &#8211; Az Eur\u00f3pai Bizotts\u00e1g javaslatot tett a kiv\u00e1l\u00e1si t\u00e1rgyal\u00e1sok megind\u00edt\u00e1s\u00e1ra"},"content":{"rendered":"<p><strong>Javaslatot tett az Eur\u00f3pai Bizotts\u00e1g szerd\u00e1n az Egyes\u00fclt Kir\u00e1lys\u00e1g uni\u00f3s kiv\u00e1l\u00e1s\u00e1r\u00f3l sz\u00f3l\u00f3 t\u00e1rgyal\u00e1sok megind\u00edt\u00e1s\u00e1ra, \u00e9s egy\u00fattal k\u00f6zz\u00e9tette az egyeztet\u00e9sekre vonatkoz\u00f3 ir\u00e1nyelveit.<\/strong><!--more--><\/p>\n<div class=\"ads-in-post1\"><div id=\"gazdasagportal.hu_fullbanner_wideboard\"><\/div>\r\n<\/div>\n<p>    &#8222;N\u00e9h\u00e1nyan azt az ill\u00fazi\u00f3t keltett\u00e9k, hogy a Brexit nem lesz jelent\u0151s hat\u00e1ssal az \u00e9let\u00fcnkre, a t\u00e1rgyal\u00e1sokat pedig gyorsan le tudjuk z\u00e1rni, de nem ez a helyzet&#8221; &#8211; jelentette ki br\u00fcsszeli sajt\u00f3t\u00e1j\u00e9koztat\u00f3j\u00e1n Michel Barnier, a bizotts\u00e1g f\u0151t\u00e1rgyal\u00f3ja.<br \/>\n    Mint mondta, neh\u00e9z \u00e9s \u00f6sszetett t\u00e1rgyal\u00e1sokra kell k\u00e9sz\u00fclni, az id\u0151 pedig meglehet\u0151sen sz\u0171k\u00f6s. &#8222;Szil\u00e1rd megold\u00e1sokra \u00e9s jogi pontoss\u00e1gra van sz\u00fcks\u00e9g, \u00e9s ez id\u0151be telik&#8221; &#8211; tette hozz\u00e1 a kor\u00e1bbi francia biztos, hangs\u00falyozva, hogy az EU meg\u00e1llapod\u00e1sra k\u00edv\u00e1n jutni a britekkel, de arra is fel van k\u00e9sz\u00fclve, hogy ez nem fog siker\u00fclni.<br \/>\n    &#8222;Nem mond igazat, aki azt \u00e1ll\u00edtja, hogy a kil\u00e9p\u00e9snek nem lesznek k\u00f6vetkezm\u00e9nyei&#8221; &#8211; fogalmazott a f\u0151t\u00e1rgyal\u00f3, aki szerint emberi, t\u00e1rsadalmi, gazdas\u00e1gi, anyagi \u00e9s jogi k\u00f6vetkezm\u00e9nyekkel is sz\u00e1molni kell.<br \/>\n    A k\u00f6zz\u00e9tett sz\u00f6veg mag\u00e1ban foglalja \u00e9s kieg\u00e9sz\u00edti az uni\u00f3s vezet\u0151k el\u0151z\u0151 h\u00e9tv\u00e9gi cs\u00facstal\u00e1lkoz\u00f3j\u00e1n elfogadott ir\u00e1nymutat\u00e1sokat. Ezek k\u00f6z\u00fcl az egyik legfontosabb a &#8222;szakaszos megk\u00f6zel\u00edt\u00e9s&#8221;, azaz hogy kiz\u00e1r\u00f3lag akkor kezd\u0151dhetnek meg a t\u00e1rgyal\u00e1sok az Egyes\u00fclt Kir\u00e1lys\u00e1g \u00e9s az Eur\u00f3pai Uni\u00f3 j\u00f6v\u0151beni kereskedelmi kapcsolatair\u00f3l, ha a megfelel\u0151 \u00fctemben haladnak az egyeztet\u00e9sek a kil\u00e9p\u00e9ssel kapcsolatos legf\u0151bb k\u00e9rd\u00e9sekr\u0151l, az \u00e1llampolg\u00e1rok jogair\u00f3l, a brit p\u00e9nz\u00fcgyi k\u00f6telezetts\u00e9gekr\u0151l, illetve az \u00cdr K\u00f6zt\u00e1rsas\u00e1g \u00e9s \u00c9szak-\u00cdrorsz\u00e1g k\u00f6z\u00f6tti hat\u00e1rellen\u0151rz\u00e9sr\u0151l.<br \/>\n    Sajt\u00f3\u00e9rtekezlet\u00e9n Barnier-t megk\u00e9rdezt\u00e9k a Financial Times c\u00edm\u0171 lap friss \u00e9rtes\u00fcl\u00e9seir\u0151l, amelyek szerint Br\u00fcsszel 100 milli\u00e1rd eur\u00f3ra becs\u00fcli az Eur\u00f3pai Uni\u00f3val szemben fennmarad\u00f3 brit p\u00e9nz\u00fcgyi k\u00f6telezetts\u00e9geket, a f\u0151t\u00e1rgyal\u00f3 azonban hangs\u00falyozta, egyel\u0151re nem tud pontos sz\u00e1mokat mondani.<br \/>\n    Kijelentette, hogy nem London &#8222;megb\u00fcntet\u00e9s\u00e9r\u0151l&#8221; vagy a &#8222;kil\u00e9p\u00e9s \u00e1r\u00e1r\u00f3l&#8221; van sz\u00f3, mind\u00f6ssze a &#8222;sz\u00e1ml\u00e1k rendez\u00e9s\u00e9r\u0151l&#8221;, azokr\u00f3l a k\u00f6lts\u00e9gvet\u00e9si d\u00f6nt\u00e9sekr\u0151l, amelyek m\u00e9g a k\u00f6vetkez\u0151 \u00e9vekre is vonatkoznak.<br \/>\n    Barnier az \u00e1llampolg\u00e1ri jogok biztos\u00edt\u00e1sa kapcs\u00e1n lesz\u00f6gezte, hogy terveik szerint a meg\u00e1llapod\u00e1s mindazokra vonatkozni fog, akik a tags\u00e1g megsz\u0171n\u00e9s\u00e9nek pillanat\u00e1ig a szigetorsz\u00e1gba \u00e9rkeznek. Hozz\u00e1tette, hogy rendk\u00edv\u00fcl fontos k\u00e9rd\u00e9sr\u0151l van sz\u00f3, amely t\u00f6bb mint n\u00e9gymilli\u00f3 embert \u00e9rint.<br \/>\n    A bizotts\u00e1gi javaslatot m\u00e9g j\u00f3v\u00e1 kell hagyniuk az uni\u00f3s tagorsz\u00e1gok korm\u00e1nyainak, ami m\u00e1jus 22-\u00e9n v\u00e1rhat\u00f3. Sokak szerint ugyanakkor a &#8222;val\u00f3di&#8221; t\u00e1rgyal\u00e1sok csak a j\u00fanius 8-i brit el\u0151rehozott v\u00e1laszt\u00e1sok ut\u00e1n kezd\u0151dhetnek majd meg.(MTI)<\/p>\n","protected":false},"excerpt":{"rendered":"<p>Javaslatot tett az Eur\u00f3pai Bizotts\u00e1g szerd\u00e1n az Egyes\u00fclt Kir\u00e1lys\u00e1g uni\u00f3s kiv\u00e1l\u00e1s\u00e1r\u00f3l sz\u00f3l\u00f3 t\u00e1rgyal\u00e1sok megind\u00edt\u00e1s\u00e1ra, \u00e9s egy\u00fattal k\u00f6zz\u00e9tette az egyeztet\u00e9sekre vonatkoz\u00f3 ir\u00e1nyelveit.<\/p>\n","protected":false},"author":1,"featured_media":0,"comment_status":"closed","ping_status":"open","sticky":false,"template":"","format":"standard","meta":[],"categories":[12,246],"tags":[],"_links":{"self":[{"href":"https:\/\/gazdasagportal.hu\/index.php\/wp-json\/wp\/v2\/posts\/92708"}],"collection":[{"href":"https:\/\/gazdasagportal.hu\/index.php\/wp-json\/wp\/v2\/posts"}],"about":[{"href":"https:\/\/gazdasagportal.hu\/index.php\/wp-json\/wp\/v2\/types\/post"}],"author":[{"embeddable":true,"href":"https:\/\/gazdasagportal.hu\/index.php\/wp-json\/wp\/v2\/users\/1"}],"replies":[{"embeddable":true,"href":"https:\/\/gazdasagportal.hu\/index.php\/wp-json\/wp\/v2\/comments?post=92708"}],"version-history":[{"count":1,"href":"https:\/\/gazdasagportal.hu\/index.php\/wp-json\/wp\/v2\/posts\/92708\/revisions"}],"predecessor-version":[{"id":92709,"href":"https:\/\/gazdasagportal.hu\/index.php\/wp-json\/wp\/v2\/posts\/92708\/revisions\/92709"}],"wp:attachment":[{"href":"https:\/\/gazdasagportal.hu\/index.php\/wp-json\/wp\/v2\/media?parent=92708"}],"wp:term":[{"taxonomy":"category","embeddable":true,"href":"https:\/\/gazdasagportal.hu\/index.php\/wp-json\/wp\/v2\/categories?post=92708"},{"taxonomy":"post_tag","embeddable":true,"href":"https:\/\/gazdasagportal.hu\/index.php\/wp-json\/wp\/v2\/tags?post=92708"}],"curies":[{"name":"wp","href":"https:\/\/api.w.org\/{rel}","templated":true}]}}