{"id":92706,"date":"2017-05-03T12:45:49","date_gmt":"2017-05-03T10:45:49","guid":{"rendered":"http:\/\/gazdasagportal.hu\/?p=92706"},"modified":"2017-05-03T12:17:01","modified_gmt":"2017-05-03T10:17:01","slug":"gyenge-de-stabil-gdp-novekedes-az-euroovezetben","status":"publish","type":"post","link":"https:\/\/gazdasagportal.hu\/index.php\/gyenge-de-stabil-gdp-novekedes-az-euroovezetben\/","title":{"rendered":"Gyenge, de stabil GDP-n\u00f6veked\u00e9s az eur\u00f3\u00f6vezetben"},"content":{"rendered":"<p><strong>A piaci v\u00e1rakoz\u00e1soknak megfelel\u0151 m\u00e9rt\u00e9kben \u00e9s az el\u0151z\u0151 negyed\u00e9vivel megegyez\u0151 \u00fctemben n\u0151tt az eur\u00f3\u00f6vezetben a brutt\u00f3 hazai term\u00e9k az idei els\u0151 negyed\u00e9vben az Eur\u00f3pai Uni\u00f3 statisztikai hivatala, az Eurostat szerd\u00e1n k\u00f6zz\u00e9tett el\u0151zetes adatai szerint.<\/strong><!--more--><\/p>\n<div class=\"ads-in-post1\"><div id=\"gazdasagportal.hu_fullbanner_wideboard\"><\/div>\r\n<\/div>\n<p>    Az eur\u00f3\u00f6vezet 19 tag\u00e1llam\u00e1ban 0,5 sz\u00e1zal\u00e9kkal, az Eur\u00f3pai Uni\u00f3 28 tag\u00e1llam\u00e1ban pedig 0,4 sz\u00e1zal\u00e9kkal n\u0151tt szezon\u00e1lis kiigaz\u00edt\u00e1ssal a brutt\u00f3 hazai term\u00e9k az idei els\u0151 negyed\u00e9vben az el\u0151z\u0151 negyed\u00e9vhez k\u00e9pest. \u00c9ves \u00f6sszevet\u00e9sben az eur\u00f3\u00f6vezetben 1,7 sz\u00e1zal\u00e9k, az EU-ban 1,9 sz\u00e1zal\u00e9k volt a GDP-n\u00f6veked\u00e9s.<br \/>\n    Az el\u0151z\u0151 negyed\u00e9vben, 2016 negyedik negyed\u00e9v\u00e9ben az eur\u00f3\u00f6vezetben 0,5 sz\u00e1zal\u00e9k volt a negyed\u00e9ves \u00e9s 1,8 sz\u00e1zal\u00e9k az \u00e9ves GDP-n\u00f6veked\u00e9s, az Eur\u00f3pai Uni\u00f3ban pedig 0,6 sz\u00e1zal\u00e9k a negyed\u00e9ves \u00e9s 1,9 sz\u00e1zal\u00e9k az \u00e9ves n\u00f6veked\u00e9s.(MTI)<\/p>\n","protected":false},"excerpt":{"rendered":"<p>A piaci v\u00e1rakoz\u00e1soknak megfelel\u0151 m\u00e9rt\u00e9kben \u00e9s az el\u0151z\u0151 negyed\u00e9vivel megegyez\u0151 \u00fctemben n\u0151tt az eur\u00f3\u00f6vezetben a brutt\u00f3 hazai term\u00e9k az idei els\u0151 negyed\u00e9vben az Eur\u00f3pai Uni\u00f3 statisztikai hivatala, az Eurostat szerd\u00e1n k\u00f6zz\u00e9tett el\u0151zetes adatai szerint.<\/p>\n","protected":false},"author":1,"featured_media":0,"comment_status":"closed","ping_status":"open","sticky":false,"template":"","format":"standard","meta":[],"categories":[19],"tags":[],"_links":{"self":[{"href":"https:\/\/gazdasagportal.hu\/index.php\/wp-json\/wp\/v2\/posts\/92706"}],"collection":[{"href":"https:\/\/gazdasagportal.hu\/index.php\/wp-json\/wp\/v2\/posts"}],"about":[{"href":"https:\/\/gazdasagportal.hu\/index.php\/wp-json\/wp\/v2\/types\/post"}],"author":[{"embeddable":true,"href":"https:\/\/gazdasagportal.hu\/index.php\/wp-json\/wp\/v2\/users\/1"}],"replies":[{"embeddable":true,"href":"https:\/\/gazdasagportal.hu\/index.php\/wp-json\/wp\/v2\/comments?post=92706"}],"version-history":[{"count":1,"href":"https:\/\/gazdasagportal.hu\/index.php\/wp-json\/wp\/v2\/posts\/92706\/revisions"}],"predecessor-version":[{"id":92707,"href":"https:\/\/gazdasagportal.hu\/index.php\/wp-json\/wp\/v2\/posts\/92706\/revisions\/92707"}],"wp:attachment":[{"href":"https:\/\/gazdasagportal.hu\/index.php\/wp-json\/wp\/v2\/media?parent=92706"}],"wp:term":[{"taxonomy":"category","embeddable":true,"href":"https:\/\/gazdasagportal.hu\/index.php\/wp-json\/wp\/v2\/categories?post=92706"},{"taxonomy":"post_tag","embeddable":true,"href":"https:\/\/gazdasagportal.hu\/index.php\/wp-json\/wp\/v2\/tags?post=92706"}],"curies":[{"name":"wp","href":"https:\/\/api.w.org\/{rel}","templated":true}]}}