{"id":92704,"date":"2017-05-03T12:10:23","date_gmt":"2017-05-03T10:10:23","guid":{"rendered":"http:\/\/gazdasagportal.hu\/?p=92704"},"modified":"2017-05-03T12:10:23","modified_gmt":"2017-05-03T10:10:23","slug":"ngm-a-gazdasagi-novekedes-teremti-meg-a-fedezetet-az-adocsokkentesekhez","status":"publish","type":"post","link":"https:\/\/gazdasagportal.hu\/index.php\/ngm-a-gazdasagi-novekedes-teremti-meg-a-fedezetet-az-adocsokkentesekhez\/","title":{"rendered":"NGM: a gazdas\u00e1gi n\u00f6veked\u00e9s teremti meg a fedezetet az ad\u00f3cs\u00f6kkent\u00e9sekhez"},"content":{"rendered":"<p><strong>A j\u00f6v\u0151 \u00e9vi k\u00f6lts\u00e9gvet\u00e9sben azzal kalkul\u00e1l a korm\u00e1ny, hogy a 2013 \u00f3ta az eur\u00f3pai uni\u00f3s \u00e1tlagot meghalad\u00f3 gazdas\u00e1gi n\u00f6veked\u00e9s id\u00e9n \u00e9s j\u00f6v\u0151re is fennmaradhat, ez teremti meg a fedezetet azokhoz az ad\u00f3cs\u00f6kkent\u00e9sekhez, illetve t\u00f6bbletkiad\u00e1sokhoz, amelyeket a j\u00f6v\u0151 \u00e9vi k\u00f6lts\u00e9gvet\u00e9s tartalmaz &#8211; mondta az M1 aktu\u00e1lis csatorn\u00e1nak szerd\u00e1n Banai P\u00e9ter Ben\u0151, a Nemzetgazdas\u00e1gi Miniszt\u00e9rium (NGM) \u00e1llamh\u00e1ztart\u00e1s\u00e9rt felel\u0151s \u00e1llamtitk\u00e1ra.<\/strong><!--more--><\/p>\n<div class=\"ads-in-post1\"><div id=\"gazdasagportal.hu_fullbanner_wideboard\"><\/div>\r\n<\/div>\n<p>    Kiemelte: mindez \u00fagy tud megval\u00f3sulni, hogy mellette megmarad az \u00e1llamh\u00e1ztart\u00e1s stabilit\u00e1sa. J\u00f6v\u0151re 2,4 sz\u00e1zal\u00e9kos GDP-ar\u00e1nyos hi\u00e1nnyal \u00e9s az \u00e1llamad\u00f3ss\u00e1g cs\u00f6kken\u00e9s\u00e9vel kalkul\u00e1lnak.<br \/>\n    A korm\u00e1ny arra sz\u00e1m\u00edt, hogy a b\u00e9rek als\u00f3bb j\u00f6vedelmi kateg\u00f3ri\u00e1kban t\u00f6rt\u00e9n\u0151 emel\u00e9se a magasabb j\u00f6vedelmi kateg\u00f3ri\u00e1kban is a b\u00e9rek n\u00f6veked\u00e9s\u00e9t eredm\u00e9nyezi, \u00e9s a lakoss\u00e1g a t\u00f6bb p\u00e9nzb\u0151l t\u00f6bbet fog fogyasztani &#8211; ismertette az \u00e1llamtitk\u00e1r.<br \/>\n    Hozz\u00e1tette, a beruh\u00e1z\u00e1sok is n\u00f6vekedni fognak, a lak\u00e1s\u00e9p\u00edt\u00e9sekn\u00e9l ezt m\u00e1r l\u00e1tni, \u00e9s az eur\u00f3pai uni\u00f3s forr\u00e1sok felhaszn\u00e1l\u00e1sa is magasabb szintet \u00e9r majd el 2018-ban. Azzal, hogy az eur\u00f3pai gazdas\u00e1g n\u00f6vekedni tud j\u00f6v\u0151re, emelkedhet a kereslet a magyar term\u00e9kek ir\u00e1nt az exportpiacon &#8211; mondta Banai P\u00e9ter Ben\u0151.<br \/>\n    Besz\u00e9lt arr\u00f3l is, arra az esetre, ha a 4,3 sz\u00e1zal\u00e9kos n\u00f6veked\u00e9s m\u00e9gsem tudna megval\u00f3sulni, a j\u00f6v\u0151 \u00e9vi k\u00f6lts\u00e9gvet\u00e9sben vannak olyan tartal\u00e9kok, amelyek az esetlegesen kies\u0151 bev\u00e9teleket vagy valamilyen ok miatt sz\u00fcks\u00e9ges t\u00f6bbletkiad\u00e1sokat finansz\u00edrozni tudj\u00e1k \u00fagy, hogy a m\u00e1r eld\u00f6nt\u00f6tt ad\u00f3cs\u00f6kkent\u00e9sek, b\u00e9remel\u00e9sek zavartalanul megval\u00f3sulhassanak.(MTI)<\/p>\n","protected":false},"excerpt":{"rendered":"<p>A j\u00f6v\u0151 \u00e9vi k\u00f6lts\u00e9gvet\u00e9sben azzal kalkul\u00e1l a korm\u00e1ny, hogy a 2013 \u00f3ta az eur\u00f3pai uni\u00f3s \u00e1tlagot meghalad\u00f3 gazdas\u00e1gi n\u00f6veked\u00e9s id\u00e9n \u00e9s j\u00f6v\u0151re is fennmaradhat, ez teremti meg a fedezetet azokhoz az ad\u00f3cs\u00f6kkent\u00e9sekhez, illetve t\u00f6bbletkiad\u00e1sokhoz, amelyeket a j\u00f6v\u0151 \u00e9vi k\u00f6lts\u00e9gvet\u00e9s tartalmaz &#8211; mondta az M1 aktu\u00e1lis csatorn\u00e1nak szerd\u00e1n Banai P\u00e9ter Ben\u0151, a Nemzetgazdas\u00e1gi Miniszt\u00e9rium (NGM) \u00e1llamh\u00e1ztart\u00e1s\u00e9rt &#8230;<\/p>\n","protected":false},"author":1,"featured_media":0,"comment_status":"closed","ping_status":"open","sticky":false,"template":"","format":"standard","meta":[],"categories":[19],"tags":[],"_links":{"self":[{"href":"https:\/\/gazdasagportal.hu\/index.php\/wp-json\/wp\/v2\/posts\/92704"}],"collection":[{"href":"https:\/\/gazdasagportal.hu\/index.php\/wp-json\/wp\/v2\/posts"}],"about":[{"href":"https:\/\/gazdasagportal.hu\/index.php\/wp-json\/wp\/v2\/types\/post"}],"author":[{"embeddable":true,"href":"https:\/\/gazdasagportal.hu\/index.php\/wp-json\/wp\/v2\/users\/1"}],"replies":[{"embeddable":true,"href":"https:\/\/gazdasagportal.hu\/index.php\/wp-json\/wp\/v2\/comments?post=92704"}],"version-history":[{"count":1,"href":"https:\/\/gazdasagportal.hu\/index.php\/wp-json\/wp\/v2\/posts\/92704\/revisions"}],"predecessor-version":[{"id":92705,"href":"https:\/\/gazdasagportal.hu\/index.php\/wp-json\/wp\/v2\/posts\/92704\/revisions\/92705"}],"wp:attachment":[{"href":"https:\/\/gazdasagportal.hu\/index.php\/wp-json\/wp\/v2\/media?parent=92704"}],"wp:term":[{"taxonomy":"category","embeddable":true,"href":"https:\/\/gazdasagportal.hu\/index.php\/wp-json\/wp\/v2\/categories?post=92704"},{"taxonomy":"post_tag","embeddable":true,"href":"https:\/\/gazdasagportal.hu\/index.php\/wp-json\/wp\/v2\/tags?post=92704"}],"curies":[{"name":"wp","href":"https:\/\/api.w.org\/{rel}","templated":true}]}}