{"id":92591,"date":"2017-04-28T11:20:47","date_gmt":"2017-04-28T09:20:47","guid":{"rendered":"http:\/\/gazdasagportal.hu\/?p=92591"},"modified":"2017-04-28T11:20:47","modified_gmt":"2017-04-28T09:20:47","slug":"a-ctp-legujabb-ingatlan-berbeadasai-es-fejlesztesei-magyarorszagon-ezzel-tovabb-boviti-hazai-portfoliojat","status":"publish","type":"post","link":"https:\/\/gazdasagportal.hu\/index.php\/a-ctp-legujabb-ingatlan-berbeadasai-es-fejlesztesei-magyarorszagon-ezzel-tovabb-boviti-hazai-portfoliojat\/","title":{"rendered":"A CTP leg\u00fajabb ingatlan b\u00e9rbead\u00e1sai \u00e9s fejleszt\u00e9sei Magyarorsz\u00e1gon, ezzel tov\u00e1bb b\u0151v\u00edti hazai portf\u00f3li\u00f3j\u00e1t"},"content":{"rendered":"<p><strong>A CTP sz\u00e1mos \u00faj szerz\u0151d\u00e9st \u00edrt al\u00e1 2017 els\u0151 negyed\u00e9v\u00e9ben Magyarorsz\u00e1gon, tov\u00e1bb er\u0151s\u00edtve poz\u00edci\u00f3j\u00e1t a hazai piacon. \u00a0A <\/strong><strong>haz\u00e1nkban 2016 eleje \u00f3ta jelen l\u00e9v\u0151 ingatlanfejleszt\u0151 k\u00f6zel 300\u00a0000 m\u00b2 ter\u00fclet\u0171 ipari ingatlanportf\u00f3li\u00f3val sz\u00e1mol. <\/strong><!--more--><\/p>\n<div class=\"ads-in-post1\"><div id=\"gazdasagportal.hu_fullbanner_wideboard\"><\/div>\r\n<\/div>\n<p>&nbsp;<\/p>\n<p>&nbsp;<\/p><div id=\"gazda-1105634523\" class=\"gazda-tartalomban gazda-entity-placement\"><script async src=\"https:\/\/pagead2.googlesyndication.com\/pagead\/js\/adsbygoogle.js\"><\/script>\r\n<ins class=\"adsbygoogle\"\r\n     style=\"display:block\"\r\n     data-ad-format=\"fluid\"\r\n     data-ad-layout-key=\"-6t+ed+2i-1n-4w\"\r\n     data-ad-client=\"ca-pub-1959107119989764\"\r\n     data-ad-slot=\"4008251320\"><\/ins>\r\n<script>\r\n     (adsbygoogle = window.adsbygoogle || []).push({});\r\n<\/script><\/div>\n<p>A CTP egyik legjelent\u0151sebb szerz\u0151d\u00f6tt partnere a Dana Hungary Kft, amelynek \u00faj fogasker\u00e9kgy\u00e1rt\u00f3 gy\u00e1regys\u00e9g\u00e9t fejleszti Gy\u0151rben. A j\u00e1rm\u0171ipari alkatr\u00e9szgy\u00e1rt\u00f3 46 milli\u00f3 eur\u00f3t fektet negyedik gy\u0151ri gy\u00e1r\u00e1nak fel\u00e9p\u00edt\u00e9s\u00e9be. A 13 000 m\u00b2 alapter\u00fclet\u0171 l\u00e9tes\u00edtm\u00e9ny \u00e9p\u00edt\u00e9se m\u00e1r elkezd\u0151d\u00f6tt \u00e9s a termel\u00e9s v\u00e1rhat\u00f3an 2019 elej\u00e9n indul.<\/p>\n<p>&nbsp;<\/p>\n<p>A CTP tov\u00e1bbi k\u00e9t nagym\u00e9ret\u0171 ingatlanfejleszt\u00e9se is j\u00f3 \u00fctemben halad, amelyek tervezett \u00e1tad\u00e1si ideje 2017 nyara. Biatorb\u00e1gyon a Vendel Parkban b\u0151v\u00edti a GSI megl\u00e9v\u0151 \u00fczemcsarnok\u00e1t tov\u00e1bbi 16\u00a0000 m\u00b2-rel, valamint Tatab\u00e1ny\u00e1n a gy\u00f3gy\u00e1szati seg\u00e9deszk\u00f6z term\u00e9keket el\u0151\u00e1ll\u00edt\u00f3 Coloplast r\u00e9sz\u00e9re fejleszt 27 000 m\u00b2 alapter\u00fclet\u0171 logisztikai k\u00f6zpontot.<\/p>\n<p>&nbsp;<\/p>\n<p>Szint\u00e9n Tatab\u00e1ny\u00e1n egy m\u00e1r megl\u00e9v\u0151 b\u00e9rl\u0151 \u2013 a Rudolph Logistik Gruppe \u2013 sz\u00e1m\u00e1ra b\u0151v\u00edt a c\u00e9g, a jelenlegi 6\u00a0500 m\u00b2 tov\u00e1bbi 16 800 m\u00b2-rel b\u0151v\u00fcl \u00e9s a tervek szerint 2018 elej\u00e9re k\u00e9sz\u00fcl el.<\/p>\n<p><em>\u00a0<\/em><\/p>\n<p>Kom\u00e1romot v\u00e1lasztotta z\u00f6ldmez\u0151s beruh\u00e1z\u00e1s\u00e1nak helysz\u00edn\u00e9\u00fcl egy aut\u00f3ipari besz\u00e1ll\u00edt\u00f3, amelyet a CTP \u00e9p\u00edthet fel v\u00e1rhat\u00f3an 2018 elej\u00e9re.<\/p>\n<p><em>\u00a0<\/em><\/p>\n<p><em>\u201eTov\u00e1bbra is \u00e9l\u00e9nk \u00e9rdekl\u0151d\u00e9st tapasztalunk Magyarorsz\u00e1gon a j\u00f3 min\u0151s\u00e9g\u0171 logisztikai \u00e9s gy\u00e1rt\u00f3 funkci\u00f3j\u00fa ipari ingatlanok ir\u00e1nt. \u00daj c\u00e9gek jelennek meg a hazai piacon \u00e9s a j\u00f3 lok\u00e1ci\u00f3val, valamint \u00e1r-\u00e9rt\u00e9k ar\u00e1nnyal rendelkez\u0151 ipari ingatlanjainkat r\u00f6vid id\u0151 alatt \u00fajra b\u00e9rbe tudjuk adni. \u00cdgy t\u00f6rt\u00e9nt ez az <\/em><em>\u00fcll\u0151i parkunkban is, ahol egy r\u00e9szben meg\u00fcresedett 12 000 <\/em><em>m\u00b2<\/em><em> rakt\u00e1r r\u00f6vid id\u0151n bel\u00fcl \u00faj b\u00e9rl\u0151re tal\u00e1lt. \u00d6r\u00fcl\u00fcnk a piacon megjelen\u0151 \u00faj b\u00e9rl\u0151i ig\u00e9nyeknek \u00e9s gyorsan megold\u00e1st is aj\u00e1nlunk a hozz\u00e1nk fordul\u00f3 v\u00e1llalatok r\u00e9sz\u00e9re <\/em><em>\u2013<\/em> nyilatkozta <strong>Heged\u0171s Csaba, a CTP magyarorsz\u00e1gi vagyonkezel\u00e9s\u00e9rt felel\u0151s vezet\u0151je.<\/strong><\/p>\n<p>&nbsp;<\/p>\n<p>&nbsp;<\/p>\n<p><strong>CTP-r\u0151l<\/strong><\/p>\n<p><em>A CTP egy dinamikusan fejl\u0151d\u0151 nemzetk\u00f6zi ingatlanfejleszt\u0151 c\u00e9g, amely magas technol\u00f3gi\u00e1j\u00fa, szem\u00e9lyre szabott \u00fczleti parkok fejleszt\u00e9s\u00e9vel \u00e9s \u00fczemeltet\u00e9s\u00e9vel foglalkozik a k\u00f6z\u00e9p-eur\u00f3pai t\u00e9rs\u00e9gben. A CTP helyi \u00e9s nemzetk\u00f6zi v\u00e1llalkoz\u00e1sok sz\u00e1m\u00e1ra k\u00edn\u00e1l egyedi megold\u00e1sokat \u00faj l\u00e9tes\u00edtm\u00e9nyeik kialak\u00edt\u00e1s\u00e1ban, valamint a megl\u00e9v\u0151k fejleszt\u00e9s\u00e9ben. A pr\u00e9mium min\u0151s\u00e9g\u0171 \u00fczleti parkok legnagyobb integr\u00e1lt h\u00e1l\u00f3zata \u00f6sszesen 60 helysz\u00ednen k\u00f6zel 3.7 milli\u00f3 m\u00b2 alapter\u00fclet\u0171 \u201eA\u201d kateg\u00f3ri\u00e1j\u00fa ipari ingatlannal\u00a0rendelkezik K\u00f6z\u00e9p-Eur\u00f3p\u00e1ban. A CTP tulajdon\u00e1ban vannak \u00f6n\u00e1ll\u00f3 irodafejleszt\u00e9si projektek is. Ilyenek p\u00e9ld\u00e1ul a Brno-i Spielberk Irodak\u00f6zpont \u00e9s az IQ Ostrava. Magyarorsz\u00e1gon jelenleg Tatab\u00e1ny\u00e1n, M\u00f3ron, \u00dcll\u0151n, Gy\u0151rben, Biatorb\u00e1gyon \u00e9s Szombathelyen tal\u00e1lhat\u00f3ak a CTP portf\u00f3li\u00f3j\u00e1hoz tartoz\u00f3 ingatlanok.<\/em><\/p>\n","protected":false},"excerpt":{"rendered":"<p>A CTP sz\u00e1mos \u00faj szerz\u0151d\u00e9st \u00edrt al\u00e1 2017 els\u0151 negyed\u00e9v\u00e9ben Magyarorsz\u00e1gon, tov\u00e1bb er\u0151s\u00edtve poz\u00edci\u00f3j\u00e1t a hazai piacon. \u00a0A haz\u00e1nkban 2016 eleje \u00f3ta jelen l\u00e9v\u0151 ingatlanfejleszt\u0151 k\u00f6zel 300\u00a0000 m\u00b2 ter\u00fclet\u0171 ipari ingatlanportf\u00f3li\u00f3val sz\u00e1mol.<\/p>\n","protected":false},"author":1,"featured_media":0,"comment_status":"closed","ping_status":"open","sticky":false,"template":"","format":"standard","meta":[],"categories":[19],"tags":[],"_links":{"self":[{"href":"https:\/\/gazdasagportal.hu\/index.php\/wp-json\/wp\/v2\/posts\/92591"}],"collection":[{"href":"https:\/\/gazdasagportal.hu\/index.php\/wp-json\/wp\/v2\/posts"}],"about":[{"href":"https:\/\/gazdasagportal.hu\/index.php\/wp-json\/wp\/v2\/types\/post"}],"author":[{"embeddable":true,"href":"https:\/\/gazdasagportal.hu\/index.php\/wp-json\/wp\/v2\/users\/1"}],"replies":[{"embeddable":true,"href":"https:\/\/gazdasagportal.hu\/index.php\/wp-json\/wp\/v2\/comments?post=92591"}],"version-history":[{"count":1,"href":"https:\/\/gazdasagportal.hu\/index.php\/wp-json\/wp\/v2\/posts\/92591\/revisions"}],"predecessor-version":[{"id":92592,"href":"https:\/\/gazdasagportal.hu\/index.php\/wp-json\/wp\/v2\/posts\/92591\/revisions\/92592"}],"wp:attachment":[{"href":"https:\/\/gazdasagportal.hu\/index.php\/wp-json\/wp\/v2\/media?parent=92591"}],"wp:term":[{"taxonomy":"category","embeddable":true,"href":"https:\/\/gazdasagportal.hu\/index.php\/wp-json\/wp\/v2\/categories?post=92591"},{"taxonomy":"post_tag","embeddable":true,"href":"https:\/\/gazdasagportal.hu\/index.php\/wp-json\/wp\/v2\/tags?post=92591"}],"curies":[{"name":"wp","href":"https:\/\/api.w.org\/{rel}","templated":true}]}}