{"id":92572,"date":"2017-04-28T07:57:32","date_gmt":"2017-04-28T05:57:32","guid":{"rendered":"http:\/\/gazdasagportal.hu\/?p=92572"},"modified":"2017-04-28T07:19:14","modified_gmt":"2017-04-28T05:19:14","slug":"francia-elnokvalasztas-le-pen-szerint-a-masodik-fordulo-franciaorszag-melletti-vagy-elleni-nepszavazas-lesz","status":"publish","type":"post","link":"https:\/\/gazdasagportal.hu\/index.php\/francia-elnokvalasztas-le-pen-szerint-a-masodik-fordulo-franciaorszag-melletti-vagy-elleni-nepszavazas-lesz\/","title":{"rendered":"Francia eln\u00f6kv\u00e1laszt\u00e1s &#8211; Le Pen szerint a m\u00e1sodik fordul\u00f3 Franciaorsz\u00e1g melletti vagy elleni n\u00e9pszavaz\u00e1s lesz"},"content":{"rendered":"<p><strong>Marine Le Pen, a francia eln\u00f6kv\u00e1laszt\u00e1s szuverenista jel\u00f6ltje a d\u00e9l-franciaorsz\u00e1gi Nizz\u00e1ban cs\u00fct\u00f6rt\u00f6k este tartott nagygy\u0171l\u00e9s\u00e9n azt mondta, hogy a m\u00e1jus 7-i m\u00e1sodik fordul\u00f3 &#8222;n\u00e9pszavaz\u00e1s lesz Franciaorsz\u00e1g\u00e9rt vagy ellene&#8221;.<\/strong><!--more--><\/p>\n<div class=\"ads-in-post1\"><div id=\"gazdasagportal.hu_fullbanner_wideboard\"><\/div>\r\n<\/div>\n<p>    A radik\u00e1lis Nemzeti Front \u00e1ltal jel\u00f6lt Le Pen mintegy n\u00e9gyezer f\u0151s hallgat\u00f3s\u00e1g el\u0151tt a &#8222;gazdas\u00e1gi patriotizmus&#8221; nev\u00e9ben azt hangs\u00falyozta, hogy szeretn\u00e9 &#8222;visszaadni Franciaorsz\u00e1gnak a hat\u00e1rait&#8221; \u00e9s &#8222;megszel\u00edd\u00edteni a globaliz\u00e1ci\u00f3t&#8221;, szemben centrista riv\u00e1lis\u00e1val, Emmanuel Macronnal, aki szerinte volt bank\u00e1rk\u00e9nt piact\u00e9rr\u00e9 tenn\u00e9 az orsz\u00e1got.<br \/>\n    &#8222;Ez az eln\u00f6kv\u00e1laszt\u00e1s referendum, Franciaorsz\u00e1g\u00e9rt vagy ellene. Arra k\u00e9rlek titeket, hogy v\u00e1lassz\u00e1tok Franciaorsz\u00e1got, \u00e9s ne Macront, akinek a programja Franciaorsz\u00e1g felh\u00edg\u00edt\u00e1sa \u00e9s le\u00e9p\u00edt\u00e9se&#8221; &#8211; hangs\u00falyozta Le Pen.<br \/>\n    &#8222;A globaliz\u00e1ci\u00f3 itt van. Nem is tagadom, hogy meg akarom szel\u00edd\u00edteni. Olyan k\u00f6r\u00fclm\u00e9nyeket teremtve Franciaorsz\u00e1gnak, hogy abb\u00f3l a legjobban j\u00f6jj\u00f6n ki, ne pedig rosszabbul&#8221; &#8211; hangs\u00falyozta a szuverenista jel\u00f6lt. &#8222;V\u00e9delmez\u0151 eln\u00f6k leszek, aki a gazdas\u00e1gi patriotizmust a mi v\u00e1llalataink \u00e9rdek\u00e9ben fogja megval\u00f3s\u00edtani, olyan eln\u00f6k, aki n\u00f6velni fogja a dolgoz\u00f3k \u00e9s a nyugd\u00edjasok v\u00e1s\u00e1rl\u00f3erej\u00e9t, \u00e9s mindenkinek szavatolni fogja a szoci\u00e1lis rendszert, mindenekel\u0151tt az eg\u00e9szs\u00e9g\u00fcgyi rendszert&#8221; &#8211; tette hozz\u00e1.<br \/>\n    Le Pen hosszan b\u00edr\u00e1lta az els\u0151 fordul\u00f3ban 24 sz\u00e1zal\u00e9kkal az \u00e9len v\u00e9gzett centrista riv\u00e1lisa programj\u00e1t, akit &#8222;a rendszer \u00e9s a migr\u00e1ns\u00e1radat&#8221; jel\u00f6ltj\u00e9nek nevezett. Szerinte a bank\u00e1r Macront az oligarchia r\u00e9g\u00f3ta kiv\u00e1lasztotta mag\u00e1nak, az\u00e9rt hogy &#8222;tov\u00e1bbi \u00f6t \u00e9vre helyzetbe hozza saj\u00e1t embereit \u00e9s h\u00e1l\u00f3zatait&#8221;.<br \/>\n    H\u00edrmagyar\u00e1z\u00f3k szerint t\u00f6bb mint egy\u00f3r\u00e1s besz\u00e9d\u00e9ben Le Pen saj\u00e1t v\u00e1laszt\u00f3i mellett a 20 sz\u00e1zal\u00e9kos t\u00e1mogatotts\u00e1ggal harmadik helyen v\u00e9gzett konzervat\u00edv Francois Fillon t\u00e1bor\u00e1hoz sz\u00f3lt a jobboldal egyik fellegv\u00e1r\u00e1nak sz\u00e1m\u00edt\u00f3 Nizz\u00e1ban, m\u00e9gpedig \u00fagy, hogy egy sz\u00f3t sem ejtett az eur\u00f3z\u00f3n\u00e1b\u00f3l val\u00f3 kil\u00e9p\u00e9sr\u0151l, ami pedig programja egyik alappill\u00e9re.<br \/>\n    &#8222;Az Eur\u00f3pai Uni\u00f3 szomor\u00fa, a br\u00fcsszeli tiszts\u00e9gvisel\u0151k \u00f6lt\u00f6ny\u00e9nek szomor\u00fas\u00e1g\u00e1t hordozza. \u00c9n vissza akarom neki adni a sz\u00edn\u00e9t, mert az \u00e9n Eur\u00f3p\u00e1m vid\u00e1m, v\u00e1ltozatos, sz\u00ednes, a n\u00e9pek arc\u00e1t t\u00fckr\u00f6zi vissza&#8221; &#8211; fogalmazott. \u00dagy v\u00e9lte, hogy megv\u00e1laszt\u00e1sa lehet\u0151s\u00e9g Eur\u00f3pa sz\u00e1m\u00e1ra, amelynek j\u00f6v\u0151j\u00e9r\u0151l semmik\u00e9ppen nem fog d\u00f6nteni n\u00e9pszavaz\u00e1s, azaz a n\u00e9p megk\u00e9rdez\u00e9se n\u00e9lk\u00fcl.<br \/>\n    A nizzai kamp\u00e1nyrendezv\u00e9nnyel egy id\u0151ben Emmanuel Macron a TF1 orsz\u00e1gos t\u00e9v\u00e9csatorna esti politikai m\u0171sor\u00e1nak vend\u00e9ge volt, \u00e9s azt mondta, hogy a Nemzeti Front megoszt\u00f3 programj\u00e1val szemben egyes\u00edteni szeretn\u00e9 a hagyom\u00e1nyos p\u00e1rtokat elutas\u00edt\u00f3, sz\u00e9tt\u00f6redezett Franciaorsz\u00e1got.<br \/>\n    &#8222;\u00c9n olyan Eur\u00f3p\u00e1t szeretn\u00e9k, amely v\u00e9delmez, ez\u00e9rt meg akarom reform\u00e1lni. (Marine le Pen) Eur\u00f3pa ellen van, \u0151 ki akar bel\u0151le l\u00e9pni&#8221; &#8211; mondta Macron. &#8222;Az a kih\u00edv\u00e1s, hogy megb\u00e9k\u00edts\u00fck Eur\u00f3pa \u00e1llampolg\u00e1rait, hogy siker\u00fclj\u00f6n megval\u00f3s\u00edtani azt, hogy Eur\u00f3pa jobban v\u00e9delmezze \u00e1llampolg\u00e1rait a globaliz\u00e1ci\u00f3ban&#8221; &#8211; tette hozz\u00e1.<br \/>\n    A centrista jel\u00f6lt d\u00e9lut\u00e1n egy bev\u00e1ndorl\u00f3k lakta, h\u00e1tr\u00e1nyos helyzet\u0171 p\u00e1rizsi el\u0151v\u00e1rosban, Sarcelles-ban kamp\u00e1nyolt, ahol a helyiek &#8222;Macron eln\u00f6k!&#8221; ki\u00e1ltoz\u00e1ssal fogadt\u00e1k. Macron itt el\u00edt\u00e9lte Franciaorsz\u00e1gnak azt a &#8222;gy\u0171l\u00f6lk\u00f6d\u0151 \u00e9s vicsor\u00edt\u00f3 arc\u00e1t&#8221;, amelyet szerinte a szuverenista jel\u00f6lt k\u00e9pvisel. &#8222;Franciaorsz\u00e1g nem a gy\u0171l\u00f6let \u00e9s a m\u00e1sok elutas\u00edt\u00e1sa&#8221; &#8211; hangs\u00falyozta.<br \/>\n     Az Opinionway k\u00f6zv\u00e9lem\u00e9ny-kutat\u00f3int\u00e9zet \u00e1prilis 24. \u00e9s 26. k\u00f6z\u00f6tt k\u00e9sz\u00fclt felm\u00e9r\u00e9se szerint a szuverenista jel\u00f6lt 41, centrista riv\u00e1lisa pedig 59 sz\u00e1zal\u00e9kot \u00e9rhet el m\u00e1jus 7-\u00e9n. A Harris Interactive \u00e1prilis 25. \u00e9s 27. k\u00f6z\u00f6tt k\u00e9sz\u00fclt felm\u00e9r\u00e9se szerint Macront jelenleg a szavaz\u00f3k 61, Le Pent pedig 39 sz\u00e1zal\u00e9ka t\u00e1mogatja. Ez ut\u00f3bbi k\u00f6zv\u00e9lem\u00e9ny-kutat\u00e1s szerint a szocialista v\u00e1laszt\u00f3k 69 sz\u00e1zal\u00e9ka Macronra fog szavazni \u00e9s a jobboldali Francois Fillon t\u00e1bor\u00e1nak 42 sz\u00e1zal\u00e9ka is \u0151t t\u00e1mogatja majd. A konzervat\u00edv t\u00e1bornak csak 28 sz\u00e1zal\u00e9ka v\u00e1lasztja majd Le Pent a m\u00e1sodik fordul\u00f3ban. Az els\u0151 fordul\u00f3ban negyedik helyen v\u00e9gzett radik\u00e1lis baloldali Jean-Luc M\u00e9lenchon szavaz\u00f3inak 45 sz\u00e1zal\u00e9ka Macron-p\u00e1rti, \u00e9s 17 sz\u00e1zal\u00e9kuk t\u00e1mogathatja m\u00e1jus 7-\u00e9n Le Pent.<br \/>\n(MTI)<\/p>\n","protected":false},"excerpt":{"rendered":"<p>Marine Le Pen, a francia eln\u00f6kv\u00e1laszt\u00e1s szuverenista jel\u00f6ltje a d\u00e9l-franciaorsz\u00e1gi Nizz\u00e1ban cs\u00fct\u00f6rt\u00f6k este tartott nagygy\u0171l\u00e9s\u00e9n azt mondta, hogy a m\u00e1jus 7-i m\u00e1sodik fordul\u00f3 &#8222;n\u00e9pszavaz\u00e1s lesz Franciaorsz\u00e1g\u00e9rt vagy ellene&#8221;.<\/p>\n","protected":false},"author":1,"featured_media":0,"comment_status":"closed","ping_status":"open","sticky":false,"template":"","format":"standard","meta":[],"categories":[12],"tags":[],"_links":{"self":[{"href":"https:\/\/gazdasagportal.hu\/index.php\/wp-json\/wp\/v2\/posts\/92572"}],"collection":[{"href":"https:\/\/gazdasagportal.hu\/index.php\/wp-json\/wp\/v2\/posts"}],"about":[{"href":"https:\/\/gazdasagportal.hu\/index.php\/wp-json\/wp\/v2\/types\/post"}],"author":[{"embeddable":true,"href":"https:\/\/gazdasagportal.hu\/index.php\/wp-json\/wp\/v2\/users\/1"}],"replies":[{"embeddable":true,"href":"https:\/\/gazdasagportal.hu\/index.php\/wp-json\/wp\/v2\/comments?post=92572"}],"version-history":[{"count":1,"href":"https:\/\/gazdasagportal.hu\/index.php\/wp-json\/wp\/v2\/posts\/92572\/revisions"}],"predecessor-version":[{"id":92573,"href":"https:\/\/gazdasagportal.hu\/index.php\/wp-json\/wp\/v2\/posts\/92572\/revisions\/92573"}],"wp:attachment":[{"href":"https:\/\/gazdasagportal.hu\/index.php\/wp-json\/wp\/v2\/media?parent=92572"}],"wp:term":[{"taxonomy":"category","embeddable":true,"href":"https:\/\/gazdasagportal.hu\/index.php\/wp-json\/wp\/v2\/categories?post=92572"},{"taxonomy":"post_tag","embeddable":true,"href":"https:\/\/gazdasagportal.hu\/index.php\/wp-json\/wp\/v2\/tags?post=92572"}],"curies":[{"name":"wp","href":"https:\/\/api.w.org\/{rel}","templated":true}]}}