{"id":91925,"date":"2017-04-07T08:03:49","date_gmt":"2017-04-07T06:03:49","guid":{"rendered":"http:\/\/gazdasagportal.hu\/?p=91925"},"modified":"2017-04-07T07:22:56","modified_gmt":"2017-04-07T05:22:56","slug":"akk-meg-nem-dolt-el-hogy-lesz-e-devizakotveny-kibocsatas-az-iden","status":"publish","type":"post","link":"https:\/\/gazdasagportal.hu\/index.php\/akk-meg-nem-dolt-el-hogy-lesz-e-devizakotveny-kibocsatas-az-iden\/","title":{"rendered":"\u00c1KK: m\u00e9g nem d\u0151lt el, hogy lesz-e devizak\u00f6tv\u00e9ny-kibocs\u00e1t\u00e1s az id\u00e9n"},"content":{"rendered":"<p><strong>Az \u00c1llamad\u00f3ss\u00e1g Kezel\u0151 K\u00f6zpont (\u00c1KK) 2017-re 1,2 milli\u00e1rd eur\u00f3 \u00f6sszegben tervezte devizaforr\u00e1s bevon\u00e1s\u00e1t, ennek r\u00e9sze egyebek mellett az \u00e1llamkincst\u00e1r \u00e1ltal belf\u00f6ld\u00f6n \u00e9rt\u00e9kes\u00edtett eur\u00f3k\u00f6tv\u00e9ny, \u00e9s egy nemzetk\u00f6zi devizak\u00f6tv\u00e9ny kibocs\u00e1t\u00e1s lehet\u0151s\u00e9ge is, de ez ut\u00f3bbir\u00f3l, annak felt\u00e9teleir\u0151l m\u00e9g nincs d\u00f6nt\u00e9s &#8211; mondta Barcza Gy\u00f6rgy, az \u00c1KK vez\u00e9rigazgat\u00f3ja azt k\u00f6vet\u0151en, hogy a jegybank szerd\u00e1n, harmadik alkalommal rendezte meg a Budapesti renminbi kezdem\u00e9nyez\u00e9s elnevez\u00e9s\u0171 konferenci\u00e1j\u00e1t.<\/strong><!--more--><\/p>\n<div class=\"ads-in-post1\"><div id=\"gazdasagportal.hu_fullbanner_wideboard\"><\/div>\r\n<\/div>\n<p>    Barcza Gy\u00f6rgy r\u00e1mutatott: &#8222;az \u00c1KK akkor \u00e9rzi mag\u00e1t biztons\u00e1gban, ha begy\u0171jt\u00f6tte azt a forr\u00e1st, ami az \u00e1llamad\u00f3ss\u00e1g \u00e9ves finansz\u00edroz\u00e1s\u00e1t biztos\u00edtja&#8221;. Megjegyezte: az \u00c1KK az \u00f3vatoss\u00e1g elv\u00e9t k\u00f6veti, folyamatosan figyeli a piacokat.<br \/>\n    Ha esetleg lenne k\u00fclf\u00f6ldi, azaz deviz\u00e1ban t\u00f6rt\u00e9n\u0151 \u00e1llampap\u00edr-kibocs\u00e1t\u00e1s az id\u00e9n, arr\u00f3l nem lenne c\u00e9lszer\u0171 kor\u00e1bban nyilatkozni. Az, hogy egy devizak\u00f6tv\u00e9ny-kibocs\u00e1t\u00e1s hol \u00e9s milyen felt\u00e9telekkel val\u00f3sul meg, mindig az adott helyzett\u0151l f\u00fcgg &#8211; mondta. A mostani \u00e1raz\u00e1st tekintve a k\u00ednai &#8222;pandak\u00f6tv\u00e9ny-piacr\u00f3l&#8221; p\u00e9ld\u00e1ul olcs\u00f3n lehetne forr\u00e1st bevonni &#8211; tette hozz\u00e1.<br \/>\n    Elmondta: a k\u00f6vetkez\u0151 h\u00f3napokban sz\u00e1mos kock\u00e1zatra kell figyelni a nemzetk\u00f6zi piacokon, ezek k\u00f6z\u00f6tt szerepelnek a soron l\u00e9v\u0151 eur\u00f3pai v\u00e1laszt\u00e1sok, p\u00e9ld\u00e1ul a francia \u00e9s n\u00e9met, \u00e9s az \u00faj amerikai vezet\u00e9s politik\u00e1ja is.<br \/>\n    Ezzel egy\u00fctt az \u00c1KK jobban \u00e1ll, mint b\u00e1rmelyik kor\u00e1bbi \u00e9vben, mert az \u00c1KK-nak a Magyar Nemzeti Bankn\u00e1l vezetett, \u00fagynevezett KESZ-sz\u00e1ml\u00e1j\u00e1n a bet\u00e9t\u00e1llom\u00e1ny meghaladja az 1000 milli\u00e1rd forintot, ez el\u00e9g jelent\u0151s biztons\u00e1got ad &#8211; jelezte az \u00c1KK vez\u00e9rigazgat\u00f3ja.<br \/>\n     Barcza Gy\u00f6rgy elmondta: a lakoss\u00e1gi \u00e1llampap\u00edrok eg\u00e9sz\u00e9t tekintve id\u00e9n 900 milli\u00e1rd forintos \u00e1llom\u00e1nyt terveztek, m\u00e1r 680 milli\u00e1rd forint kibocs\u00e1t\u00e1sa \u00e9s elad\u00e1sa megval\u00f3sult febru\u00e1r v\u00e9g\u00e9ig, \u00fagy t\u0171nik, m\u00e1rcius v\u00e9g\u00e9ig a 750 milli\u00e1rd forint k\u00f6r\u00fcli \u00f6sszeg is meglesz.<br \/>\n    A k\u00e9t\u00e9ves \u00e1llampap\u00edrb\u00f3l &#8211; az els\u0151 h\u00e1rom nap adatai alapj\u00e1n &#8211; 7,7 milli\u00e1rd forintnyi pap\u00edrt adtak el, de ezt nem \u00f6nmag\u00e1ban kell n\u00e9zni, mert ennek a keresletnek egy r\u00e9sze val\u00f3sz\u00edn\u0171leg cs\u00f6kkenti majd p\u00e9ld\u00e1ul az egy\u00e9ves kamatoz\u00f3 kincst\u00e1rjegy ir\u00e1nti \u00e9rdekl\u0151d\u00e9st. Az \u00f6r\u00f6mteli fejlem\u00e9ny, hogy j\u00f3l fogadta a piac az \u00faj term\u00e9ket &#8211; emelte ki az \u00c1KK vez\u00e9rigazgat\u00f3ja.(MTI)<\/p>\n","protected":false},"excerpt":{"rendered":"<p>Az \u00c1llamad\u00f3ss\u00e1g Kezel\u0151 K\u00f6zpont (\u00c1KK) 2017-re 1,2 milli\u00e1rd eur\u00f3 \u00f6sszegben tervezte devizaforr\u00e1s bevon\u00e1s\u00e1t, ennek r\u00e9sze egyebek mellett az \u00e1llamkincst\u00e1r \u00e1ltal belf\u00f6ld\u00f6n \u00e9rt\u00e9kes\u00edtett eur\u00f3k\u00f6tv\u00e9ny, \u00e9s egy nemzetk\u00f6zi devizak\u00f6tv\u00e9ny kibocs\u00e1t\u00e1s lehet\u0151s\u00e9ge is, de ez ut\u00f3bbir\u00f3l, annak felt\u00e9teleir\u0151l m\u00e9g nincs d\u00f6nt\u00e9s &#8211; mondta Barcza Gy\u00f6rgy, az \u00c1KK vez\u00e9rigazgat\u00f3ja azt k\u00f6vet\u0151en, hogy a jegybank szerd\u00e1n, harmadik alkalommal rendezte meg &#8230;<\/p>\n","protected":false},"author":1,"featured_media":0,"comment_status":"closed","ping_status":"open","sticky":false,"template":"","format":"standard","meta":[],"categories":[19,31],"tags":[],"_links":{"self":[{"href":"https:\/\/gazdasagportal.hu\/index.php\/wp-json\/wp\/v2\/posts\/91925"}],"collection":[{"href":"https:\/\/gazdasagportal.hu\/index.php\/wp-json\/wp\/v2\/posts"}],"about":[{"href":"https:\/\/gazdasagportal.hu\/index.php\/wp-json\/wp\/v2\/types\/post"}],"author":[{"embeddable":true,"href":"https:\/\/gazdasagportal.hu\/index.php\/wp-json\/wp\/v2\/users\/1"}],"replies":[{"embeddable":true,"href":"https:\/\/gazdasagportal.hu\/index.php\/wp-json\/wp\/v2\/comments?post=91925"}],"version-history":[{"count":1,"href":"https:\/\/gazdasagportal.hu\/index.php\/wp-json\/wp\/v2\/posts\/91925\/revisions"}],"predecessor-version":[{"id":91926,"href":"https:\/\/gazdasagportal.hu\/index.php\/wp-json\/wp\/v2\/posts\/91925\/revisions\/91926"}],"wp:attachment":[{"href":"https:\/\/gazdasagportal.hu\/index.php\/wp-json\/wp\/v2\/media?parent=91925"}],"wp:term":[{"taxonomy":"category","embeddable":true,"href":"https:\/\/gazdasagportal.hu\/index.php\/wp-json\/wp\/v2\/categories?post=91925"},{"taxonomy":"post_tag","embeddable":true,"href":"https:\/\/gazdasagportal.hu\/index.php\/wp-json\/wp\/v2\/tags?post=91925"}],"curies":[{"name":"wp","href":"https:\/\/api.w.org\/{rel}","templated":true}]}}