{"id":91891,"date":"2017-04-06T13:29:35","date_gmt":"2017-04-06T11:29:35","guid":{"rendered":"http:\/\/gazdasagportal.hu\/?p=91891"},"modified":"2017-04-06T13:29:35","modified_gmt":"2017-04-06T11:29:35","slug":"uzbeg-radikalisokkal-hozta-osszefuggesbe-a-merenylot-es-moszkvai-szalrol-ir-az-orosz-sajto","status":"publish","type":"post","link":"https:\/\/gazdasagportal.hu\/index.php\/uzbeg-radikalisokkal-hozta-osszefuggesbe-a-merenylot-es-moszkvai-szalrol-ir-az-orosz-sajto\/","title":{"rendered":"\u00dczb\u00e9g radik\u00e1lisokkal hozta \u00f6sszef\u00fcgg\u00e9sbe a mer\u00e9nyl\u0151t \u00e9s moszkvai sz\u00e1lr\u00f3l \u00edr az orosz sajt\u00f3"},"content":{"rendered":"<p><strong>A szentp\u00e9terv\u00e1ri metr\u00f3robbant\u00e1ssal gyan\u00fas\u00edtott Akbarzson Dzsalilov \u00fczb\u00e9g iszlamista  radik\u00e1lisokkal \u00e1llhatott kapcsolatban, \u00e9s a mer\u00e9nyletre k\u00e9sz\u00fclve Moszkv\u00e1ban is megfordult &#8211; \u00edrt\u00e1k cs\u00fct\u00f6rt\u00f6k\u00f6n orosz lapok.<\/strong><!--more--><\/p>\n<div class=\"ads-in-post1\"><div id=\"gazdasagportal.hu_fullbanner_wideboard\"><\/div>\r\n<\/div>\n<p>    A Kommerszant szerint orosz \u00e9s kirgiz nyomoz\u00f3k igyekeznek a v\u00e9g\u00e9re j\u00e1rni annak a verzi\u00f3nak, hogy Dzsalilovot a f\u00f6ldijei, kirgiziszt\u00e1ni \u00fczb\u00e9gek b\u00fajtatt\u00e1k fel a robbant\u00e1sra. A gyan\u00fas\u00edtott Osban sz\u00fcletett, amely t\u00falnyom\u00f3r\u00e9szt az \u00fczb\u00e9g kisebbs\u00e9g lakta Fergana-v\u00f6lgyben tal\u00e1lhat\u00f3, ahonnan a dzsihadist\u00e1k sz\u00e1zsz\u00e1mra utaztak el Sz\u00edri\u00e1ba harcolni, ahol a Tauhid val Dzsih\u00e1d terrorszervezethez csatlakoztak.<br \/>\n    A csoportosul\u00e1s Kirgiziszt\u00e1nban a betilt\u00e1sa ellen\u00e9re is akt\u00edv \u00e9s a k\u00f6z\u00f6ss\u00e9gi oldalakon \u00faj tagokat toboroz. Dzsalilov febru\u00e1rban a sz\u00fcl\u0151f\u00f6ldj\u00e9n j\u00e1rt, \u00e9s a lap forr\u00e1sai szerint ekkor ker\u00fclhetett a szervezet befoly\u00e1sa al\u00e1.<br \/>\n    A Rosszijszkaja Gazeta \u00fagy \u00e9rtes\u00fclt, hogy Moszkv\u00e1ban is keresik a felt\u00e9telezett \u00f6ngyilkos mer\u00e9nyl\u0151 tettest\u00e1rsait, mert Dzsalilov m\u00e1rcius 3-\u00e1n Kirgiziszt\u00e1nb\u00f3l nem k\u00f6zvetlen\u00fcl Szentp\u00e9terv\u00e1rra, hanem az orosz f\u0151v\u00e1rosba rep\u00fclt vissza. A lap szerint nem kiz\u00e1rt, hogy itt kapta meg a robban\u00f3anyagot, amelyet azt\u00e1n vonattal sz\u00e1ll\u00edtott \u00e1t az \u00e9szak-oroszorsz\u00e1gi nagyv\u00e1rosba. Dzsalilov a mer\u00e9nylet el\u0151tt sohasem ker\u00fclt a hat\u00f3s\u00e1gok l\u00e1t\u00f3k\u00f6r\u00e9be.<br \/>\n    A Kommerszant arr\u00f3l is besz\u00e1molt, hogy a rendv\u00e9delmi szerveket rendk\u00edv\u00fcli m\u00f3don leterhelik a gyan\u00fas t\u00e1rgyakr\u00f3l \u00e9s \u00e1ll\u00edt\u00f3lag al\u00e1akn\u00e1zott objektumokr\u00f3l sz\u00f3l\u00f3 hamis bejelent\u00e9sek. Az ilyen h\u00edv\u00e1sok terrort\u00e1mad\u00e1sok ut\u00e1n meg szoktak szaporodni, de most nem helyi telefonbety\u00e1rokt\u00f3l, hanem egyre ink\u00e1bb Ukrajna ter\u00fclet\u00e9r\u0151l futnak be. Mivel a k\u00e9t orsz\u00e1g hat\u00f3s\u00e1gai nem m\u0171k\u00f6dnek egy\u00fctt, a tetteseket nem lehet felel\u0151ss\u00e9gre vonni.(MTI)<\/p>\n","protected":false},"excerpt":{"rendered":"<p>A szentp\u00e9terv\u00e1ri metr\u00f3robbant\u00e1ssal gyan\u00fas\u00edtott Akbarzson Dzsalilov \u00fczb\u00e9g iszlamista radik\u00e1lisokkal \u00e1llhatott kapcsolatban, \u00e9s a mer\u00e9nyletre k\u00e9sz\u00fclve Moszkv\u00e1ban is megfordult &#8211; \u00edrt\u00e1k cs\u00fct\u00f6rt\u00f6k\u00f6n orosz lapok.<\/p>\n","protected":false},"author":1,"featured_media":0,"comment_status":"closed","ping_status":"open","sticky":false,"template":"","format":"standard","meta":[],"categories":[12],"tags":[],"_links":{"self":[{"href":"https:\/\/gazdasagportal.hu\/index.php\/wp-json\/wp\/v2\/posts\/91891"}],"collection":[{"href":"https:\/\/gazdasagportal.hu\/index.php\/wp-json\/wp\/v2\/posts"}],"about":[{"href":"https:\/\/gazdasagportal.hu\/index.php\/wp-json\/wp\/v2\/types\/post"}],"author":[{"embeddable":true,"href":"https:\/\/gazdasagportal.hu\/index.php\/wp-json\/wp\/v2\/users\/1"}],"replies":[{"embeddable":true,"href":"https:\/\/gazdasagportal.hu\/index.php\/wp-json\/wp\/v2\/comments?post=91891"}],"version-history":[{"count":1,"href":"https:\/\/gazdasagportal.hu\/index.php\/wp-json\/wp\/v2\/posts\/91891\/revisions"}],"predecessor-version":[{"id":91892,"href":"https:\/\/gazdasagportal.hu\/index.php\/wp-json\/wp\/v2\/posts\/91891\/revisions\/91892"}],"wp:attachment":[{"href":"https:\/\/gazdasagportal.hu\/index.php\/wp-json\/wp\/v2\/media?parent=91891"}],"wp:term":[{"taxonomy":"category","embeddable":true,"href":"https:\/\/gazdasagportal.hu\/index.php\/wp-json\/wp\/v2\/categories?post=91891"},{"taxonomy":"post_tag","embeddable":true,"href":"https:\/\/gazdasagportal.hu\/index.php\/wp-json\/wp\/v2\/tags?post=91891"}],"curies":[{"name":"wp","href":"https:\/\/api.w.org\/{rel}","templated":true}]}}