{"id":91889,"date":"2017-04-06T13:08:39","date_gmt":"2017-04-06T11:08:39","guid":{"rendered":"http:\/\/gazdasagportal.hu\/?p=91889"},"modified":"2017-04-06T13:08:39","modified_gmt":"2017-04-06T11:08:39","slug":"1-milliard-forintbol-modernizaltak-a-zalaegerszegi-interspar-t","status":"publish","type":"post","link":"https:\/\/gazdasagportal.hu\/index.php\/1-milliard-forintbol-modernizaltak-a-zalaegerszegi-interspar-t\/","title":{"rendered":"1 milli\u00e1rd forintb\u00f3l moderniz\u00e1lt\u00e1k a zalaegerszegi INTERSPAR-t"},"content":{"rendered":"<p><strong>SPAR toGo \u00e9ttermet nyitottak, korszer\u0171s\u00edtett\u00e9k a vil\u00e1g\u00edt\u00e1st \u00e9s a h\u0171t\u0151-f\u0171t\u0151 berendez\u00e9seket, \u00e1talak\u00edtott\u00e1k a bels\u0151 tereket, illetve a polcrendszert, hogy a fogyaszt\u00f3k sz\u00e1m\u00e1ra val\u00f3di \u00e9lm\u00e9ny legyen a v\u00e1s\u00e1rl\u00e1s. A teljes rekonstrukci\u00f3ra 1,049 milli\u00e1rd forintot ford\u00edtott a SPAR Magyarorsz\u00e1g. <\/strong><!--more--><\/p>\n<div class=\"ads-in-post1\"><div id=\"gazdasagportal.hu_fullbanner_wideboard\"><\/div>\r\n<\/div>\n<p>\u201eAz \u00e9letsz\u00ednvonal emelked\u00e9s\u00e9vel egy \u00faj piaci verseny vette kezdet\u00e9t a kiskereskedelemben, haz\u00e1nkban. Azt, hogy 10 \u00e9v m\u00falva ki lesz m\u00e9g a p\u00e1ly\u00e1n, a jelenlegi \u00fczletb\u0151v\u00edt\u00e9sek \u00e9s a fel\u00faj\u00edt\u00e1sok d\u00f6ntik majd el. A vev\u0151k sokkal ig\u00e9nyesebb fogyaszt\u00f3v\u00e1 v\u00e1ltak, ez\u00e9rt a SPAR strat\u00e9gi\u00e1ja az, hogy a viszonylag r\u00e9gen megnyitott \u00e1ruh\u00e1zait moderniz\u00e1lja a legkorszer\u0171bb technol\u00f3gi\u00e1k integr\u00e1l\u00e1s\u00e1val, illetve egy sokkal letisztultabb bels\u0151 diz\u00e1jnt, elrendez\u00e9st val\u00f3s\u00edt meg, hogy a fizet\u0151k\u00e9pes v\u00e1s\u00e1rl\u00f3i r\u00e9teget maga mellett tudhassa.\u201d \u2013 mondta Maczelka M\u00e1rk, a SPAR kommunik\u00e1ci\u00f3s vezet\u0151je. Hozz\u00e1tette: a nyugat-magyarorsz\u00e1gi r\u00e9gi\u00f3, azon bel\u00fcl is Zalaegerszeg \u00e9s vonz\u00e1sk\u00f6rzete jelent\u0151s v\u00e1s\u00e1rl\u00f3er\u0151vel rendelkezik, s a megyesz\u00e9khely INTERSPAR-ja m\u00e1r 17 \u00e9ve m\u0171k\u00f6dik a lakoss\u00e1g megel\u00e9ged\u00e9s\u00e9re. Kisebb fel\u00faj\u00edt\u00e1sokon k\u00edv\u00fcl az \u00e9p\u00fclet korszer\u0171s\u00edt\u00e9s\u00e9re eddig nem ker\u00fclt sor, azonban a SPAR Magyarorsz\u00e1g osztr\u00e1k tulajdonosai tavaly j\u00f3v\u00e1hagyt\u00e1k, hogy k\u00e9t \u00fctemben, \u00f6sszesen 1,049 milli\u00e1rd forintb\u00f3l moderniz\u00e1lj\u00e1k a hipermarketet.<\/p>\n<p>A munk\u00e1latok 2016 november\u00e9ben kezd\u0151dtek a megszokott nyitva tart\u00e1s mellett, majd janu\u00e1rt\u00f3l az \u00e1ruh\u00e1z bez\u00e1rt, s a kivitelez\u0151k vett\u00e9k \u00e1t a ter\u00fcletet. A nagyk\u00f6z\u00f6ns\u00e9g el\u0151tt \u00e1prilis 6-\u00e1n nyitja meg kapuit a meg\u00fajult zalaegerszegi INTERSPAR. A hipermarket 93 f\u0151nek biztos\u00edt munk\u00e1t, akik sz\u00e1m\u00e1ra nem csak meg\u00fajult munkak\u00f6rnyezetet, de stabil munkahelyet is jelent a beruh\u00e1z\u00e1s, hiszen a moderniz\u00e1lt \u00e1ruh\u00e1zzal a SPAR hossz\u00fa t\u00e1von sz\u00e1mol Magyarorsz\u00e1gon. A zalaegerszegi komplex projekt k\u00f6zponti eleme volt egy SPAR toGo \u00e9tterem kialak\u00edt\u00e1sa az INTERSPAR \u00e1ruh\u00e1zon bel\u00fcl, ahol frissen k\u00e9sz\u00fclt meleg \u00e9teleket, p\u00e9ld\u00e1ul pizz\u00e1kat, grill \u00e9teleket, frissen s\u00fclteket, illetve szendvicseket, sal\u00e1t\u00e1kat, \u00fcd\u00edt\u0151ket, \u00e9s k\u00e1v\u00e9t fognak k\u00edn\u00e1lni.<\/p><div id=\"gazda-98126158\" class=\"gazda-tartalomban gazda-entity-placement\"><script async src=\"https:\/\/pagead2.googlesyndication.com\/pagead\/js\/adsbygoogle.js\"><\/script>\r\n<ins class=\"adsbygoogle\"\r\n     style=\"display:block\"\r\n     data-ad-format=\"fluid\"\r\n     data-ad-layout-key=\"-6t+ed+2i-1n-4w\"\r\n     data-ad-client=\"ca-pub-1959107119989764\"\r\n     data-ad-slot=\"4008251320\"><\/ins>\r\n<script>\r\n     (adsbygoogle = window.adsbygoogle || []).push({});\r\n<\/script><\/div>\n<p>Az INTERSPAR \u00e1ruh\u00e1z 8773 n\u00e9gyzetm\u00e9teres alapter\u00fclete \u2013 benne a 4230 n\u00e9gyzetm\u00e9teres elad\u00f3t\u00e9rrel \u2013 nem v\u00e1ltozott, de elrendez\u00e9s\u00e9ben \u00e9s megjelen\u00e9s\u00e9ben teljesen \u00e1talakult. Elbontott\u00e1k az \u00fcvegvisszav\u00e1lt\u00f3t, kifestett\u00e9k \u00e9s \u00fajraburkolt\u00e1k a rakt\u00e1rat, a h\u00e1ts\u00f3 r\u00e9szre \u00faj h\u0171t\u0151kamr\u00e1kat telep\u00edtettek. A teljes elad\u00f3teret fel\u00faj\u00edtott\u00e1k: a polcokat \u00e9s k\u00edn\u00e1l\u00f3 pultokat egy skandin\u00e1v bels\u0151\u00e9p\u00edt\u00e9szeti koncepci\u00f3nak megfelel\u0151en \u00e1talak\u00edtott\u00e1k. A megval\u00f3sul\u00f3 fejleszt\u00e9ssel egy j\u00f6v\u0151be mutat\u00f3, az aktu\u00e1lis vev\u0151i ig\u00e9nyeket szem el\u0151tt tart\u00f3, innovat\u00edv k\u00f6rnyezetet alak\u00edtottak ki, ahol a v\u00e1s\u00e1rl\u00e1s val\u00f3di \u00e9lm\u00e9nyt ny\u00fajt valamennyi v\u00e1s\u00e1rl\u00f3nak.<\/p>\n<p>A h\u0171t\u0151-f\u0171t\u0151 berendez\u00e9seket energiatakar\u00e9kosra cser\u00e9lt\u00e9k, a g\u00e9p\u00e9szeti hullad\u00e9kh\u0151t a meleg v\u00edz el\u0151\u00e1ll\u00edt\u00e1s\u00e1ra ford\u00edtj\u00e1k. A hangos\u00edt\u00e1st, a t\u0171zjelz\u0151 rendszert, \u00e9s az energiah\u00e1l\u00f3zatot hat\u00e9konyabbak v\u00e1ltott\u00e1k. A vil\u00e1g\u00edt\u00e1st k\u00f6rnyezetbar\u00e1t LED-izz\u00f3kkal val\u00f3s\u00edtott\u00e1k meg. Valamennyi h\u0171t\u0151szekr\u00e9ny \u00e9s -b\u00fator m\u00e1r a takar\u00e9kosabb sz\u00e9ri\u00e1b\u00f3l sz\u00e1rmazik.<\/p>\n<p>A hagyom\u00e1nyos kassz\u00e1k mellett \u00faj kasszainform\u00e1ci\u00f3s rendszer seg\u00edti majd a t\u00e1j\u00e9koz\u00f3d\u00e1st, emellett el\u00e9rhet\u0151 lesz az ingyenes internet is a wi-fi h\u00e1l\u00f3zat ki\u00e9p\u00edt\u00e9s\u00e9nek k\u00f6sz\u00f6nhet\u0151en a SPAR toGo \u00e9tterem ter\u00fclet\u00e9n.<\/p>\n<p>A SPAR Magyarorsz\u00e1g \u00fczleth\u00e1l\u00f3zat\u00e1nak folyamatos b\u0151v\u00edt\u00e9s\u00e9re az idei \u00e9vben 23 milli\u00e1rd forintot ford\u00edt, \u00f6sszesen 24 \u00e1ruh\u00e1z \u00fajul meg \u00e9s 5 \u00faj \u00e1ruh\u00e1z nyitja majd meg kapuit.<\/p>\n<p>&nbsp;<\/p>\n","protected":false},"excerpt":{"rendered":"<p>SPAR toGo \u00e9ttermet nyitottak, korszer\u0171s\u00edtett\u00e9k a vil\u00e1g\u00edt\u00e1st \u00e9s a h\u0171t\u0151-f\u0171t\u0151 berendez\u00e9seket, \u00e1talak\u00edtott\u00e1k a bels\u0151 tereket, illetve a polcrendszert, hogy a fogyaszt\u00f3k sz\u00e1m\u00e1ra val\u00f3di \u00e9lm\u00e9ny legyen a v\u00e1s\u00e1rl\u00e1s. A teljes rekonstrukci\u00f3ra 1,049 milli\u00e1rd forintot ford\u00edtott a SPAR Magyarorsz\u00e1g.<\/p>\n","protected":false},"author":1,"featured_media":0,"comment_status":"closed","ping_status":"open","sticky":false,"template":"","format":"standard","meta":[],"categories":[19],"tags":[],"_links":{"self":[{"href":"https:\/\/gazdasagportal.hu\/index.php\/wp-json\/wp\/v2\/posts\/91889"}],"collection":[{"href":"https:\/\/gazdasagportal.hu\/index.php\/wp-json\/wp\/v2\/posts"}],"about":[{"href":"https:\/\/gazdasagportal.hu\/index.php\/wp-json\/wp\/v2\/types\/post"}],"author":[{"embeddable":true,"href":"https:\/\/gazdasagportal.hu\/index.php\/wp-json\/wp\/v2\/users\/1"}],"replies":[{"embeddable":true,"href":"https:\/\/gazdasagportal.hu\/index.php\/wp-json\/wp\/v2\/comments?post=91889"}],"version-history":[{"count":1,"href":"https:\/\/gazdasagportal.hu\/index.php\/wp-json\/wp\/v2\/posts\/91889\/revisions"}],"predecessor-version":[{"id":91890,"href":"https:\/\/gazdasagportal.hu\/index.php\/wp-json\/wp\/v2\/posts\/91889\/revisions\/91890"}],"wp:attachment":[{"href":"https:\/\/gazdasagportal.hu\/index.php\/wp-json\/wp\/v2\/media?parent=91889"}],"wp:term":[{"taxonomy":"category","embeddable":true,"href":"https:\/\/gazdasagportal.hu\/index.php\/wp-json\/wp\/v2\/categories?post=91889"},{"taxonomy":"post_tag","embeddable":true,"href":"https:\/\/gazdasagportal.hu\/index.php\/wp-json\/wp\/v2\/tags?post=91889"}],"curies":[{"name":"wp","href":"https:\/\/api.w.org\/{rel}","templated":true}]}}