{"id":91887,"date":"2017-04-06T12:48:17","date_gmt":"2017-04-06T10:48:17","guid":{"rendered":"http:\/\/gazdasagportal.hu\/?p=91887"},"modified":"2017-04-06T12:18:59","modified_gmt":"2017-04-06T10:18:59","slug":"nav-majus-22-e-utan-hivatalossa-valik-a-bevallasi-tervezet","status":"publish","type":"post","link":"https:\/\/gazdasagportal.hu\/index.php\/nav-majus-22-e-utan-hivatalossa-valik-a-bevallasi-tervezet\/","title":{"rendered":"NAV: m\u00e1jus 22-e ut\u00e1n hivataloss\u00e1 v\u00e1lik a bevall\u00e1si tervezet"},"content":{"rendered":"<p><strong>A Nemzeti Ad\u00f3- \u00e9s V\u00e1mhivatal (NAV) \u00e1ltal elk\u00e9sz\u00edtett ad\u00f3bevall\u00e1si tervezet m\u00e1jus 22-e ut\u00e1n automatikusan hivatalos bevall\u00e1snak min\u0151s\u00fcl, ha addig nem nyilatkozik m\u00e1sk\u00e9pp az ad\u00f3z\u00f3 &#8211; h\u00edvja fel a figyelmet a NAV cs\u00fct\u00f6rt\u00f6ki k\u00f6zlem\u00e9ny\u00e9ben.<\/strong><!--more--><\/p>\n<div class=\"ads-in-post1\"><div id=\"gazdasagportal.hu_fullbanner_wideboard\"><\/div>\r\n<\/div>\n<p>    &#8222;Aki egyet\u00e9rt a Nemzeti Ad\u00f3- \u00e9s V\u00e1mhivatal \u00e1ltal elk\u00e9sz\u00edtett ad\u00f3bevall\u00e1si tervezettel, annak nincs tov\u00e1bbi teend\u0151je&#8221; &#8211; fogalmaznak.<br \/>\n    Hangs\u00falyozz\u00e1k: l\u00e9nyeges, hogy mindenki n\u00e9zze \u00e1t a tervezetet, mert az ad\u00f3z\u00f3k felel\u0151ss\u00e9ge, hogy j\u00f6vedelm\u00fckr\u0151l prec\u00edz bevall\u00e1s k\u00e9sz\u00fclj\u00f6n, abb\u00f3l ne hi\u00e1nyozzon semmi.<br \/>\n    Az \u00fcgyf\u00e9lkapuval rendelkez\u0151k m\u00e1r m\u00e1rcius k\u00f6zep\u00e9t\u0151l el\u00e9rik a NAV \u00e1ltal k\u00e9sz\u00edtett szja-bevall\u00e1si tervezet\u00fcket. Azoknak is elkezdte m\u00e1r a post\u00e1z\u00e1st az ad\u00f3hivatal, akik m\u00e1rcius 16-ig k\u00e9rt\u00e9k tervezet\u00fck megk\u00fcld\u00e9s\u00e9t pap\u00edron. M\u00e1jus 2-ig mindenkinek meg\u00e9rkezik majd ez a dokumentum &#8211; \u00edrj\u00e1k.<br \/>\n    Aki k\u00e9zhez kapta a tervezet\u00e9t, fontos, hogy figyelmesen olvassa el a kapcsol\u00f3d\u00f3 t\u00e1j\u00e9koztat\u00f3 levelet, abban ugyanis minden tudnival\u00f3t megtal\u00e1l. A bevall\u00e1si tervezetet egyeztetni kell a munk\u00e1ltat\u00f3kt\u00f3l, kifizet\u0151kt\u0151l kapott igazol\u00e1sokkal. Ha nincs elt\u00e9r\u00e9s az adatokban, \u00e9s egy\u00e9b kieg\u00e9sz\u00edt\u00e9s, m\u00f3dos\u00edt\u00e1s sem sz\u00fcks\u00e9ges, akkor nincs tov\u00e1bbi teend\u0151. A dokumentumot teh\u00e1t nem kell visszak\u00fcldeni a NAV-nak \u00e9s nem kell az \u00fcgyf\u00e9lszolg\u00e1latokra sem bevinni, ugyanis az minden tov\u00e1bbi adminisztr\u00e1ci\u00f3 n\u00e9lk\u00fcl, automatikusan hivatalos ad\u00f3bevall\u00e1ss\u00e1 v\u00e1lik m\u00e1jus 22-e ut\u00e1n.<br \/>\n    Akik megkapt\u00e1k a tervezetet pap\u00edron \u00e9s nem \u00e9rtenek egyet az abban szerepl\u0151 adatokkal, azok m\u00e1jus 22-ig a 16SZJA nyomtatv\u00e1ny kit\u00f6lt\u00e9s\u00e9vel tudj\u00e1k bevall\u00e1si k\u00f6telezetts\u00e9g\u00fcket teljes\u00edteni. Aki id\u0151k\u00f6zben regisztr\u00e1lt az \u00fcgyf\u00e9lkapura, az \u00faj elektronikus fel\u00fcleten egyszer\u0171bben tudja m\u00f3dos\u00edtani, kieg\u00e9sz\u00edteni a bevall\u00e1si tervezet\u00e9t.<br \/>\n    Ha a NAV hi\u00e1nyol valamilyen adatot, err\u0151l is \u00e9rkezik \u00e9rtes\u00edt\u00e9s a post\u00e1n megk\u00fcld\u00f6tt tervezet mellett. Ez esetben, amennyiben nincs m\u00e1s elt\u00e9r\u00e9s az adatokban, csak a mell\u00e9kelt kieg\u00e9sz\u00edt\u0151 adatlapot kell kit\u00f6ltve visszak\u00fcldeni a NAV-nak.(MTI)<\/p>\n","protected":false},"excerpt":{"rendered":"<p>A Nemzeti Ad\u00f3- \u00e9s V\u00e1mhivatal (NAV) \u00e1ltal elk\u00e9sz\u00edtett ad\u00f3bevall\u00e1si tervezet m\u00e1jus 22-e ut\u00e1n automatikusan hivatalos bevall\u00e1snak min\u0151s\u00fcl, ha addig nem nyilatkozik m\u00e1sk\u00e9pp az ad\u00f3z\u00f3 &#8211; h\u00edvja fel a figyelmet a NAV cs\u00fct\u00f6rt\u00f6ki k\u00f6zlem\u00e9ny\u00e9ben.<\/p>\n","protected":false},"author":1,"featured_media":0,"comment_status":"closed","ping_status":"open","sticky":false,"template":"","format":"standard","meta":[],"categories":[20,19],"tags":[],"_links":{"self":[{"href":"https:\/\/gazdasagportal.hu\/index.php\/wp-json\/wp\/v2\/posts\/91887"}],"collection":[{"href":"https:\/\/gazdasagportal.hu\/index.php\/wp-json\/wp\/v2\/posts"}],"about":[{"href":"https:\/\/gazdasagportal.hu\/index.php\/wp-json\/wp\/v2\/types\/post"}],"author":[{"embeddable":true,"href":"https:\/\/gazdasagportal.hu\/index.php\/wp-json\/wp\/v2\/users\/1"}],"replies":[{"embeddable":true,"href":"https:\/\/gazdasagportal.hu\/index.php\/wp-json\/wp\/v2\/comments?post=91887"}],"version-history":[{"count":1,"href":"https:\/\/gazdasagportal.hu\/index.php\/wp-json\/wp\/v2\/posts\/91887\/revisions"}],"predecessor-version":[{"id":91888,"href":"https:\/\/gazdasagportal.hu\/index.php\/wp-json\/wp\/v2\/posts\/91887\/revisions\/91888"}],"wp:attachment":[{"href":"https:\/\/gazdasagportal.hu\/index.php\/wp-json\/wp\/v2\/media?parent=91887"}],"wp:term":[{"taxonomy":"category","embeddable":true,"href":"https:\/\/gazdasagportal.hu\/index.php\/wp-json\/wp\/v2\/categories?post=91887"},{"taxonomy":"post_tag","embeddable":true,"href":"https:\/\/gazdasagportal.hu\/index.php\/wp-json\/wp\/v2\/tags?post=91887"}],"curies":[{"name":"wp","href":"https:\/\/api.w.org\/{rel}","templated":true}]}}