{"id":91883,"date":"2017-04-06T11:17:10","date_gmt":"2017-04-06T09:17:10","guid":{"rendered":"http:\/\/gazdasagportal.hu\/?p=91883"},"modified":"2017-04-06T11:17:10","modified_gmt":"2017-04-06T09:17:10","slug":"gaztamadas-washington-szerint-itt-az-ideje-hogy-moszkva-cselekedjen","status":"publish","type":"post","link":"https:\/\/gazdasagportal.hu\/index.php\/gaztamadas-washington-szerint-itt-az-ideje-hogy-moszkva-cselekedjen\/","title":{"rendered":"G\u00e1zt\u00e1mad\u00e1s &#8211; Washington szerint itt az ideje, hogy Moszkva cselekedjen"},"content":{"rendered":"<p><strong>Oroszorsz\u00e1got \u00f6szt\u00f6k\u00e9lte cselekv\u00e9sre a sz\u00edriai g\u00e1zt\u00e1mad\u00e1s ut\u00e1n Mike Pence amerikai aleln\u00f6k \u00e9s Rex Tillerson k\u00fcl\u00fcgyminiszter.<\/strong><!--more--><\/p>\n<div class=\"ads-in-post1\"><div id=\"gazdasagportal.hu_fullbanner_wideboard\"><\/div>\r\n<\/div>\n<p>    Mike Pence aleln\u00f6k helyi id\u0151 szerint szerd\u00e1n a Fox h\u00edrtelev\u00edzi\u00f3nak adott interj\u00faban felh\u00edvta a figyelmet, hogy Moszkv\u00e1nak is vannak k\u00f6telezetts\u00e9gei a sz\u00edriai vegyi fegyverek megsemmis\u00edt\u00e9s\u00e9r\u0151l sz\u00f3l\u00f3 egyezm\u00e9ny betartat\u00e1s\u00e1ban.<br \/>\n    Sz\u00edria 2013-ban az ENSZ Biztons\u00e1gi Tan\u00e1csa hat\u00e1rozat\u00e1nak k\u00f6vetel\u00e9s\u00e9re csatlakozott a vegyi fegyverek tilalm\u00e1r\u00f3l sz\u00f3l\u00f3 nemzetk\u00f6zi egyezm\u00e9nyhez, \u00e9s 2014-ig meg kellett semmis\u00edtenie vegyi fegyvereinek teljes k\u00e9szlet\u00e9t. 2013 \u0151sz\u00e9n Barack Obama amerikai \u00e9s Vlagyimir Putyin orosz eln\u00f6k meg\u00e1llapodott a sz\u00edriai vegyi fegyverek megsemmis\u00edt\u00e9s\u00e9nek nemzetk\u00f6zi ellen\u0151rz\u00e9s\u00e9ben is. Elemz\u0151k szerint Mike Pence aleln\u00f6k most r\u00e9szben erre a meg\u00e1llapod\u00e1sra utalt, r\u00e9szben pedig arra, hogy Moszkva t\u00e1mogatja a damaszkuszi rendszert.<br \/>\n    Pence a Sz\u00edri\u00e1nak a g\u00e1zt\u00e1mad\u00e1sra adand\u00f3 v\u00e1laszr\u00f3l \u00edgy fogalmazott: &#8222;minden megold\u00e1s az asztalon van&#8221;.<br \/>\n    Kor\u00e1bban a nap folyam\u00e1n Donald Trump eln\u00f6k II. Abdall\u00e1h jord\u00e1niai uralkod\u00f3val tartott sajt\u00f3\u00e9rtekezlet\u00e9n azt hangoztatta, hogy az idl\u00edbi g\u00e1zt\u00e1mad\u00e1s ut\u00e1n megv\u00e1ltozott Washington hozz\u00e1\u00e1ll\u00e1sa Bass\u00e1r el-Aszad sz\u00edriai eln\u00f6k rezsimj\u00e9hez, \u00e1m azt nem k\u00f6z\u00f6lte, hogy ebb\u0151l mi k\u00f6vetkezik majd, illetve Washington milyen l\u00e9p\u00e9seket tervez Sz\u00edri\u00e1val kapcsolatban.<br \/>\n    A k\u00fcl\u00fcgyminiszt\u00e9riumban \u00fajs\u00e1g\u00edr\u00f3kkal besz\u00e9lgetve Rex Tillerson k\u00fcl\u00fcgyminiszter szint\u00e9n Oroszorsz\u00e1g felel\u0151ss\u00e9g\u00e9re h\u00edvta fel a figyelmet. Az amerikai diplom\u00e1cia ir\u00e1ny\u00edt\u00f3ja azt mondta, az idl\u00edbi g\u00e1zt\u00e1mad\u00e1s ut\u00e1n elj\u00f6tt az id\u0151, hogy Moszkva &#8222;alaposan elgondolkodjon&#8221; a sz\u00edriai rendszernek ny\u00fajtott t\u00e1mogat\u00e1s\u00e1n. Tillerson lesz\u00f6gezte: cseppnyi k\u00e9ts\u00e9ge sincs afel\u0151l, hogy a g\u00e1zt\u00e1mad\u00e1s\u00e9rt Aszad eln\u00f6k korm\u00e1nyzata a felel\u0151s.<br \/>\n    Tillerson a j\u00f6v\u0151 h\u00e9ten Moszkv\u00e1ban t\u00e1rgyal, ahol elemz\u0151k szerint szinte bizonyosan a sz\u00edriai helyzetet is megvitatja majd.<br \/>\n    Kedden a nyugat-sz\u00edriai Idl\u00edb tartom\u00e1nyban harci g\u00e9pek feltehet\u0151en m\u00e9rgesg\u00e1z-t\u00e1mad\u00e1st hajtottak v\u00e9gre Han Sejh\u00fan telep\u00fcl\u00e9s ellen, a t\u00e1mad\u00e1sban 72 ember meghalt. A nyugati orsz\u00e1gok Damaszkuszt v\u00e1dolj\u00e1k vegyifegyver-t\u00e1mad\u00e1ssal, m\u00edg Moszkva szerint a sz\u00edriai korm\u00e1nyhadsereg egy fegyverrakt\u00e1rat tal\u00e1lt el, ahol a l\u00e1zad\u00f3k vegyi fegyvereket t\u00e1roltak.(MTI)<\/p>\n","protected":false},"excerpt":{"rendered":"<p>Oroszorsz\u00e1got \u00f6szt\u00f6k\u00e9lte cselekv\u00e9sre a sz\u00edriai g\u00e1zt\u00e1mad\u00e1s ut\u00e1n Mike Pence amerikai aleln\u00f6k \u00e9s Rex Tillerson k\u00fcl\u00fcgyminiszter.<\/p>\n","protected":false},"author":1,"featured_media":0,"comment_status":"closed","ping_status":"open","sticky":false,"template":"","format":"standard","meta":[],"categories":[13,12,16],"tags":[],"_links":{"self":[{"href":"https:\/\/gazdasagportal.hu\/index.php\/wp-json\/wp\/v2\/posts\/91883"}],"collection":[{"href":"https:\/\/gazdasagportal.hu\/index.php\/wp-json\/wp\/v2\/posts"}],"about":[{"href":"https:\/\/gazdasagportal.hu\/index.php\/wp-json\/wp\/v2\/types\/post"}],"author":[{"embeddable":true,"href":"https:\/\/gazdasagportal.hu\/index.php\/wp-json\/wp\/v2\/users\/1"}],"replies":[{"embeddable":true,"href":"https:\/\/gazdasagportal.hu\/index.php\/wp-json\/wp\/v2\/comments?post=91883"}],"version-history":[{"count":1,"href":"https:\/\/gazdasagportal.hu\/index.php\/wp-json\/wp\/v2\/posts\/91883\/revisions"}],"predecessor-version":[{"id":91884,"href":"https:\/\/gazdasagportal.hu\/index.php\/wp-json\/wp\/v2\/posts\/91883\/revisions\/91884"}],"wp:attachment":[{"href":"https:\/\/gazdasagportal.hu\/index.php\/wp-json\/wp\/v2\/media?parent=91883"}],"wp:term":[{"taxonomy":"category","embeddable":true,"href":"https:\/\/gazdasagportal.hu\/index.php\/wp-json\/wp\/v2\/categories?post=91883"},{"taxonomy":"post_tag","embeddable":true,"href":"https:\/\/gazdasagportal.hu\/index.php\/wp-json\/wp\/v2\/tags?post=91883"}],"curies":[{"name":"wp","href":"https:\/\/api.w.org\/{rel}","templated":true}]}}