{"id":91480,"date":"2017-03-27T10:47:40","date_gmt":"2017-03-27T08:47:40","guid":{"rendered":"http:\/\/gazdasagportal.hu\/?p=91480"},"modified":"2017-03-27T10:47:40","modified_gmt":"2017-03-27T08:47:40","slug":"tovabb-emelkedett-az-ifo-nemetorszagi-uzleti-hangulatindexe","status":"publish","type":"post","link":"https:\/\/gazdasagportal.hu\/index.php\/tovabb-emelkedett-az-ifo-nemetorszagi-uzleti-hangulatindexe\/","title":{"rendered":"Tov\u00e1bb emelkedett az ifo n\u00e9metorsz\u00e1gi \u00fczleti hangulatindexe"},"content":{"rendered":"<p><strong>K\u00f6zel hat\u00e9ves cs\u00facsra emelkedett az ifo gazdas\u00e1gkutat\u00f3 int\u00e9zet n\u00e9metorsz\u00e1gi \u00fczleti hangulatindexe m\u00e1rciusban, \u00fajabb jelek\u00e9nt annak, hogy az eur\u00f3\u00f6vezet legnagyobb gazdas\u00e1ga lend\u00fcletbe j\u00f6tt.<\/strong><!--more--><\/p>\n<div class=\"ads-in-post1\"><div id=\"gazdasagportal.hu_fullbanner_wideboard\"><\/div>\r\n<\/div>\n<p>    Az int\u00e9zet h\u00e9tf\u0151n kiadott jelent\u00e9se szerint az \u00fczleti hangulatindex 112,3 pontra &#8211; 2011 j\u00faniusa \u00f3ta a legmagasabb szintre &#8211; n\u00f6vekedett a febru\u00e1ri, a fel\u00fclvizsg\u00e1lat ut\u00e1n 0,1 ponttal, 111,0 pontr\u00f3l 111,1 pontra m\u00f3dos\u00edtott \u00e9rt\u00e9kr\u0151l. Elemz\u0151k 111,0 pontra sz\u00e1m\u00edtottak.<br \/>\n    Az index aktu\u00e1lis gazdas\u00e1gi k\u00f6rnyezetet sz\u00e1mszer\u0171s\u00edt\u0151 almutat\u00f3ja 119,3 pontra emelkedett a febru\u00e1ri 118,4 pontr\u00f3l. Elemz\u0151k enyh\u00e9bb cs\u00f6kken\u00e9st, 117,9 pontot v\u00e1rtak.<br \/>\n    A j\u00f6v\u0151beni v\u00e1rakoz\u00e1sokat m\u00e9r\u0151 almutat\u00f3 is emelkedett, a febru\u00e1ri 104,2 pontr\u00f3l 105,7 pontra, m\u00edg elemz\u0151k visszaes\u00e9s\u00e9re, 104,0 pontra sz\u00e1m\u00edtottak.<br \/>\n    Az eur\u00f3 doll\u00e1rhoz viszony\u00edtott \u00e1rfolyama gyakorlatilag meg sem mozdult a v\u00e1rtn\u00e1l jobb adatokra, az adatok k\u00f6zz\u00e9t\u00e9tele el\u0151tt \u00e9s ut\u00e1n is az 1,0868-1,0870 doll\u00e1r k\u00f6z\u00f6tti szinten mozgott.<br \/>\n    Az eur\u00f3 h\u00e9tf\u0151n t\u00f6bb mint 0,60 sz\u00e1zal\u00e9kkal er\u0151s\u00f6d\u00f6tt napi szinten, ami j\u00f3r\u00e9szt annak k\u00f6sz\u00f6nhet\u0151, hogy az Angela Merkel kancell\u00e1r vezette Kereszt\u00e9nydemokrata Uni\u00f3 (CDU) nyerte meg a n\u00e9metorsz\u00e1gi Saar-vid\u00e9ken vas\u00e1rnap rendezett tartom\u00e1nyi t\u00f6rv\u00e9nyhoz\u00e1si v\u00e1laszt\u00e1st.<br \/>\n    A m\u00fcncheni egyetem ifo gazdas\u00e1gkutat\u00f3 int\u00e9zete (ifo Institut &#8211; Leibniz-Institut f\u00fcr Wirtschaftsforschung an der Universit\u00e4t M\u00fcnchen e. V.) havi rendszeress\u00e9ggel \u00e1ll\u00edtja \u00f6ssze mintegy h\u00e9tezer gazdas\u00e1gi szerepl\u0151 bevon\u00e1s\u00e1val \u00fczleti hangulatindex\u00e9t.<br \/>\n    A mannheimi ZEW (Zentrum f\u00fcr Europ\u00e4ische Wirtschaftsforschung) gazdas\u00e1gkutat\u00f3 int\u00e9zet m\u00e1rcius k\u00f6zep\u00e9n hozta nyilv\u00e1noss\u00e1gra \u00fczleti hangulatindex\u00e9t, amely arr\u00f3l tan\u00faskodott, hogy N\u00e9metorsz\u00e1gban enyh\u00e9n, az eur\u00f3\u00f6vezetben pedig jelent\u0151sen javult az \u00fczleti hangulat m\u00e1rciusban. A n\u00e9met gazdas\u00e1gi hangulatindex \u00e9rt\u00e9ke 2,4 ponttal, 12,8 pontra, az aktu\u00e1lis gazdas\u00e1gi helyzet meg\u00edt\u00e9l\u00e9s\u00e9t sz\u00e1mszer\u0171s\u00edt\u0151 mutat\u00f3 pedig 0,9 ponttal, 77,3 pontra n\u0151tt.<br \/>\n    A k\u00e9t felm\u00e9r\u00e9s k\u00f6z\u00f6tti k\u00fcl\u00f6nbs\u00e9g az, hogy az ifo a n\u00e9metorsz\u00e1gi v\u00e1llalkoz\u00e1sok k\u00f6r\u00e9ben gy\u0171jt adatokat, a ZEW p\u00e9nz\u00fcgyi elemz\u0151ket k\u00e9rdez.(MTI)<\/p>\n","protected":false},"excerpt":{"rendered":"<p>K\u00f6zel hat\u00e9ves cs\u00facsra emelkedett az ifo gazdas\u00e1gkutat\u00f3 int\u00e9zet n\u00e9metorsz\u00e1gi \u00fczleti hangulatindexe m\u00e1rciusban, \u00fajabb jelek\u00e9nt annak, hogy az eur\u00f3\u00f6vezet legnagyobb gazdas\u00e1ga lend\u00fcletbe j\u00f6tt.<\/p>\n","protected":false},"author":1,"featured_media":0,"comment_status":"closed","ping_status":"open","sticky":false,"template":"","format":"standard","meta":[],"categories":[246],"tags":[],"_links":{"self":[{"href":"https:\/\/gazdasagportal.hu\/index.php\/wp-json\/wp\/v2\/posts\/91480"}],"collection":[{"href":"https:\/\/gazdasagportal.hu\/index.php\/wp-json\/wp\/v2\/posts"}],"about":[{"href":"https:\/\/gazdasagportal.hu\/index.php\/wp-json\/wp\/v2\/types\/post"}],"author":[{"embeddable":true,"href":"https:\/\/gazdasagportal.hu\/index.php\/wp-json\/wp\/v2\/users\/1"}],"replies":[{"embeddable":true,"href":"https:\/\/gazdasagportal.hu\/index.php\/wp-json\/wp\/v2\/comments?post=91480"}],"version-history":[{"count":1,"href":"https:\/\/gazdasagportal.hu\/index.php\/wp-json\/wp\/v2\/posts\/91480\/revisions"}],"predecessor-version":[{"id":91481,"href":"https:\/\/gazdasagportal.hu\/index.php\/wp-json\/wp\/v2\/posts\/91480\/revisions\/91481"}],"wp:attachment":[{"href":"https:\/\/gazdasagportal.hu\/index.php\/wp-json\/wp\/v2\/media?parent=91480"}],"wp:term":[{"taxonomy":"category","embeddable":true,"href":"https:\/\/gazdasagportal.hu\/index.php\/wp-json\/wp\/v2\/categories?post=91480"},{"taxonomy":"post_tag","embeddable":true,"href":"https:\/\/gazdasagportal.hu\/index.php\/wp-json\/wp\/v2\/tags?post=91480"}],"curies":[{"name":"wp","href":"https:\/\/api.w.org\/{rel}","templated":true}]}}