{"id":90765,"date":"2017-03-06T06:58:52","date_gmt":"2017-03-06T05:58:52","guid":{"rendered":"http:\/\/gazdasagportal.hu\/?p=90765"},"modified":"2017-03-06T06:58:52","modified_gmt":"2017-03-06T05:58:52","slug":"gki-az-iden-3-szazalek-koruli-lehet-a-gazdasagi-novekedes","status":"publish","type":"post","link":"https:\/\/gazdasagportal.hu\/index.php\/gki-az-iden-3-szazalek-koruli-lehet-a-gazdasagi-novekedes\/","title":{"rendered":"GKI: az id\u00e9n 3 sz\u00e1zal\u00e9k k\u00f6r\u00fcli lehet a gazdas\u00e1gi n\u00f6veked\u00e9s"},"content":{"rendered":"<p><strong>Az id\u00e9n 3 sz\u00e1zal\u00e9kos, vagy kiss\u00e9 magasabb lehet a magyar GDP n\u00f6veked\u00e9se &#8211; k\u00f6z\u00f6lte a GKI Gazdas\u00e1gkutat\u00f3 Zrt. legfrissebb progn\u00f3zis\u00e1ban.<\/strong><!--more--><\/p>\n<div class=\"ads-in-post1\"><div id=\"gazdasagportal.hu_fullbanner_wideboard\"><\/div>\r\n<\/div>\n<p>    Az MTI-hez eljuttatott k\u00f6zlem\u00e9nyben kiemelik: f\u0151k\u00e9nt az EU-t\u00e1mogat\u00e1sok \u00fajraindul\u00e1sa k\u00f6vetkezt\u00e9ben a tavalyi, 20 sz\u00e1zal\u00e9kos beruh\u00e1z\u00e1si zuhan\u00e1st 2017-ben \u00e9rdemi, k\u00f6r\u00fclbel\u00fcl 8 sz\u00e1zal\u00e9kos n\u00f6veked\u00e9s v\u00e1ltja fel, mik\u00f6zben a m\u00e1r a m\u00falt \u00e9vben is lend\u00fcletesen n\u00f6vekv\u0151 fogyaszt\u00e1s kiss\u00e9 tov\u00e1bb gyorsulhat. Az import b\u0151v\u00fcl\u00e9se azonban gyorsabb lesz az export\u00e9n\u00e1l, \u00e9s a cserear\u00e1nyok kedvez\u0151 esetben is csak stagn\u00e1lnak. \u00c9l\u00e9nk\u00fcl az infl\u00e1ci\u00f3, a bels\u0151 \u00e9s k\u00fcls\u0151 egyens\u00faly n\u00e9mileg romlik, de tov\u00e1bbra is igen kedvez\u0151 marad &#8211; k\u00f6z\u00f6lt\u00e9k.<br \/>\n    Az elemz\u00e9s szerint a magyar gazdas\u00e1g tavaly a 4. negyed\u00e9vben, az EU \u00e1tlag\u00e1t\u00f3l j\u00f3val elmaradva, a r\u00e9gi\u00f3ban a legkisebb \u00fctemben b\u0151v\u00fclt. Az \u00e9v eg\u00e9sz\u00e9ben a b\u0151v\u00fcl\u00e9s \u00fcteme azonos volt az EU \u00e1tlag\u00e1val, a r\u00e9gi\u00f3ban azonban csak k\u00e9t balti orsz\u00e1g\u00e9t m\u00falta fel\u00fcl. Rom\u00e1nia k\u00f6zel 3, Bulg\u00e1ria k\u00f6zel 2 sz\u00e1zal\u00e9kponttal n\u00f6vekedett gyorsabban, de a lengyel \u00e9s szlov\u00e1k dinamika is t\u00f6bb mint 1, a cseh pedig 0,5 sz\u00e1zal\u00e9kponttal magasabb volt a magyarn\u00e1l.<br \/>\n    Mivel a magyar gazdas\u00e1g n\u00f6veked\u00e9se rendk\u00edv\u00fcl nagym\u00e9rt\u00e9kben f\u00fcgg az EU t\u00e1mogat\u00e1sait\u00f3l, id\u00e9n ezek \u00fajraindul\u00e1sa hat\u00e1s\u00e1ra az EU \u00e1tlag\u00e1n\u00e1l gyorsabb, a r\u00e9gi\u00f3 m\u00e1s orsz\u00e1gaihoz hasonl\u00f3 b\u0151v\u00fcl\u00e9si \u00fctem v\u00e1rhat\u00f3 a GKI szerint. Mik\u00f6zben az idei gazdas\u00e1gi adatok kedvez\u0151ek lesznek, nem l\u00e1tszanak a jelei az EU-t\u00e1mogat\u00e1sok 2020 ut\u00e1ni kifut\u00e1s\u00e1t k\u00f6vet\u0151 id\u0151szakra val\u00f3 felk\u00e9sz\u00fcl\u00e9snek &#8211; \u00edrt\u00e1k.<br \/>\n    A p\u00e9nzpiacok j\u00f3l fogadt\u00e1k az amerikai \u00e9l\u00e9nk\u00edt\u00e9si terveket, ugyanakkor a protekcionista \u00edg\u00e9retek megval\u00f3s\u00edt\u00e1sa megakad\u00e1lyozhatja a vil\u00e1gkereskedelem kor\u00e1bban v\u00e1rt gyorsul\u00f3 b\u0151v\u00fcl\u00e9s\u00e9t. Az EU-ban mindink\u00e1bb napirendre ker\u00fcl a t\u00f6bbsebess\u00e9ges megold\u00e1sok keres\u00e9se. A magyar korm\u00e1ny a nemzet\u00e1llam els\u0151dlegess\u00e9g\u00e9t, az integr\u00e1ci\u00f3 \u00e1rnyoldalait hangs\u00falyozza. Az exportorient\u00e1lt magyar gazdas\u00e1g sz\u00e1m\u00e1ra azonban a bez\u00e1rk\u00f3z\u00e1s, az EU bels\u0151, d\u00f6nt\u00e9shoz\u00f3 magj\u00e1b\u00f3l val\u00f3 kiszorul\u00e1s &#8211; a nemzeti mozg\u00e1st\u00e9r l\u00e1tsz\u00f3lagos sz\u00e9lesed\u00e9se ellen\u00e9re &#8211; hosszabb t\u00e1von kedvez\u0151tlen &#8211; k\u00f6z\u00f6lt\u00e9k.<br \/>\n    Az el\u0151rejelz\u00e9s szerint id\u00e9n az agr\u00e1rium kiv\u00e9tel\u00e9vel minden l\u00e9nyeges \u00e1gazatban a n\u00f6veked\u00e9si \u00fctem gyorsul\u00e1sa v\u00e1rhat\u00f3. A re\u00e1lkeresetek tavalyihoz hasonl\u00f3, 7 sz\u00e1zal\u00e9k k\u00f6r\u00fcli n\u00f6veked\u00e9se mellett a fogyaszt\u00e1s dinamik\u00e1ja is kiss\u00e9, 5 sz\u00e1zal\u00e9k k\u00f6r\u00fclire gyorsulhat. A beruh\u00e1z\u00e1sok tavaly a v\u00e1llalati szektorban is k\u00f6zel 10 sz\u00e1zal\u00e9kkal estek, a k\u00f6lts\u00e9gvet\u00e9si szektorban viszont iszonyatos m\u00e9rt\u00e9kben, t\u00f6bb mint 60 sz\u00e1zal\u00e9kkal zuhantak &#8211; \u00e1ll a k\u00f6zlem\u00e9nyben. 2017-ben mindk\u00e9t ter\u00fcleten n\u00f6veked\u00e9s v\u00e1rhat\u00f3.<br \/>\n    Az infl\u00e1ci\u00f3 janu\u00e1rban az EU-hoz hasonl\u00f3an, de ann\u00e1l er\u0151teljesebben, 2,3 sz\u00e1zal\u00e9kkal emelkedett Magyarorsz\u00e1gon, f\u0151leg az energiahordoz\u00f3k vil\u00e1gpiaci \u00e1remelked\u00e9se miatt. A GKI szerint nagy k\u00e9rd\u00e9s, hogy a hazai v\u00e1s\u00e1rl\u00f3er\u0151 gyors n\u00f6veked\u00e9se milyen m\u00e9rt\u00e9kben lesz infl\u00e1ci\u00f3s hat\u00e1s\u00fa. Mivel az MNB a gyenge forintban \u00e9rdekelt, s az amerikai jegybank szerep\u00e9t bet\u00f6lt\u0151 Fed kamatemel\u00e9sei gyeng\u00edthetik a kock\u00e1zatosabb orsz\u00e1gok deviz\u00e1j\u00e1t, az \u00e9v sor\u00e1n a forint n\u00e9mi gyeng\u00fcl\u00e9se, a tavalyi 311,5 forint ut\u00e1n 315 forint k\u00f6r\u00fcli eur\u00f3-\u00e1rfolyam v\u00e1rhat\u00f3. A k\u00fclkereskedelem nagyon magas akt\u00edvuma id\u00e9n cs\u00f6kken, de ezt a kies\u00e9st a be\u00e9rkez\u0151 transzferek (EU-t\u00e1mogat\u00e1sok \u00e9s k\u00fclf\u00f6ld\u00f6n dolgoz\u00f3kt\u00f3l \u00e9rkez\u0151 hazautal\u00e1sok) ellens\u00falyozz\u00e1k, \u00edgy a foly\u00f3 fizet\u00e9si \u00e9s t\u0151kem\u00e9rleg t\u00f6bblete v\u00e1ltozatlanul magas lesz. Az \u00e1llami k\u00f6ltekez\u00e9s er\u0151s\u00f6dik, de az \u00e1llamh\u00e1ztart\u00e1s hi\u00e1nya 2017-ben is 3 sz\u00e1zal\u00e9k alatt marad, mik\u00f6zben az \u00e1llamad\u00f3ss\u00e1g 1 sz\u00e1zal\u00e9kpont k\u00f6zeli cs\u00f6kken\u00e9se megfelel az EU ig\u00e9nyeinek &#8211; \u00e1ll az elemz\u00e9sben.(MTI)<\/p>\n","protected":false},"excerpt":{"rendered":"<p>Az id\u00e9n 3 sz\u00e1zal\u00e9kos, vagy kiss\u00e9 magasabb lehet a magyar GDP n\u00f6veked\u00e9se &#8211; k\u00f6z\u00f6lte a GKI Gazdas\u00e1gkutat\u00f3 Zrt. legfrissebb progn\u00f3zis\u00e1ban.<\/p>\n","protected":false},"author":1,"featured_media":0,"comment_status":"open","ping_status":"closed","sticky":false,"template":"","format":"standard","meta":[],"categories":[19],"tags":[],"_links":{"self":[{"href":"https:\/\/gazdasagportal.hu\/index.php\/wp-json\/wp\/v2\/posts\/90765"}],"collection":[{"href":"https:\/\/gazdasagportal.hu\/index.php\/wp-json\/wp\/v2\/posts"}],"about":[{"href":"https:\/\/gazdasagportal.hu\/index.php\/wp-json\/wp\/v2\/types\/post"}],"author":[{"embeddable":true,"href":"https:\/\/gazdasagportal.hu\/index.php\/wp-json\/wp\/v2\/users\/1"}],"replies":[{"embeddable":true,"href":"https:\/\/gazdasagportal.hu\/index.php\/wp-json\/wp\/v2\/comments?post=90765"}],"version-history":[{"count":1,"href":"https:\/\/gazdasagportal.hu\/index.php\/wp-json\/wp\/v2\/posts\/90765\/revisions"}],"predecessor-version":[{"id":90766,"href":"https:\/\/gazdasagportal.hu\/index.php\/wp-json\/wp\/v2\/posts\/90765\/revisions\/90766"}],"wp:attachment":[{"href":"https:\/\/gazdasagportal.hu\/index.php\/wp-json\/wp\/v2\/media?parent=90765"}],"wp:term":[{"taxonomy":"category","embeddable":true,"href":"https:\/\/gazdasagportal.hu\/index.php\/wp-json\/wp\/v2\/categories?post=90765"},{"taxonomy":"post_tag","embeddable":true,"href":"https:\/\/gazdasagportal.hu\/index.php\/wp-json\/wp\/v2\/tags?post=90765"}],"curies":[{"name":"wp","href":"https:\/\/api.w.org\/{rel}","templated":true}]}}