{"id":90759,"date":"2017-03-05T14:17:04","date_gmt":"2017-03-05T13:17:04","guid":{"rendered":"http:\/\/gazdasagportal.hu\/?p=90759"},"modified":"2017-03-05T14:17:04","modified_gmt":"2017-03-05T13:17:04","slug":"az-amerikai-vezetes-nem-erdekelt-europa-egysegeben","status":"publish","type":"post","link":"https:\/\/gazdasagportal.hu\/index.php\/az-amerikai-vezetes-nem-erdekelt-europa-egysegeben\/","title":{"rendered":"Az amerikai vezet\u00e9s nem \u00e9rdekelt Eur\u00f3pa egys\u00e9g\u00e9ben"},"content":{"rendered":"<p><strong>Kiszelly Zolt\u00e1n politol\u00f3gus szerint az Egyes\u00fclt \u00c1llamok vezet\u00e9se nem \u00e9rdekelt Eur\u00f3pa \u00e9s az Eur\u00f3pai Uni\u00f3 egys\u00e9g\u00e9ben.<\/strong><!--more--><\/p>\n<div class=\"ads-in-post1\"><div id=\"gazdasagportal.hu_fullbanner_wideboard\"><\/div>\r\n<\/div>\n    A politol\u00f3gus szerint ez\u00e9rt is lesz fontos az \u00faj amerikai eln\u00f6k, Donald Trump \u00e9s Angela Merkel n\u00e9met kancell\u00e1r m\u00e1rcius 14-i washingtoni tal\u00e1lkoz\u00f3ja. Ugyanis &#8211; fejtette ki az M1-en vas\u00e1rnap &#8211; N\u00e9metorsz\u00e1g az Eur\u00f3pai Uni\u00f3 egys\u00e9g\u00e9ben \u00e9rdekelt, mert \u00edgy jobban tud versenyezni a vil\u00e1gpiacon, k\u00f6zt\u00fck az Egyes\u00fclt \u00c1llamokkal is. Az Egyes\u00fclt \u00c1llamok vezet\u00e9s\u00e9nek nem \u00e9rdeke egy egys\u00e9ges EU, ink\u00e1bb k\u00fcl\u00f6n-k\u00fcl\u00f6n k\u00f6tn\u00e9nek alkukat az egyes orsz\u00e1gokkal &#8211; magyar\u00e1zta a politol\u00f3gus.<br \/>\n    Kiszelly Zolt\u00e1n szerint alapvet\u0151 v\u00e1ltoz\u00e1s k\u00f6vetkezett be a transzatlanti kapcsolatban. Donald Trump megv\u00e1laszt\u00e1s\u00e1val a politikai t\u0151k\u00e9soszt\u00e1ly egy olyan csoportja ker\u00fclt hatalomra, amely m\u00e1sk\u00e9pp gondolkodik &#8211; fejtette ki. Szerinte az Egyes\u00fclt \u00c1llamok \u00e9s K\u00edna, valamint az Egyes\u00fclt \u00c1llamok \u00e9s az Eur\u00f3pai Uni\u00f3 k\u00f6z\u00f6tti valuta- \u00e9s kereskedelmi h\u00e1bor\u00fanak val\u00f3s vesz\u00e9lye van.(MTI)<\/p>\n","protected":false},"excerpt":{"rendered":"<p>Kiszelly Zolt\u00e1n politol\u00f3gus szerint az Egyes\u00fclt \u00c1llamok vezet\u00e9se nem \u00e9rdekelt Eur\u00f3pa \u00e9s az Eur\u00f3pai Uni\u00f3 egys\u00e9g\u00e9ben.<\/p>\n","protected":false},"author":1,"featured_media":0,"comment_status":"open","ping_status":"closed","sticky":false,"template":"","format":"standard","meta":[],"categories":[4],"tags":[],"_links":{"self":[{"href":"https:\/\/gazdasagportal.hu\/index.php\/wp-json\/wp\/v2\/posts\/90759"}],"collection":[{"href":"https:\/\/gazdasagportal.hu\/index.php\/wp-json\/wp\/v2\/posts"}],"about":[{"href":"https:\/\/gazdasagportal.hu\/index.php\/wp-json\/wp\/v2\/types\/post"}],"author":[{"embeddable":true,"href":"https:\/\/gazdasagportal.hu\/index.php\/wp-json\/wp\/v2\/users\/1"}],"replies":[{"embeddable":true,"href":"https:\/\/gazdasagportal.hu\/index.php\/wp-json\/wp\/v2\/comments?post=90759"}],"version-history":[{"count":1,"href":"https:\/\/gazdasagportal.hu\/index.php\/wp-json\/wp\/v2\/posts\/90759\/revisions"}],"predecessor-version":[{"id":90760,"href":"https:\/\/gazdasagportal.hu\/index.php\/wp-json\/wp\/v2\/posts\/90759\/revisions\/90760"}],"wp:attachment":[{"href":"https:\/\/gazdasagportal.hu\/index.php\/wp-json\/wp\/v2\/media?parent=90759"}],"wp:term":[{"taxonomy":"category","embeddable":true,"href":"https:\/\/gazdasagportal.hu\/index.php\/wp-json\/wp\/v2\/categories?post=90759"},{"taxonomy":"post_tag","embeddable":true,"href":"https:\/\/gazdasagportal.hu\/index.php\/wp-json\/wp\/v2\/tags?post=90759"}],"curies":[{"name":"wp","href":"https:\/\/api.w.org\/{rel}","templated":true}]}}