{"id":90719,"date":"2017-03-03T14:37:16","date_gmt":"2017-03-03T13:37:16","guid":{"rendered":"http:\/\/gazdasagportal.hu\/?p=90719"},"modified":"2017-03-03T14:37:16","modified_gmt":"2017-03-03T13:37:16","slug":"novekvo-arbevetel-es-stagnalo-nyereseg-tavaly-a-concorde-ertekpapirnal","status":"publish","type":"post","link":"https:\/\/gazdasagportal.hu\/index.php\/novekvo-arbevetel-es-stagnalo-nyereseg-tavaly-a-concorde-ertekpapirnal\/","title":{"rendered":"N\u00f6vekv\u0151 \u00e1rbev\u00e9tel \u00e9s stagn\u00e1l\u00f3 nyeres\u00e9g tavaly a Concorde \u00c9rt\u00e9kpap\u00edrn\u00e1l"},"content":{"rendered":"<p><strong>A c\u00e9g \u00fczleti eredm\u00e9nye tervszer\u0171en alakult a tavalyi \u00e9vben. Jaksity Gy\u00f6rgy eln\u00f6k elmond\u00e1sa szerint a v\u00e1llalatcsoport \u00e1rbev\u00e9teli oldala fejl\u0151d\u00f6tt \u00e9s \u00faj \u00fczleti szegmenseket fejlesztettek, mik\u00f6zben az &#8222;\u00e9p\u00edtkez\u00e9s&#8221; sok k\u00f6lts\u00e9ggel j\u00e1rt, a k\u00fcls\u0151 terhek n\u0151ttek, \u00edgy a nyeres\u00e9g stagn\u00e1lt.<\/strong><!--more--><\/p>\n<div class=\"ads-in-post1\"><div id=\"gazdasagportal.hu_fullbanner_wideboard\"><\/div>\r\n<\/div>\n<p><strong>Jaksity Gy\u00f6rgy, a Concorde \u00c9rt\u00e9kpap\u00edr Zrt. eln\u00f6ke:<\/strong><br \/>\n&#8222;Egy\u00e9rtelm\u0171en azt l\u00e1tjuk a saj\u00e1t \u00fcgyf\u00e9lk\u00f6r\u00fcnkben, hogy folyamatos a be\u00e1raml\u00e1s. Az Accorde Alapkezel\u0151, amely \u00e9pp csak most van t\u00fal az els\u0151 \u00fczleti \u00e9v\u00e9n (az alapjainak a nagy r\u00e9sze m\u00e9g ezt az id\u0151t sem t\u00f6lt\u00f6tte be) m\u00e1r k\u00f6zel 60 milli\u00e1rdos vagyont kezel. Hasonl\u00f3an nagyon jelent\u0151s n\u00f6veked\u00e9sen mennek kereszt\u00fcl a vagyonkezelt \u00e1llom\u00e1nyok, a private banking \u00e1llom\u00e1nyok \u00e9s az \u00fcgyfeleink nagyon \u00e9rdekl\u0151d\u0151ek. Id\u00e9n is akt\u00edvan viszonyulnak a megtakar\u00edt\u00e1saikhoz, keresik a lehet\u0151s\u00e9geket, id\u0151t sz\u00e1nnak arra, hogy a kolleg\u00e1inkkal err\u0151l besz\u00e9ljenek, vagy teljes eg\u00e9sz\u00e9ben r\u00e1nk b\u00edzz\u00e1k a d\u00f6nt\u00e9st vagyonkezel\u00e9si szerz\u0151d\u00e9sen kereszt\u00fcl. Ez az oldala, azt gondolom, hogy nagyon eg\u00e9szs\u00e9gesen fejl\u0151dik.<\/p>\n<p>A piac eg\u00e9sz\u00e9re n\u00e9zve a folyamat nem biztos hogy pont ezekkel a s\u00falyokkal mondhat\u00f3 el. Ugyanakkor a magyar gazdas\u00e1g a n\u00f6veked\u00e9s\u00e9t tekintve m\u00e9g el\u00e9g j\u00f3l \u00e1ll, a t\u0151kepiacon is az \u00e1rfolyamokat n\u00e9zve egy jelent\u0151s fel\u00e9rt\u00e9kel\u0151d\u00e9s k\u00f6vetkezett be. Sajnos a forgalom ezt messze nem k\u00f6vette le, de minden esetre j\u00f3l mutatja a magyar r\u00e9szv\u00e9nyek vonzerej\u00e9t, hogy megdupl\u00e1z\u00f3dtak az \u00e1rfolyamok. \u00daj rekord j\u00f6tt l\u00e9tre, teh\u00e1t a v\u00e1ls\u00e1g el\u0151tti szintre emelkedett a BUX-index is \u00e9s viszonylag stabil a k\u00f6tv\u00e9nypiac is. A befektet\u0151k sz\u00e1m\u00e1ra ez stabil, viszonylag gyenge kock\u00e1zatokkal b\u00edr\u00f3 k\u00f6zeget jelentett az elm\u00falt k\u00e9t \u00e9vben.<\/p><div id=\"gazda-100462393\" class=\"gazda-tartalomban gazda-entity-placement\"><script async src=\"https:\/\/pagead2.googlesyndication.com\/pagead\/js\/adsbygoogle.js\"><\/script>\r\n<ins class=\"adsbygoogle\"\r\n     style=\"display:block\"\r\n     data-ad-format=\"fluid\"\r\n     data-ad-layout-key=\"-6t+ed+2i-1n-4w\"\r\n     data-ad-client=\"ca-pub-1959107119989764\"\r\n     data-ad-slot=\"4008251320\"><\/ins>\r\n<script>\r\n     (adsbygoogle = window.adsbygoogle || []).push({});\r\n<\/script><\/div>\n<p><iframe loading=\"lazy\" width=\"509\" height=\"319\" src=\"http:\/\/gazdasagtv.hu\/iframe.php?id=10983\" style=\"border: none; overflow: hidden\" scrolling=\"no\"><\/iframe><br \/>Forr\u00e1s: <a href=\"http:\/\/gazdasagtv.hu\" style=\"color: #df1100; font-weight: bold; text-decoration: none;\" target=\"_blank\" rel=\"noopener\">Gazdas\u00e1gTV.hu<\/a><\/p>\n","protected":false},"excerpt":{"rendered":"<p>A c\u00e9g \u00fczleti eredm\u00e9nye tervszer\u0171en alakult a tavalyi \u00e9vben. Jaksity Gy\u00f6rgy eln\u00f6k elmond\u00e1sa szerint a v\u00e1llalatcsoport \u00e1rbev\u00e9teli oldala fejl\u0151d\u00f6tt \u00e9s \u00faj \u00fczleti szegmenseket fejlesztettek, mik\u00f6zben az &#8222;\u00e9p\u00edtkez\u00e9s&#8221; sok k\u00f6lts\u00e9ggel j\u00e1rt, a k\u00fcls\u0151 terhek n\u0151ttek, \u00edgy a nyeres\u00e9g stagn\u00e1lt.<\/p>\n","protected":false},"author":1,"featured_media":0,"comment_status":"open","ping_status":"closed","sticky":false,"template":"","format":"standard","meta":[],"categories":[19,7],"tags":[],"_links":{"self":[{"href":"https:\/\/gazdasagportal.hu\/index.php\/wp-json\/wp\/v2\/posts\/90719"}],"collection":[{"href":"https:\/\/gazdasagportal.hu\/index.php\/wp-json\/wp\/v2\/posts"}],"about":[{"href":"https:\/\/gazdasagportal.hu\/index.php\/wp-json\/wp\/v2\/types\/post"}],"author":[{"embeddable":true,"href":"https:\/\/gazdasagportal.hu\/index.php\/wp-json\/wp\/v2\/users\/1"}],"replies":[{"embeddable":true,"href":"https:\/\/gazdasagportal.hu\/index.php\/wp-json\/wp\/v2\/comments?post=90719"}],"version-history":[{"count":1,"href":"https:\/\/gazdasagportal.hu\/index.php\/wp-json\/wp\/v2\/posts\/90719\/revisions"}],"predecessor-version":[{"id":90720,"href":"https:\/\/gazdasagportal.hu\/index.php\/wp-json\/wp\/v2\/posts\/90719\/revisions\/90720"}],"wp:attachment":[{"href":"https:\/\/gazdasagportal.hu\/index.php\/wp-json\/wp\/v2\/media?parent=90719"}],"wp:term":[{"taxonomy":"category","embeddable":true,"href":"https:\/\/gazdasagportal.hu\/index.php\/wp-json\/wp\/v2\/categories?post=90719"},{"taxonomy":"post_tag","embeddable":true,"href":"https:\/\/gazdasagportal.hu\/index.php\/wp-json\/wp\/v2\/tags?post=90719"}],"curies":[{"name":"wp","href":"https:\/\/api.w.org\/{rel}","templated":true}]}}