{"id":90717,"date":"2017-03-03T14:00:18","date_gmt":"2017-03-03T13:00:18","guid":{"rendered":"http:\/\/gazdasagportal.hu\/?p=90717"},"modified":"2017-03-03T14:00:18","modified_gmt":"2017-03-03T13:00:18","slug":"otodik-generacios-mobil-halozatot-letesit-norvegiaban-a-telenor-es-a-huawei","status":"publish","type":"post","link":"https:\/\/gazdasagportal.hu\/index.php\/otodik-generacios-mobil-halozatot-letesit-norvegiaban-a-telenor-es-a-huawei\/","title":{"rendered":"\u00d6t\u00f6dik gener\u00e1ci\u00f3s mobil h\u00e1l\u00f3zatot l\u00e9tes\u00edt Norv\u00e9gi\u00e1ban a Telenor \u00e9s a Huawei"},"content":{"rendered":"<p><strong>\u00d6t\u00f6dik gener\u00e1ci\u00f3s mobil t\u00e1vk\u00f6zl\u00e9si h\u00e1l\u00f3zat norv\u00e9giai l\u00e9tes\u00edt\u00e9s\u00e9r\u0151l sz\u00f3l\u00f3 egy\u00fcttm\u0171k\u00f6d\u00e9si meg\u00e1llapod\u00e1st \u00edrt al\u00e1 a barcelonai Mobile World Congress mobli t\u00e1vk\u00f6zl\u00e9si technol\u00f3giai v\u00e1s\u00e1ron a Telenor mobil h\u00e1l\u00f3zati szolg\u00e1ltat\u00f3 \u00e9s a k\u00ednai Huawei mobil h\u00e1l\u00f3zati berendez\u00e9s gy\u00e1rt\u00f3 v\u00e1llalat &#8211; t\u00e1j\u00e9koztatta p\u00e9nteken az MTI-t a Telenor Magyarorsz\u00e1g.<\/strong><!--more--><\/p>\n<div class=\"ads-in-post1\"><div id=\"gazdasagportal.hu_fullbanner_wideboard\"><\/div>\r\n<\/div>\n<p>    Az \u00f6t\u00f6dik gener\u00e1ci\u00f3s (5G) mobil t\u00e1vk\u00f6zl\u00e9si h\u00e1l\u00f3zati technol\u00f3gia a jelenleg haszn\u00e1lt legmodernebb 4G technol\u00f3gia adat\u00e1tv\u00e9teli sebess\u00e9g\u00e9nek t\u00f6bbsz\u00f6r\u00f6s\u00e9t ny\u00fajtja \u00e9s ezzel alapjaiban lesz k\u00e9pes megv\u00e1ltoztatni a j\u00f6v\u0151 digit\u00e1lis t\u00e1vk\u00f6zl\u00e9si infrastrukt\u00far\u00e1j\u00e1t.<br \/>\n    Magnus Zetterberg, a Telenor Norway m\u0171szaki vez\u00e9rigazgat\u00f3-helyettese a fejleszt\u00e9si meg\u00e1llapod\u00e1sr\u00f3l kiadott k\u00f6zlem\u00e9nyben r\u00e1mutatott: az 5G amellett, hogy teljesen \u00faj, m\u00e9g soha nem tapasztalt mobil kapcsolattart\u00e1si \u00e9lm\u00e9nyt k\u00edn\u00e1l a felhaszn\u00e1l\u00f3k sz\u00e1m\u00e1ra, egy\u00fattal \u00faj technol\u00f3giai platformot is teremt a dolgok internet\u00e9ben (IoT) egym\u00e1shoz kapcsolt g\u00e9pek \u00e9s berendez\u00e9sek k\u00f6z\u00f6tti adatforgalom lebonyol\u00edt\u00e1s\u00e1hoz, p\u00e9ld\u00e1ul az intelligens k\u00f6zleked\u00e9sir\u00e1ny\u00edt\u00e1s, a h\u00e1l\u00f3zatra kapcsolt g\u00e9pj\u00e1rm\u0171vek, vagy az eg\u00e9szs\u00e9g\u00fcgyben a betegell\u00e1t\u00f3 k\u00e9sz\u00fcl\u00e9kek \u00e9s szenzorok k\u00f6z\u00f6tt, illetve az automatiz\u00e1lt, robottechnol\u00f3gi\u00e1val felszerelt gy\u00e1rt\u00f3sorok ir\u00e1ny\u00edt\u00e1s\u00e1hoz, a gy\u00e1rakban dolgoz\u00f3 emberek munk\u00e1j\u00e1nak t\u00e1mogat\u00e1s\u00e1hoz.<br \/>\n    A Telenor \u00e9s a Huawei \u00e9vek \u00f3ta egy\u00fcttm\u0171k\u00f6dik az 5G-technol\u00f3gia szabv\u00e1nyos\u00edt\u00e1s\u00e1ban, a mostani egy\u00fcttm\u0171k\u00f6d\u00e9snek k\u00f6sz\u00f6nhet\u0151en pedig a Telenor lehet az els\u0151 szolg\u00e1ltat\u00f3, amely 5G-szolg\u00e1ltat\u00e1st vezet be Norv\u00e9gi\u00e1ban &#8211; tette hozz\u00e1 a Telenor Norway m\u0171szaki vez\u00e9rigazgat\u00f3-helyettese. Elmondta: a Telenor az id\u00e9n kezdi meg az \u00f6t\u00f6dik gener\u00e1ci\u00f3s technol\u00f3gia tesztel\u00e9s\u00e9t, a h\u00e1l\u00f3zat \u00fczembe helyez\u00e9s\u00e9t pedig 2020-ra tervezi.<br \/>\n    A Telenor Magyarorsz\u00e1g 2016 v\u00e9g\u00e9n tesztelt sikerrel egy, a negyedik \u00e9s \u00f6t\u00f6dik gener\u00e1ci\u00f3s mobilinternet-h\u00e1l\u00f3zatok k\u00f6z\u00f6tti \u00e1tk\u00f6t\u00e9st lehet\u0151v\u00e9 t\u00e9v\u0151 technol\u00f3gi\u00e1t, ami megk\u00f6nny\u00edti az \u00faj technol\u00f3gia bevezet\u00e9s\u00e9t.<br \/>\n    A vil\u00e1g vezet\u0151 mobil h\u00e1l\u00f3zati berendez\u00e9s gy\u00e1rt\u00f3i intenz\u00edv fejleszt\u00e9si munk\u00e1val k\u00e9sz\u00fclnek az \u00faj, \u00f6t\u00f6dik gener\u00e1ci\u00f3s mobil technol\u00f3gia bevezet\u00e9s\u00e9re \u00e9s nagy verseng\u00e9s folyik k\u00f6z\u00f6tt\u00fck az els\u0151s\u00e9g\u00e9rt.<br \/>\n    A Nokia az \u00e9v v\u00e9g\u00e9n tervezi bevezetni az \u00f6t\u00f6dik gener\u00e1ci\u00f3s rendszerre val\u00f3 \u00e1t\u00e1ll\u00e1st megk\u00f6nny\u00edt\u0151 4,9G technol\u00f3gi\u00e1j\u00e1t.<br \/>\n    A Huawei tavaly novemberben mutatott be Jap\u00e1nban egy 5G-4G \u00e9l\u0151 4K k\u00e9pfelbont\u00e1s\u00fa t\u00e9v\u00e9k\u00f6zvet\u00edt\u00e9st, a Deutsche Telekom mobilszolg\u00e1ltat\u00f3val pedig decemberben demonstr\u00e1lt egy v\u00e9gpontok k\u00f6z\u00f6tti 5G adat\u00e1tviteli kapcsolatot. Az Orange mobilszolg\u00e1ltat\u00f3val az id\u00e9n febru\u00e1r k\u00f6zep\u00e9n l\u00e9pett 5G \u00e9s felh\u0151-technol\u00f3giai egy\u00fcttm\u0171k\u00f6d\u00e9sre, febru\u00e1r v\u00e9g\u00e9n pedig bemutatta els\u0151 5G router modellj\u00e9t.<br \/>\n    A sv\u00e9d Ericsson febru\u00e1rban jelentette be, hogy l\u00e9trehozta az els\u0151 v\u00e9gpontok k\u00f6z\u00f6tti (end-to-end) 5G tesztrendszert, mint a j\u00f6v\u0151beli 5G-szolg\u00e1ltat\u00e1sok \u00e1ltal\u00e1nos infrastrukt\u00far\u00e1j\u00e1t, \u00e9s sv\u00e9dorsz\u00e1gi laborat\u00f3rium\u00e1ban sikeresen tesztelte az SK Telecom Korea mobilszolg\u00e1ltat\u00f3val egy\u00fcttm\u0171k\u00f6d\u00e9sben.(MTI)<\/p>\n","protected":false},"excerpt":{"rendered":"<p>\u00d6t\u00f6dik gener\u00e1ci\u00f3s mobil t\u00e1vk\u00f6zl\u00e9si h\u00e1l\u00f3zat norv\u00e9giai l\u00e9tes\u00edt\u00e9s\u00e9r\u0151l sz\u00f3l\u00f3 egy\u00fcttm\u0171k\u00f6d\u00e9si meg\u00e1llapod\u00e1st \u00edrt al\u00e1 a barcelonai Mobile World Congress mobli t\u00e1vk\u00f6zl\u00e9si technol\u00f3giai v\u00e1s\u00e1ron a Telenor mobil h\u00e1l\u00f3zati szolg\u00e1ltat\u00f3 \u00e9s a k\u00ednai Huawei mobil h\u00e1l\u00f3zati berendez\u00e9s gy\u00e1rt\u00f3 v\u00e1llalat &#8211; t\u00e1j\u00e9koztatta p\u00e9nteken az MTI-t a Telenor Magyarorsz\u00e1g.<\/p>\n","protected":false},"author":1,"featured_media":0,"comment_status":"open","ping_status":"closed","sticky":false,"template":"","format":"standard","meta":[],"categories":[49],"tags":[],"_links":{"self":[{"href":"https:\/\/gazdasagportal.hu\/index.php\/wp-json\/wp\/v2\/posts\/90717"}],"collection":[{"href":"https:\/\/gazdasagportal.hu\/index.php\/wp-json\/wp\/v2\/posts"}],"about":[{"href":"https:\/\/gazdasagportal.hu\/index.php\/wp-json\/wp\/v2\/types\/post"}],"author":[{"embeddable":true,"href":"https:\/\/gazdasagportal.hu\/index.php\/wp-json\/wp\/v2\/users\/1"}],"replies":[{"embeddable":true,"href":"https:\/\/gazdasagportal.hu\/index.php\/wp-json\/wp\/v2\/comments?post=90717"}],"version-history":[{"count":1,"href":"https:\/\/gazdasagportal.hu\/index.php\/wp-json\/wp\/v2\/posts\/90717\/revisions"}],"predecessor-version":[{"id":90718,"href":"https:\/\/gazdasagportal.hu\/index.php\/wp-json\/wp\/v2\/posts\/90717\/revisions\/90718"}],"wp:attachment":[{"href":"https:\/\/gazdasagportal.hu\/index.php\/wp-json\/wp\/v2\/media?parent=90717"}],"wp:term":[{"taxonomy":"category","embeddable":true,"href":"https:\/\/gazdasagportal.hu\/index.php\/wp-json\/wp\/v2\/categories?post=90717"},{"taxonomy":"post_tag","embeddable":true,"href":"https:\/\/gazdasagportal.hu\/index.php\/wp-json\/wp\/v2\/tags?post=90717"}],"curies":[{"name":"wp","href":"https:\/\/api.w.org\/{rel}","templated":true}]}}