{"id":90715,"date":"2017-03-03T13:13:50","date_gmt":"2017-03-03T12:13:50","guid":{"rendered":"http:\/\/gazdasagportal.hu\/?p=90715"},"modified":"2017-03-03T13:13:50","modified_gmt":"2017-03-03T12:13:50","slug":"orban-viktor-adta-at-szigetszentmikloson-az-uj-igazgatasi-kozpontot","status":"publish","type":"post","link":"https:\/\/gazdasagportal.hu\/index.php\/orban-viktor-adta-at-szigetszentmikloson-az-uj-igazgatasi-kozpontot\/","title":{"rendered":"Orb\u00e1n Viktor adta \u00e1t Szigetszentmikl\u00f3son az \u00faj igazgat\u00e1si k\u00f6zpontot"},"content":{"rendered":"<p><strong>Ma d\u00e9lel\u0151tt maga a minisztereln\u00f6k adta \u00e1t az \u00faj Szigetszentmikl\u00f3si Igazgat\u00e1si K\u00f6zpont-ot. A kiemelt korm\u00e1nyzati beruh\u00e1z\u00e1sk\u00e9nt kezelt, t\u00f6bb mint 7 ezer n\u00e9gyzetm\u00e9teres, \u00f6sszesen 4,4 milli\u00e1rd forintb\u00f3l l\u00e9trej\u00f6tt beruh\u00e1z\u00e1s n\u00e9gy j\u00e1r\u00e1si k\u00f6zint\u00e9zm\u00e9nynek ad \u00faj otthont, \u00e9s m\u00e1rcius 6-t\u00f3l v\u00e1rhat\u00f3an havi 11 ezer \u00fcgyfelet fogad majd.<\/strong><!--more--><\/p>\n<div class=\"ads-in-post1\"><div id=\"gazdasagportal.hu_fullbanner_wideboard\"><\/div>\r\n<\/div>\n<p>Ma d\u00e9lel\u0151tt 11-kor Orb\u00e1n Viktor szem\u00e9lyesen adta \u00e1t az \u00faj Szigetszentmikl\u00f3si Igazgat\u00e1si K\u00f6zpontot. A minisztereln\u00f6k besz\u00e9d\u00e9ben kiemelte; a korm\u00e1ny olyan \u00e1llamot akar l\u00e9trehozni, ami \u00e9lvezi az emberek bizalm\u00e1t, \u00e9s seg\u00edti a polg\u00e1rok \u00e9s a v\u00e1llalkoz\u00e1sok boldogul\u00e1s\u00e1t. A c\u00e9l: alak\u00edtsuk \u00e1t a k\u00f6zigazgat\u00e1st \u00fagy, hogy m\u00e9lt\u00f3 legyen egy 1000 \u00e9ves \u00e1llamhoz, \u00e9s egy\u00fattal korszer\u0171 is legyen. Hangs\u00falyozta, egy digit\u00e1lis kor hajnal\u00e1t \u00e9lj\u00fck, \u00e9s a k\u00f6zigazgat\u00e1snak meg kell felelnie az \u00faj elv\u00e1r\u00e1soknak.<\/p>\n<p>Az \u00faj, \u00f6sszesen t\u00f6bb mint 7000 n\u00e9gyzetm\u00e9ter hasznos ter\u00fclet\u0171 \u00e9p\u00fclet n\u00e9gy int\u00e9zm\u00e9nynek ad otthont. Ide k\u00f6lt\u00f6zik a Szigetszentmikl\u00f3si J\u00e1r\u00e1si Hivatal, a Szigetszentmikl\u00f3si J\u00e1r\u00e1sb\u00edr\u00f3s\u00e1g, a Szigetszentmikl\u00f3si J\u00e1r\u00e1si \u00dcgy\u00e9szs\u00e9g, valamint a Szigetszentmikl\u00f3si Rend\u0151rs\u00e9g is. A j\u00e1r\u00e1si hivatalban 12 munka\u00e1llom\u00e1sos korm\u00e1nyablakot is kialak\u00edtottak, de helyet kap egy foglalkoztat\u00e1s\u00fcgyi \u00e9s egy n\u00e9peg\u00e9szs\u00e9g\u00fcgyi kirendelts\u00e9g is. Az \u00faj, \u00f6sszesen 3650 n\u00e9gyzetm\u00e9teres irodat\u00e9rben \u00f6sszesen 270 ember dolgozik majd \u2013 ismertette az \u00faj ingatlan funkci\u00f3it Varga Bal\u00e1zs, a Pest Megyei Korm\u00e1nyhivatal P\u00e9nz\u00fcgyi \u00e9s Gazd\u00e1lkod\u00e1si F\u0151oszt\u00e1ly\u00e1nak vezet\u0151je. Az \u00faj k\u00f6zpontban t\u00f6bbek k\u00f6z\u00f6tt postapont \u00e9s k\u00e9szp\u00e9nzes csekkbefizet\u0151 automata is szolg\u00e1lja az \u00fcgyfeleket, de eleve k\u00e9nyelmes, hogy a fenti int\u00e9zm\u00e9nyek egy helyen \u00e9rhet\u0151k el. Az \u00faj k\u00f6zpont a kor\u00e1bbi tapasztalatok alapj\u00e1n 11 ezer \u00fcgyfelet szolg\u00e1l majd ki minden h\u00f3napban.<\/p><div id=\"gazda-4125429732\" class=\"gazda-tartalomban gazda-entity-placement\"><script async src=\"https:\/\/pagead2.googlesyndication.com\/pagead\/js\/adsbygoogle.js\"><\/script>\r\n<ins class=\"adsbygoogle\"\r\n     style=\"display:block\"\r\n     data-ad-format=\"fluid\"\r\n     data-ad-layout-key=\"-6t+ed+2i-1n-4w\"\r\n     data-ad-client=\"ca-pub-1959107119989764\"\r\n     data-ad-slot=\"4008251320\"><\/ins>\r\n<script>\r\n     (adsbygoogle = window.adsbygoogle || []).push({});\r\n<\/script><\/div>\n<p>A volt Csepel Aut\u00f3gy\u00e1r ter\u00fclet\u00e9n \u00e1ll\u00f3 ingatlan m\u00e9g az 1940-es \u00e9vek elej\u00e9n \u00e9p\u00fclt, a gy\u00e1r igazgat\u00e1si \u00e9p\u00fcletek\u00e9nt, \u00e9s sok\u00e1ig romos \u00e1llapotban volt. Tart\u00f3szerkezete azonban j\u00f3 \u00e1llapotban maradt fenn, \u00e9s m\u00e9rete, kialak\u00edt\u00e1sa miatt alkalmas volt a rekonstrukci\u00f3ra \u00e9s az \u00faj funkci\u00f3k bet\u00f6lt\u00e9s\u00e9re \u2013 ismertette az el\u0151zm\u00e9nyeket Grabarics G\u00e1bor, a kivitelez\u00e9s jog\u00e1t p\u00e1ly\u00e1zaton elnyert Grabarics \u00c9p\u00edt\u0151ipari Kft. \u00a0c\u00e9gvezet\u0151je. Ezt v\u00e1s\u00e1rolta meg a Magyar \u00c1llam, \u00e9s ennek \u00fajj\u00e1\u00e9p\u00edt\u00e9s\u00e9t kezdte meg a nyertes c\u00e9g 2015 augusztus\u00e1ban, hogy 10 h\u00f3nap m\u00falva megkezd\u0151dhessen az A+ min\u0151s\u00edt\u00e9s\u0171, l\u00e9nyeg\u00e9ben \u00faj iroda\u00e9p\u00fclet birtokbav\u00e9tele. Az \u00e9p\u00fclet fel\u00faj\u00edt\u00e1sa tervez\u00e9ssel egy\u00fctt mintegy 2,5 milli\u00e1rd forintba ker\u00fclt.<\/p>\n<p>A munka sor\u00e1n a komplexum \u00faj \u00e9p\u00fcletg\u00e9p\u00e9szetet \u00e9s villamosh\u00e1l\u00f3zatot, tet\u0151szerkezetet \u00e9s\u00a0 h\u00e1romr\u00e9teg\u0171 ny\u00edl\u00e1sz\u00e1r\u00f3kat kapott. A j\u00f3l szigetelt tet\u0151n 111 napelemet is elhelyeztek. Ez a korszer\u0171, elektromos f\u0171t\u0151-h\u0171t\u0151 rendszerrel egy\u00fctt (a g\u00e1z nincs bevezetve) jelent\u0151sen hozz\u00e1j\u00e1rul az \u00e9p\u00fclet \u00f6kol\u00f3giai l\u00e1bnyom\u00e1nak cs\u00f6kkent\u00e9s\u00e9hez, \u00e9s jelent\u0151sen reduk\u00e1lja az \u00fczemeltet\u00e9s k\u00f6lts\u00e9geit. Term\u00e9szetesen a teljes \u00e9p\u00fclet akad\u00e1lymentes.<\/p>\n<p>Az irod\u00e1k mellett 116 f\u00e9r\u0151helyes parkol\u00f3t alak\u00edtottak ki, \u00e9s t\u00f6bb mint 2500 nm z\u00f6ld ter\u00fclet j\u00f6tt l\u00e9tre 38 \u00faj f\u00e1val \u00e9s t\u00f6bb mint 2000 cserj\u00e9vel.<\/p>\n","protected":false},"excerpt":{"rendered":"<p>Ma d\u00e9lel\u0151tt maga a minisztereln\u00f6k adta \u00e1t az \u00faj Szigetszentmikl\u00f3si Igazgat\u00e1si K\u00f6zpont-ot. A kiemelt korm\u00e1nyzati beruh\u00e1z\u00e1sk\u00e9nt kezelt, t\u00f6bb mint 7 ezer n\u00e9gyzetm\u00e9teres, \u00f6sszesen 4,4 milli\u00e1rd forintb\u00f3l l\u00e9trej\u00f6tt beruh\u00e1z\u00e1s n\u00e9gy j\u00e1r\u00e1si k\u00f6zint\u00e9zm\u00e9nynek ad \u00faj otthont, \u00e9s m\u00e1rcius 6-t\u00f3l v\u00e1rhat\u00f3an havi 11 ezer \u00fcgyfelet fogad majd.<\/p>\n","protected":false},"author":1,"featured_media":0,"comment_status":"open","ping_status":"closed","sticky":false,"template":"","format":"standard","meta":[],"categories":[4],"tags":[],"_links":{"self":[{"href":"https:\/\/gazdasagportal.hu\/index.php\/wp-json\/wp\/v2\/posts\/90715"}],"collection":[{"href":"https:\/\/gazdasagportal.hu\/index.php\/wp-json\/wp\/v2\/posts"}],"about":[{"href":"https:\/\/gazdasagportal.hu\/index.php\/wp-json\/wp\/v2\/types\/post"}],"author":[{"embeddable":true,"href":"https:\/\/gazdasagportal.hu\/index.php\/wp-json\/wp\/v2\/users\/1"}],"replies":[{"embeddable":true,"href":"https:\/\/gazdasagportal.hu\/index.php\/wp-json\/wp\/v2\/comments?post=90715"}],"version-history":[{"count":1,"href":"https:\/\/gazdasagportal.hu\/index.php\/wp-json\/wp\/v2\/posts\/90715\/revisions"}],"predecessor-version":[{"id":90716,"href":"https:\/\/gazdasagportal.hu\/index.php\/wp-json\/wp\/v2\/posts\/90715\/revisions\/90716"}],"wp:attachment":[{"href":"https:\/\/gazdasagportal.hu\/index.php\/wp-json\/wp\/v2\/media?parent=90715"}],"wp:term":[{"taxonomy":"category","embeddable":true,"href":"https:\/\/gazdasagportal.hu\/index.php\/wp-json\/wp\/v2\/categories?post=90715"},{"taxonomy":"post_tag","embeddable":true,"href":"https:\/\/gazdasagportal.hu\/index.php\/wp-json\/wp\/v2\/tags?post=90715"}],"curies":[{"name":"wp","href":"https:\/\/api.w.org\/{rel}","templated":true}]}}