{"id":90712,"date":"2017-03-03T12:41:10","date_gmt":"2017-03-03T11:41:10","guid":{"rendered":"http:\/\/gazdasagportal.hu\/?p=90712"},"modified":"2017-03-03T12:41:10","modified_gmt":"2017-03-03T11:41:10","slug":"mfb-indikator-ev-vegere-felerosodott-a-vallalati-beruhazasi-kedv","status":"publish","type":"post","link":"https:\/\/gazdasagportal.hu\/index.php\/mfb-indikator-ev-vegere-felerosodott-a-vallalati-beruhazasi-kedv\/","title":{"rendered":"MFB-indik\u00e1tor: \u00e9v v\u00e9g\u00e9re feler\u0151s\u00f6d\u00f6tt a v\u00e1llalati beruh\u00e1z\u00e1si kedv"},"content":{"rendered":"<p><strong>A tavalyi \u00e9v v\u00e9g\u00e9re feler\u0151s\u00f6d\u00f6tt a v\u00e1llalati beruh\u00e1z\u00e1si kedv: m\u00edg 2015 \u0151sz\u00e9n a magyarorsz\u00e1gi v\u00e1llalkoz\u00e1soknak alig t\u00f6bb mint negyede jelezte hat\u00e1rozottan, hogy fejleszteni fog a k\u00f6vetkez\u0151 12 h\u00f3napban, 2016 v\u00e9g\u00e9re a beruh\u00e1z\u00e1si sz\u00e1nd\u00e9kot jelz\u0151 c\u00e9gek ar\u00e1nya 37,2 sz\u00e1zal\u00e9kra emelkedett, a beruh\u00e1z\u00e1st val\u00f3sz\u00edn\u0171leg \u00e9s biztosan tervez\u0151k egy\u00fcttes h\u00e1nyada pedig egy \u00e9v alatt 6,6 sz\u00e1zal\u00e9kponttal 67,9 sz\u00e1zal\u00e9kra n\u0151tt. <\/strong><!--more--><\/p>\n<div class=\"ads-in-post1\"><div id=\"gazdasagportal.hu_fullbanner_wideboard\"><\/div>\r\n<\/div>\n<p>    A Magyar Fejleszt\u00e9si Bank (MFB) az MFB-indik\u00e1tor elnevez\u00e9s\u0171 v\u00e1llalati felm\u00e9r\u00e9s\u00e9nek eredm\u00e9nyeit p\u00e9nteken k\u00fcldte meg az MTI-nek. Valamennyi szektorban \u00e9s &#8211; a k\u00f6z\u00e9pv\u00e1llalatok kiv\u00e9tel\u00e9vel &#8211; minden m\u00e9retkateg\u00f3ri\u00e1ban er\u0151s\u00f6d\u00f6tt a beruh\u00e1z\u00e1si sz\u00e1nd\u00e9k. A legut\u00f3bbi, 2016. november-decemberi imm\u00e1r 13. felm\u00e9r\u00e9s k\u00e9rd\u0151\u00edv\u00e9t 1887 v\u00e1llalat t\u00f6lt\u00f6tte ki \u00e9s k\u00fcldte vissza, az eredm\u00e9nyek ki\u00e9rt\u00e9kel\u00e9se 1469 v\u00e1llalkoz\u00e1s 59 k\u00e9rd\u00e9sre adott v\u00e1laszai alapj\u00e1n t\u00f6rt\u00e9nt.<br \/>\n    A felm\u00e9r\u00e9s t\u00f6rt\u00e9net\u00e9ben kor\u00e1bban nem tapasztalt szintre, 22,2 sz\u00e1zal\u00e9kra emelkedett a kapacit\u00e1shi\u00e1nnyal k\u00fczd\u0151 c\u00e9gek r\u00e9szar\u00e1nya, a kihaszn\u00e1latlan er\u0151forr\u00e1sokr\u00f3l besz\u00e1mol\u00f3 v\u00e1llalatok h\u00e1nyada (24,9 sz\u00e1zal\u00e9k) pedig \u00faj m\u00e9lypontra s\u00fcllyedt, \u00edgy \u00f6sszess\u00e9g\u00e9ben a beruh\u00e1z\u00e1si kedv \u00e9l\u00e9nk\u00fcl\u00e9s\u00e9hez hozz\u00e1j\u00e1rult a termel\u00e9si er\u0151forr\u00e1sok kihaszn\u00e1lts\u00e1g\u00e1nak alakul\u00e1sa is.<br \/>\n    A v\u00e1llalati sz\u00e1nd\u00e9kok alapj\u00e1n a felm\u00e9r\u00e9st k\u00f6vet\u0151 12 h\u00f3napban, azaz 2017-ben 13,2 sz\u00e1zal\u00e9kkal emelkedhet a magyarorsz\u00e1gi beruh\u00e1z\u00e1sok volumene \u00e9ves szinten az MFB szerint.<br \/>\n    A tervbe vett beruh\u00e1z\u00e1sok \u00f6sszet\u00e9tele az elm\u00falt k\u00e9t \u00e9s f\u00e9l \u00e9vben l\u00e9nyeg\u00e9ben nem v\u00e1ltozott: a v\u00e1llalkoz\u00e1sok k\u00e9tharmada tervez g\u00e9p-, eszk\u00f6zv\u00e1s\u00e1rl\u00e1st, fele informatikai fejleszt\u00e9st, harmada ingatlan \u00e9p\u00edt\u00e9st, negyede energetikai beruh\u00e1z\u00e1st, illetve oktat\u00e1st, k\u00e9pz\u00e9st, k\u00e9szs\u00e9gfejleszt\u00e9st. A beruh\u00e1z\u00e1si kedv \u00e9l\u00e9nk\u00fcl\u00e9s\u00e9vel valamennyi beruh\u00e1z\u00e1si ir\u00e1ny eml\u00edt\u00e9se n\u0151tt az egy \u00e9vvel kor\u00e1bbi felm\u00e9r\u00e9s \u00f3ta.<br \/>\n    A 2017-ben tervezett beruh\u00e1z\u00e1sokt\u00f3l a v\u00e1llalatok \u00e1ltal v\u00e1rt pozit\u00edv t\u00e1rsadalmi, k\u00f6rnyezeti, gazdas\u00e1gi hat\u00e1sok sor\u00e1ban a munkahelyteremt\u00e9s szerepel az els\u0151 helyen, melyet a k\u00f6rnyezetbar\u00e1t termel\u00e9si technol\u00f3gia alkalmaz\u00e1sa, valamint a munkaer\u0151 k\u00e9pzetts\u00e9g\u00e9nek jav\u00edt\u00e1sa k\u00f6vet.<br \/>\n    A v\u00e1llalatok a beruh\u00e1z\u00e1si cikkek \u00e1r\u00e1t, a saj\u00e1t forr\u00e1s hi\u00e1ny\u00e1t valamint a p\u00e9nzint\u00e9zetek fedezeti k\u00f6vetelm\u00e9nyeit eml\u00edtett\u00e9k a legf\u0151bb fejleszt\u00e9si korl\u00e1tok k\u00f6z\u00f6tt. Valamennyi beruh\u00e1z\u00e1si akad\u00e1ly m\u00e9rs\u00e9kl\u0151d\u00f6tt a felm\u00e9r\u00e9st megel\u0151z\u0151 egy \u00e9vben a c\u00e9gek besz\u00e1mol\u00f3i szerint.<br \/>\n    A 2017-ben fejleszt\u00e9st tervez\u0151 v\u00e1llalatok k\u00e9tharmada szeretne vissza nem t\u00e9r\u00edtend\u0151 t\u00e1mogat\u00e1shoz jutni. A beruh\u00e1z\u00e1st tervez\u0151 v\u00e1llalatok fele kedvezm\u00e9nyes hitelt szeretne ig\u00e9nybe venni egy \u00e9ven bel\u00fcl. Piaci hitelt minden hatodik c\u00e9g akar felvenni, k\u00fcls\u0151 t\u0151ke bevon\u00e1s\u00e1t 4,6 sz\u00e1zal\u00e9kuk tervezi.<br \/>\n    A fejleszt\u00e9si elk\u00e9pzel\u00e9sekkel rendelkez\u0151 magyarorsz\u00e1gi v\u00e1llalatok \u00e1ltal 2017-ben ig\u00e9nyelni tervezett beruh\u00e1z\u00e1si k\u00f6lcs\u00f6n\u00f6k medi\u00e1nja 35 milli\u00f3 forint, ami 7 milli\u00f3 forinttal magasabb, mint egy \u00e9vvel kor\u00e1bban.<br \/>\n    A 2016 \u0151sz\u00e9t megel\u0151z\u0151 12 h\u00f3napban a magyarorsz\u00e1gi v\u00e1llalatok 72,4 sz\u00e1zal\u00e9ka v\u00e9gzett valamilyen fejleszt\u00e9st. A c\u00e9gek beruh\u00e1z\u00e1si aktivit\u00e1sa kism\u00e9rt\u00e9kben elmaradt az \u00e1ltaluk tervezett\u0151l: a megk\u00e9rdezettek 16,4 sz\u00e1zal\u00e9ka a tervezettn\u00e9l nagyobb volumenben, 54,5 sz\u00e1zal\u00e9ka a megc\u00e9lzottal megegyez\u0151 \u00f6sszegben, 28,2 sz\u00e1zal\u00e9ka pedig a sz\u00e1nd\u00e9koltn\u00e1l kisebb \u00f6sszegben hajtott v\u00e9gre beruh\u00e1z\u00e1st a felm\u00e9r\u00e9st megel\u0151z\u0151 egy \u00e9v sor\u00e1n. A v\u00e1llalatok \u00e1ltal tervezett \u00e9s a v\u00e9grehajtott beruh\u00e1z\u00e1sok medi\u00e1nja 8, illetve 6 milli\u00f3 forint volt a teljes sokas\u00e1gban, m\u00edg a beruh\u00e1z\u00e1st v\u00e9gz\u0151kre sz\u0171k\u00edtve 20, illetve 15 milli\u00f3 forint.(MTI)<\/p>\n","protected":false},"excerpt":{"rendered":"<p>A tavalyi \u00e9v v\u00e9g\u00e9re feler\u0151s\u00f6d\u00f6tt a v\u00e1llalati beruh\u00e1z\u00e1si kedv: m\u00edg 2015 \u0151sz\u00e9n a magyarorsz\u00e1gi v\u00e1llalkoz\u00e1soknak alig t\u00f6bb mint negyede jelezte hat\u00e1rozottan, hogy fejleszteni fog a k\u00f6vetkez\u0151 12 h\u00f3napban, 2016 v\u00e9g\u00e9re a beruh\u00e1z\u00e1si sz\u00e1nd\u00e9kot jelz\u0151 c\u00e9gek ar\u00e1nya 37,2 sz\u00e1zal\u00e9kra emelkedett, a beruh\u00e1z\u00e1st val\u00f3sz\u00edn\u0171leg \u00e9s biztosan tervez\u0151k egy\u00fcttes h\u00e1nyada pedig egy \u00e9v alatt 6,6 sz\u00e1zal\u00e9kponttal 67,9 sz\u00e1zal\u00e9kra &#8230;<\/p>\n","protected":false},"author":1,"featured_media":0,"comment_status":"open","ping_status":"closed","sticky":false,"template":"","format":"standard","meta":[],"categories":[19],"tags":[],"_links":{"self":[{"href":"https:\/\/gazdasagportal.hu\/index.php\/wp-json\/wp\/v2\/posts\/90712"}],"collection":[{"href":"https:\/\/gazdasagportal.hu\/index.php\/wp-json\/wp\/v2\/posts"}],"about":[{"href":"https:\/\/gazdasagportal.hu\/index.php\/wp-json\/wp\/v2\/types\/post"}],"author":[{"embeddable":true,"href":"https:\/\/gazdasagportal.hu\/index.php\/wp-json\/wp\/v2\/users\/1"}],"replies":[{"embeddable":true,"href":"https:\/\/gazdasagportal.hu\/index.php\/wp-json\/wp\/v2\/comments?post=90712"}],"version-history":[{"count":1,"href":"https:\/\/gazdasagportal.hu\/index.php\/wp-json\/wp\/v2\/posts\/90712\/revisions"}],"predecessor-version":[{"id":90714,"href":"https:\/\/gazdasagportal.hu\/index.php\/wp-json\/wp\/v2\/posts\/90712\/revisions\/90714"}],"wp:attachment":[{"href":"https:\/\/gazdasagportal.hu\/index.php\/wp-json\/wp\/v2\/media?parent=90712"}],"wp:term":[{"taxonomy":"category","embeddable":true,"href":"https:\/\/gazdasagportal.hu\/index.php\/wp-json\/wp\/v2\/categories?post=90712"},{"taxonomy":"post_tag","embeddable":true,"href":"https:\/\/gazdasagportal.hu\/index.php\/wp-json\/wp\/v2\/tags?post=90712"}],"curies":[{"name":"wp","href":"https:\/\/api.w.org\/{rel}","templated":true}]}}