{"id":90624,"date":"2017-03-01T11:19:19","date_gmt":"2017-03-01T10:19:19","guid":{"rendered":"http:\/\/gazdasagportal.hu\/?p=90624"},"modified":"2017-03-01T11:19:20","modified_gmt":"2017-03-01T10:19:20","slug":"mabisz-ejfelig-meg-be-lehet-fizetni-a-kotelezot","status":"publish","type":"post","link":"https:\/\/gazdasagportal.hu\/index.php\/mabisz-ejfelig-meg-be-lehet-fizetni-a-kotelezot\/","title":{"rendered":"Mabisz: \u00e9jf\u00e9lig m\u00e9g be lehet fizetni a k\u00f6telez\u0151t"},"content":{"rendered":"<p><strong>Szerda \u00e9jf\u00e9lig m\u00e9g van lehet\u0151s\u00e9g\u00fck befizetni a k\u00f6telez\u0151 g\u00e9pj\u00e1rm\u0171-felel\u0151ss\u00e9gbiztos\u00edt\u00e1st (kgfb) azoknak, akiknek janu\u00e1r elsej\u00e9n volt a biztos\u00edt\u00e1si \u00e9vfordul\u00f3juk &#8211; mondta a Magyar Biztos\u00edt\u00f3k Sz\u00f6vets\u00e9ge (Mabisz) sz\u00f3viv\u0151je szerd\u00e1n az M1 aktu\u00e1lis csatorn\u00e1n.<\/strong><!--more--><\/p>\n<div class=\"ads-in-post1\"><div id=\"gazdasagportal.hu_fullbanner_wideboard\"><\/div>\r\n<\/div>\n<p>    Gily\u00e9n \u00c1gnes hozz\u00e1tette, ekkor j\u00e1r le a 60 napos t\u00fcrelmi id\u0151 v\u00e9ge. A janu\u00e1ri \u00e9vfordul\u00f3 m\u00e1r csak az aut\u00f3sok 37 sz\u00e1zal\u00e9k\u00e1t \u00e9rinti, m\u00edg kor\u00e1bban mindenkin\u00e9l ez volt az \u00e9vfordul\u00f3 &#8211; jegyezte meg.<br \/>\n    Aki elmulasztja a m\u00e1rcius elsejei hat\u00e1rid\u0151t a biztos\u00edt\u00e1si d\u00edj befizet\u00e9s\u00e9re, megsz\u0171nik a szerz\u0151d\u00e9se, majd ugyanann\u00e1l a biztos\u00edt\u00f3n\u00e1l \u00fajra kell k\u00f6tni, de elvesz\u00edti b\u00f3nuszfokozatait \u00e9s fedezetlens\u00e9gi d\u00edjat is fizetnie kell. Legnagyobb kock\u00e1zat az, hogy az okozott k\u00e1rt mag\u00e1nak kell megt\u00e9r\u00edteni &#8211; h\u00edvta fel a figyelmet.<br \/>\n    Elmondta azt is, hogy nem sz\u00e1m\u00edt szab\u00e1lyszeg\u00e9snek, ha nincs a sof\u0151rn\u00e9l a kgfb befizet\u00e9s\u00e9r\u0151l sz\u00f3l\u00f3 igazol\u00e1s, de aj\u00e1nlott, hogy k\u00e9zn\u00e9l legyen, mert ha esetleg hib\u00e1s adatk\u00f6zl\u00e9s miatt nem szerepel a k\u00f6zponti rendszerben a biztos\u00edt\u00e1s, akkor j\u00f3l j\u00f6n egy bizony\u00edt\u00f3 erej\u0171 dokumentum.(MTI)<\/p>\n","protected":false},"excerpt":{"rendered":"<p>Szerda \u00e9jf\u00e9lig m\u00e9g van lehet\u0151s\u00e9g\u00fck befizetni a k\u00f6telez\u0151 g\u00e9pj\u00e1rm\u0171-felel\u0151ss\u00e9gbiztos\u00edt\u00e1st (kgfb) azoknak, akiknek janu\u00e1r elsej\u00e9n volt a biztos\u00edt\u00e1si \u00e9vfordul\u00f3juk &#8211; mondta a Magyar Biztos\u00edt\u00f3k Sz\u00f6vets\u00e9ge (Mabisz) sz\u00f3viv\u0151je szerd\u00e1n az M1 aktu\u00e1lis csatorn\u00e1n.<\/p>\n","protected":false},"author":1,"featured_media":0,"comment_status":"open","ping_status":"closed","sticky":false,"template":"","format":"standard","meta":[],"categories":[4],"tags":[],"_links":{"self":[{"href":"https:\/\/gazdasagportal.hu\/index.php\/wp-json\/wp\/v2\/posts\/90624"}],"collection":[{"href":"https:\/\/gazdasagportal.hu\/index.php\/wp-json\/wp\/v2\/posts"}],"about":[{"href":"https:\/\/gazdasagportal.hu\/index.php\/wp-json\/wp\/v2\/types\/post"}],"author":[{"embeddable":true,"href":"https:\/\/gazdasagportal.hu\/index.php\/wp-json\/wp\/v2\/users\/1"}],"replies":[{"embeddable":true,"href":"https:\/\/gazdasagportal.hu\/index.php\/wp-json\/wp\/v2\/comments?post=90624"}],"version-history":[{"count":1,"href":"https:\/\/gazdasagportal.hu\/index.php\/wp-json\/wp\/v2\/posts\/90624\/revisions"}],"predecessor-version":[{"id":90625,"href":"https:\/\/gazdasagportal.hu\/index.php\/wp-json\/wp\/v2\/posts\/90624\/revisions\/90625"}],"wp:attachment":[{"href":"https:\/\/gazdasagportal.hu\/index.php\/wp-json\/wp\/v2\/media?parent=90624"}],"wp:term":[{"taxonomy":"category","embeddable":true,"href":"https:\/\/gazdasagportal.hu\/index.php\/wp-json\/wp\/v2\/categories?post=90624"},{"taxonomy":"post_tag","embeddable":true,"href":"https:\/\/gazdasagportal.hu\/index.php\/wp-json\/wp\/v2\/tags?post=90624"}],"curies":[{"name":"wp","href":"https:\/\/api.w.org\/{rel}","templated":true}]}}